{"id":648716,"date":"2026-01-08T05:32:38","date_gmt":"2026-01-08T05:32:38","guid":{"rendered":"https:\/\/www.europesays.com\/fr\/648716\/"},"modified":"2026-01-08T05:32:38","modified_gmt":"2026-01-08T05:32:38","slug":"la-rn88-fermee-3-nuits-cette-semaine","status":"publish","type":"post","link":"https:\/\/www.europesays.com\/fr\/648716\/","title":{"rendered":"la RN88 ferm\u00e9e 3 nuits cette semaine"},"content":{"rendered":"<p><img decoding=\"async\" class=\"\" style=\"width:100%\" src=\"https:\/\/www.europesays.com\/fr\/wp-content\/uploads\/2026\/01\/RN88_Saint_chamond1767622499639.png\" alt=\"La RN88 \u00e0 Saint-Chamond.\"\/><\/p>\n<p>La RN88 \u00e0 Saint-Chamond.<\/p>\n<p>Cr\u00e9dit : Capture Google maps.<\/p>\n<p>Vigilance si vous empruntez habituellement l&rsquo;autoroute entre Saint-\u00c9tienne et Lyon en fin de soir\u00e9e. La RN 88 (juste avant la jonction avec l&rsquo;A47) sera coup\u00e9e \u00e0 la circulation, les nuits de mardi, mercredi et jeudi, de 21 heures, \u00e0 5 heures le lendemain, en direction du Rh\u00f4ne. Ce sera au niveau de la Varizelle \u00e0 Saint-Chamond o\u00f9 le chantier de l\u2019\u00e9changeur se poursuit.<\/p>\n<p>Une d\u00e9viation entre les \u00e9changeurs 17 \u00ab La Varizelle \u00bb et 16 \u00ab Izieux \u00bb sera mise en place.<\/p>\n","protected":false},"excerpt":{"rendered":"La RN88 \u00e0 Saint-Chamond. Cr\u00e9dit : Capture Google maps. Vigilance si vous empruntez habituellement l&rsquo;autoroute entre Saint-\u00c9tienne et&hellip;\n","protected":false},"author":2,"featured_media":648717,"comment_status":"","ping_status":"","sticky":false,"template":"","format":"standard","meta":{"footnotes":""},"categories":[9653],"tags":[75391,1111,11,6955,2430,1777,674,1011,27,2428,12,25,75390,9669,4001,2086],"class_list":{"0":"post-648716","1":"post","2":"type-post","3":"status-publish","4":"format-standard","5":"has-post-thumbnail","7":"category-saint-etienne","8":"tag-a_47","9":"tag-actu","10":"tag-actualites","11":"tag-autoroute","12":"tag-auvergne-rhone-alpes","13":"tag-eu","14":"tag-europe","15":"tag-fr","16":"tag-france","17":"tag-lyon","18":"tag-news","19":"tag-republique-francaise","20":"tag-rn_88","21":"tag-saint-chamond","22":"tag-saint-etienne","23":"tag-travaux"},"share_on_mastodon":{"url":"https:\/\/pubeurope.com\/@fr\/115857846756316570","error":""},"_links":{"self":[{"href":"https:\/\/www.europesays.com\/fr\/wp-json\/wp\/v2\/posts\/648716","targetHints":{"allow":["GET"]}}],"collection":[{"href":"https:\/\/www.europesays.com\/fr\/wp-json\/wp\/v2\/posts"}],"about":[{"href":"https:\/\/www.europesays.com\/fr\/wp-json\/wp\/v2\/types\/post"}],"author":[{"embeddable":true,"href":"https:\/\/www.europesays.com\/fr\/wp-json\/wp\/v2\/users\/2"}],"replies":[{"embeddable":true,"href":"https:\/\/www.europesays.com\/fr\/wp-json\/wp\/v2\/comments?post=648716"}],"version-history":[{"count":0,"href":"https:\/\/www.europesays.com\/fr\/wp-json\/wp\/v2\/posts\/648716\/revisions"}],"wp:featuredmedia":[{"embeddable":true,"href":"https:\/\/www.europesays.com\/fr\/wp-json\/wp\/v2\/media\/648717"}],"wp:attachment":[{"href":"https:\/\/www.europesays.com\/fr\/wp-json\/wp\/v2\/media?parent=648716"}],"wp:term":[{"taxonomy":"category","embeddable":true,"href":"https:\/\/www.europesays.com\/fr\/wp-json\/wp\/v2\/categories?post=648716"},{"taxonomy":"post_tag","embeddable":true,"href":"https:\/\/www.europesays.com\/fr\/wp-json\/wp\/v2\/tags?post=648716"}],"curies":[{"name":"wp","href":"https:\/\/api.w.org\/{rel}","templated":true}]}}