{"id":648718,"date":"2026-01-08T05:33:23","date_gmt":"2026-01-08T05:33:23","guid":{"rendered":"https:\/\/www.europesays.com\/fr\/648718\/"},"modified":"2026-01-08T05:33:23","modified_gmt":"2026-01-08T05:33:23","slug":"soldes-dhiver-le-centre-ville-de-saint-etienne-au-rendez-vous-des-louverture","status":"publish","type":"post","link":"https:\/\/www.europesays.com\/fr\/648718\/","title":{"rendered":"Soldes d\u2019hiver : le centre-ville de Saint-\u00c9tienne au rendez-vous d\u00e8s l\u2019ouverture"},"content":{"rendered":"<p>Les soldes d\u2019hiver ont d\u00e9but\u00e9 ce mercredi matin \u00e0 Saint-\u00c9tienne. Clients et commer\u00e7ants \u00e9taient d\u00e9j\u00e0 mobilis\u00e9s d\u00e8s les premi\u00e8res heures pour profiter des bonnes affaires et lancer une p\u00e9riode cl\u00e9 pour le commerce local. &#13;\n<\/p>\n<p>D\u00e8s l\u2019ouverture des commerces, alors certains peaufinent leur devantures et \u00e9tales, les premiers clients \u00e9taient d\u00e9j\u00e0 au rendez-vous dans le quartier de la rue Michelet, art\u00e8re commer\u00e7ante embl\u00e9matique du centre-ville.\u00a0<\/p>\n<p><strong>Des clients pr\u00e9sents d\u00e8s l\u2019ouverture<\/strong><\/p>\n<p>Jacqueline, que tout le monde appelle \u201cJacquote\u201d, habitante de Saint-\u00c9tienne, n\u2019a pas h\u00e9sit\u00e9 \u00e0 venir t\u00f4t.<br \/>\u00ab Il fallait \u00eatre l\u00e0 d\u00e8s l\u2019ouverture pour \u00e9viter le monde et surtout pour avoir le choix \u00bb, explique-t-elle. Dans son sac, d\u00e9j\u00e0 quelques trouvailles : pyjama, chaussons et bient\u00f4t des housses de couette.<br \/>Pour elle, les soldes sont un rendez-vous incontournable : \u00ab J\u2019ach\u00e8te beaucoup en soldes. C\u2019est le moment de faire de bonnes affaires, m\u00eame dans les petits commerces. \u00bb<\/p>\n<p>M\u00eame son de cloche pour Magui, venue de Saint-Chamond. Sans viser forc\u00e9ment le premier jour, elle profite de l\u2019occasion :<br \/>\u00ab Je suis venue selon le temps que j\u2019avais et mes besoins. J\u2019ai quand m\u00eame trouv\u00e9 de bonnes affaires. \u00bb Elle envisage d\u00e9j\u00e0 de revenir en fin de p\u00e9riode, lorsque les remises seront encore plus importantes.<\/p>\n<p><strong>Une p\u00e9riode cl\u00e9 pour les commer\u00e7ants<\/strong><\/p>\n<p>C\u00f4t\u00e9 commer\u00e7ants, l\u2019enjeu est bien r\u00e9el.<br \/>Michel Kizerian, g\u00e9rant de la boutique Mephisto, rue Michelet, observe l\u2019ouverture progressive des magasins et l\u2019arriv\u00e9e des premiers clients : \u00ab Les lumi\u00e8res s\u2019allument, les boutiques ouvrent et les clients commencent \u00e0 arriver. On esp\u00e8re que les soldes seront bonnes, comme \u00e0 l\u2019habitude. \u00bb<\/p>\n<p>Il rappelle l\u2019importance de cette p\u00e9riode, autant pour les commer\u00e7ants que pour les clients : \u00ab Les soldes permettent aussi aux clients d\u2019acc\u00e9der \u00e0 des produits qu\u2019ils ne peuvent pas forc\u00e9ment acheter en temps normal. \u00bb<\/p>\n<p><strong>Soutenir le commerce de centre-ville<\/strong><\/p>\n<p>Pour Sylvie, St\u00e9phanoise convaincue, venir faire les soldes en centre-ville est un acte engag\u00e9 : \u00ab Il faut continuer \u00e0 faire travailler nos commer\u00e7ants. Il faut arr\u00eater d\u2019acheter toujours sur Internet. Le conseil, le contact, c\u2019est important. \u00bb\u00a0Une fid\u00e9lit\u00e9 salu\u00e9e par les enseignes locales.<br \/>Chez Sylvie Thiriez, Marie Geymann, responsable du magasin rue Michelet, finalise les derniers pr\u00e9paratifs avant l\u2019arriv\u00e9e des clients :<br \/>\u00ab C\u2019est un peu le rush, il y a beaucoup de pr\u00e9paration pour que tout soit clair et accueillant. On esp\u00e8re une p\u00e9riode dynamique. \u00bb<\/p>\n<p>Si les soldes restent tr\u00e8s attendus, elle note toutefois une \u00e9volution des habitudes de consommation :<br \/>\u00ab Les soldes sont un peu biais\u00e9s par le Black Friday, mais ils permettent aussi de toucher une client\u00e8le qu\u2019on n\u2019a pas habituellement. \u00bb<\/p>\n<p><strong>Une premi\u00e8re matin\u00e9e encourageante<\/strong><\/p>\n<p>Entre clients matinaux, bonnes affaires et commer\u00e7ants optimistes, ce coup d\u2019envoi des soldes d\u2019hiver donne le ton dans le quartier Michelet. Une p\u00e9riode cruciale pour le commerce st\u00e9phanois, appel\u00e9e \u00e0 se poursuivre dans les prochaines semaines, jusqu\u2019au 3 f\u00e9vrier.<\/p>\n<p>AC<\/p><\/p>\n","protected":false},"excerpt":{"rendered":"Les soldes d\u2019hiver ont d\u00e9but\u00e9 ce mercredi matin \u00e0 Saint-\u00c9tienne. Clients et commer\u00e7ants \u00e9taient d\u00e9j\u00e0 mobilis\u00e9s d\u00e8s les&hellip;\n","protected":false},"author":2,"featured_media":648719,"comment_status":"","ping_status":"","sticky":false,"template":"","format":"standard","meta":{"footnotes":""},"categories":[9653],"tags":[1111,11,2430,1777,674,1011,27,12,25,4001],"class_list":{"0":"post-648718","1":"post","2":"type-post","3":"status-publish","4":"format-standard","5":"has-post-thumbnail","7":"category-saint-etienne","8":"tag-actu","9":"tag-actualites","10":"tag-auvergne-rhone-alpes","11":"tag-eu","12":"tag-europe","13":"tag-fr","14":"tag-france","15":"tag-news","16":"tag-republique-francaise","17":"tag-saint-etienne"},"share_on_mastodon":{"url":"https:\/\/pubeurope.com\/@fr\/115857850530767089","error":""},"_links":{"self":[{"href":"https:\/\/www.europesays.com\/fr\/wp-json\/wp\/v2\/posts\/648718","targetHints":{"allow":["GET"]}}],"collection":[{"href":"https:\/\/www.europesays.com\/fr\/wp-json\/wp\/v2\/posts"}],"about":[{"href":"https:\/\/www.europesays.com\/fr\/wp-json\/wp\/v2\/types\/post"}],"author":[{"embeddable":true,"href":"https:\/\/www.europesays.com\/fr\/wp-json\/wp\/v2\/users\/2"}],"replies":[{"embeddable":true,"href":"https:\/\/www.europesays.com\/fr\/wp-json\/wp\/v2\/comments?post=648718"}],"version-history":[{"count":0,"href":"https:\/\/www.europesays.com\/fr\/wp-json\/wp\/v2\/posts\/648718\/revisions"}],"wp:featuredmedia":[{"embeddable":true,"href":"https:\/\/www.europesays.com\/fr\/wp-json\/wp\/v2\/media\/648719"}],"wp:attachment":[{"href":"https:\/\/www.europesays.com\/fr\/wp-json\/wp\/v2\/media?parent=648718"}],"wp:term":[{"taxonomy":"category","embeddable":true,"href":"https:\/\/www.europesays.com\/fr\/wp-json\/wp\/v2\/categories?post=648718"},{"taxonomy":"post_tag","embeddable":true,"href":"https:\/\/www.europesays.com\/fr\/wp-json\/wp\/v2\/tags?post=648718"}],"curies":[{"name":"wp","href":"https:\/\/api.w.org\/{rel}","templated":true}]}}