{"id":648720,"date":"2026-01-08T05:36:19","date_gmt":"2026-01-08T05:36:19","guid":{"rendered":"https:\/\/www.europesays.com\/fr\/648720\/"},"modified":"2026-01-08T05:36:19","modified_gmt":"2026-01-08T05:36:19","slug":"une-adolescente-de-15-ans-portee-disparue-la-police-nationale-lance-un-avis-de-recherche","status":"publish","type":"post","link":"https:\/\/www.europesays.com\/fr\/648720\/","title":{"rendered":"Une adolescente de 15 ans port\u00e9e disparue, la police nationale lance un avis de recherche"},"content":{"rendered":"<p>La famille de Lorie Demare, 15 ans, est sans nouvelle d\u2019elle depuis lundi 5 janvier 2026. L\u2019adolescente, originaire de Nancy, serait partie dormir chez une amie. La police nationale diffuse un avis de recherche pour tenter de la retrouver.<\/p>\n<p>\n      La Quotidienne Soci\u00e9t\u00e9\n    <\/p>\n<p>\n      De la vie quotidienne aux grands enjeux, recevez tous les jours les sujets qui font la soci\u00e9t\u00e9 locale, comme la justice, l\u2019\u00e9ducation, la sant\u00e9 et la famille.\n    <\/p>\n<p>    France T\u00e9l\u00e9visions utilise votre adresse e-mail afin de vous envoyer la newsletter \u00ab\u00a0La Quotidienne Soci\u00e9t\u00e9\u00a0\u00bb. Vous pouvez vous d\u00e9sinscrire \u00e0 tout moment via le lien en bas de cette newsletter. <a target=\"_blank\" href=\"https:\/\/www.francetelevisions.fr\/groupe\/confidentialite\/politique-de-confidentialite\/politique-de-confidentialite-de-france-televisions-6503\" rel=\"noopener\">Notre politique de confidentialit\u00e9<\/a><\/p>\n<p>La police nationale qualifie sa disparition d\u2019inqui\u00e9tante. Elle diffuse depuis mardi 6 janvier 206 un avis pour retrouver Lorie Demare, une adolescente 15 ans originaire de Nancy, qui n\u2019a plus donn\u00e9 de nouvelles depuis la veille.<\/p>\n<p>Selon la description fournie, Lorie Demare a les yeux de couleur marron et des cheveux ch\u00e2tain fonc\u00e9. Elle mesure 1m70, elle est de corpulence un peu forte. Elle porte un piercing \u00e0 la narine gauche. Elle serait v\u00eatue d\u2019un legging et une doudoune noirs, de claquettes beiges et avait avec elle un casque bleu\/violet.<\/p>\n<p>La police pense qu\u2019elle se serait rendue dans la r\u00e9gion de Marseille. Elle met \u00e0 disposition deux num\u00e9ros de t\u00e9l\u00e9phone : 0383172826 (en journ\u00e9e) et 0383172753 (heures non ouvrables et week-end).<\/p>\n","protected":false},"excerpt":{"rendered":"La famille de Lorie Demare, 15 ans, est sans nouvelle d\u2019elle depuis lundi 5 janvier 2026. L\u2019adolescente, originaire&hellip;\n","protected":false},"author":2,"featured_media":648721,"comment_status":"","ping_status":"","sticky":false,"template":"","format":"standard","meta":{"footnotes":""},"categories":[9635],"tags":[1111,11,1777,674,1011,27,775,1702,12,25],"class_list":{"0":"post-648720","1":"post","2":"type-post","3":"status-publish","4":"format-standard","5":"has-post-thumbnail","7":"category-nancy","8":"tag-actu","9":"tag-actualites","10":"tag-eu","11":"tag-europe","12":"tag-fr","13":"tag-france","14":"tag-grand-est","15":"tag-nancy","16":"tag-news","17":"tag-republique-francaise"},"share_on_mastodon":{"url":"https:\/\/pubeurope.com\/@fr\/115857862380568063","error":""},"_links":{"self":[{"href":"https:\/\/www.europesays.com\/fr\/wp-json\/wp\/v2\/posts\/648720","targetHints":{"allow":["GET"]}}],"collection":[{"href":"https:\/\/www.europesays.com\/fr\/wp-json\/wp\/v2\/posts"}],"about":[{"href":"https:\/\/www.europesays.com\/fr\/wp-json\/wp\/v2\/types\/post"}],"author":[{"embeddable":true,"href":"https:\/\/www.europesays.com\/fr\/wp-json\/wp\/v2\/users\/2"}],"replies":[{"embeddable":true,"href":"https:\/\/www.europesays.com\/fr\/wp-json\/wp\/v2\/comments?post=648720"}],"version-history":[{"count":0,"href":"https:\/\/www.europesays.com\/fr\/wp-json\/wp\/v2\/posts\/648720\/revisions"}],"wp:featuredmedia":[{"embeddable":true,"href":"https:\/\/www.europesays.com\/fr\/wp-json\/wp\/v2\/media\/648721"}],"wp:attachment":[{"href":"https:\/\/www.europesays.com\/fr\/wp-json\/wp\/v2\/media?parent=648720"}],"wp:term":[{"taxonomy":"category","embeddable":true,"href":"https:\/\/www.europesays.com\/fr\/wp-json\/wp\/v2\/categories?post=648720"},{"taxonomy":"post_tag","embeddable":true,"href":"https:\/\/www.europesays.com\/fr\/wp-json\/wp\/v2\/tags?post=648720"}],"curies":[{"name":"wp","href":"https:\/\/api.w.org\/{rel}","templated":true}]}}