{"id":648724,"date":"2026-01-08T05:39:42","date_gmt":"2026-01-08T05:39:42","guid":{"rendered":"https:\/\/www.europesays.com\/fr\/648724\/"},"modified":"2026-01-08T05:39:42","modified_gmt":"2026-01-08T05:39:42","slug":"a-vous-de-jouer-decouvrez-les-pollens-a-surveiller-en-ce-moment","status":"publish","type":"post","link":"https:\/\/www.europesays.com\/fr\/648724\/","title":{"rendered":"A vous de jouer ! D\u00e9couvrez les pollens \u00e0 surveiller en ce moment"},"content":{"rendered":"<p><strong data-start=\"108\" data-end=\"200\">Chaque mois, Atmo Occitanie vous fait d\u00e9couvrir les v\u00e9g\u00e9taux en p\u00e9riode de pollinisation<\/strong> et vous invite \u00e0 contribuer \u00e0 l\u2019enrichissement de nos donn\u00e9es gr\u00e2ce \u00e0 vos observations.<\/p>\n<p data-start=\"297\" data-end=\"504\">D\u00e8s la <strong>mi-janvier,<\/strong> plusieurs arbres et plantes entrent en pollinisation et peuvent provoquer des d\u00e9sagr\u00e9ments chez les personnes allergiques.<br \/><strong data-start=\"443\" data-end=\"504\">D\u00e9couvrez ci-dessous les esp\u00e8ces concern\u00e9es.<\/strong><\/p>\n<p><img decoding=\"async\" src=\"https:\/\/www.europesays.com\/fr\/wp-content\/uploads\/2026\/01\/image_34.png\" data-entity-uuid=\"b1a4420e-ae46-4b54-8f62-3925f724e94c\" data-entity-type=\"file\" width=\"428\" height=\"524\" class=\"align-left\" loading=\"lazy\"\/><\/p>\n<p><img decoding=\"async\" src=\"https:\/\/www.europesays.com\/fr\/wp-content\/uploads\/2026\/01\/image_36.png\" data-entity-uuid=\"54850977-9ff2-4f94-9ede-8cca3a8bc40a\" data-entity-type=\"file\" width=\"411\" height=\"513\" loading=\"lazy\"\/><\/p>\n<p>\u00a0<\/p>\n<p>\u00a0<\/p>\n<p><img decoding=\"async\" src=\"https:\/\/www.europesays.com\/fr\/wp-content\/uploads\/2026\/01\/image_37.png\" data-entity-uuid=\"f3baade7-ca4d-4d70-893e-d74699c01379\" data-entity-type=\"file\" width=\"424\" height=\"530\" class=\"align-left\" loading=\"lazy\"\/><img decoding=\"async\" src=\"https:\/\/www.europesays.com\/fr\/wp-content\/uploads\/2026\/01\/image_38.png\" data-entity-uuid=\"9aac8a72-6687-4956-be96-6004dd1181ae\" data-entity-type=\"file\" width=\"414\" height=\"517\" loading=\"lazy\"\/><\/p>\n<p>\u00a0<\/p>\n<p data-start=\"1084\" data-end=\"1312\">\ud83d\udca1 <strong data-start=\"1087\" data-end=\"1098\">Conseil<\/strong> : pensez \u00e0 consulter r\u00e9guli\u00e8rement nos cartes de pr\u00e9visions polliniques et \u00e0 adopter les bons gestes (a\u00e9rer t\u00f4t le matin ou tard le soir, \u00e9viter de s\u00e9cher le linge dehors, rincer le visage et les cheveux apr\u00e8s une sortie).\u00a0<\/p>\n<p data-start=\"1084\" data-end=\"1312\">Si vous souhaitez, vous pouvez t\u00e9l\u00e9charger les photos ci-dessus au format pdf <a href=\"https:\/\/www.atmo-occitanie.org\/sites\/default\/files\/2026-01\/Carrousels%20pollen_publi%20janv.pdf\" target=\"_blank\" rel=\"noopener\">ici<\/a>.<\/p>\n<p data-start=\"1084\" data-end=\"1312\"><img decoding=\"async\" src=\"https:\/\/www.europesays.com\/fr\/wp-content\/uploads\/2026\/01\/image_29.png\" data-entity-uuid=\"71de40b2-e1a6-4973-88a8-c910d89d8a36\" data-entity-type=\"file\" width=\"387\" height=\"475\" class=\"align-right\" loading=\"lazy\"\/><\/p>\n<p>\u00a0<\/p>\n<p data-start=\"1084\" data-end=\"1312\">\u00a0<\/p>\n<p data-start=\"1084\" data-end=\"1312\">\u00a0<\/p>\n<p data-start=\"1084\" data-end=\"1312\">Une fois que cette flore n&rsquo;aura plus de secret pour vous, n&rsquo;oubliez pas notre <strong>Observatoire des floraisons<\/strong> ! Rep\u00e9rez une de ces esp\u00e8ces en fleurs, prenez-la en photo et transmettez vos observations sur<a href=\"https:\/\/plantnet.org\/\" target=\"_blank\" rel=\"noopener\"> Pl@ntnet<\/a> : vos contributions nous permettent de mieux suivre la progression des pollens dans la r\u00e9gion et de continuer \u00e0 vous informer.\u00a0<\/p>\n<p>\u00a0<\/p>\n<p>\u00a0<\/p>\n<p>\u00a0<\/p>\n<p>\u00a0<\/p>\n<p>\u00a0<\/p>\n<p>\u00a0<\/p>\n<p>\u00a0<\/p>\n<p>\u00a0<\/p>\n<p>\u00a0<\/p>\n<p>\u00a0<\/p>\n<p>\u00a0<\/p>\n<p>\u00a0<\/p>\n","protected":false},"excerpt":{"rendered":"Chaque mois, Atmo Occitanie vous fait d\u00e9couvrir les v\u00e9g\u00e9taux en p\u00e9riode de pollinisation et vous invite \u00e0 contribuer&hellip;\n","protected":false},"author":2,"featured_media":648725,"comment_status":"","ping_status":"","sticky":false,"template":"","format":"standard","meta":{"footnotes":""},"categories":[9599],"tags":[1111,11,1777,674,1011,27,2208,12,2680,25],"class_list":{"0":"post-648724","1":"post","2":"type-post","3":"status-publish","4":"format-standard","5":"has-post-thumbnail","7":"category-montpellier","8":"tag-actu","9":"tag-actualites","10":"tag-eu","11":"tag-europe","12":"tag-fr","13":"tag-france","14":"tag-montpellier","15":"tag-news","16":"tag-occitanie","17":"tag-republique-francaise"},"share_on_mastodon":{"url":"https:\/\/pubeurope.com\/@fr\/115857874357071107","error":""},"_links":{"self":[{"href":"https:\/\/www.europesays.com\/fr\/wp-json\/wp\/v2\/posts\/648724","targetHints":{"allow":["GET"]}}],"collection":[{"href":"https:\/\/www.europesays.com\/fr\/wp-json\/wp\/v2\/posts"}],"about":[{"href":"https:\/\/www.europesays.com\/fr\/wp-json\/wp\/v2\/types\/post"}],"author":[{"embeddable":true,"href":"https:\/\/www.europesays.com\/fr\/wp-json\/wp\/v2\/users\/2"}],"replies":[{"embeddable":true,"href":"https:\/\/www.europesays.com\/fr\/wp-json\/wp\/v2\/comments?post=648724"}],"version-history":[{"count":0,"href":"https:\/\/www.europesays.com\/fr\/wp-json\/wp\/v2\/posts\/648724\/revisions"}],"wp:featuredmedia":[{"embeddable":true,"href":"https:\/\/www.europesays.com\/fr\/wp-json\/wp\/v2\/media\/648725"}],"wp:attachment":[{"href":"https:\/\/www.europesays.com\/fr\/wp-json\/wp\/v2\/media?parent=648724"}],"wp:term":[{"taxonomy":"category","embeddable":true,"href":"https:\/\/www.europesays.com\/fr\/wp-json\/wp\/v2\/categories?post=648724"},{"taxonomy":"post_tag","embeddable":true,"href":"https:\/\/www.europesays.com\/fr\/wp-json\/wp\/v2\/tags?post=648724"}],"curies":[{"name":"wp","href":"https:\/\/api.w.org\/{rel}","templated":true}]}}