{"id":648726,"date":"2026-01-08T05:41:26","date_gmt":"2026-01-08T05:41:26","guid":{"rendered":"https:\/\/www.europesays.com\/fr\/648726\/"},"modified":"2026-01-08T05:41:26","modified_gmt":"2026-01-08T05:41:26","slug":"attaque-americaine-au-venezuela-maduro-un-dictateur-un-assassin-denonce-maria-refugiee-a-montpellier-depuis-2019","status":"publish","type":"post","link":"https:\/\/www.europesays.com\/fr\/648726\/","title":{"rendered":"Attaque am\u00e9ricaine au Venezuela\u00a0: \u00ab\u00a0Maduro, un dictateur, un assassin\u00a0\u00bb d\u00e9nonce Maria, r\u00e9fugi\u00e9e \u00e0 Montpellier depuis 2019"},"content":{"rendered":"<p>\n                                                                Sportive de haut niveau, Maria Guedez (26 ans) a fui la dictature de son pays en 2019 avant de rejoindre Montpellier. Elle \u00e9voque la situation dans son pays natal.\n                            <\/p>\n<p>Depuis Montpellier o\u00f9 elle vit, Maria Guedez a suivi attentivement <a href=\"https:\/\/www.midilibre.fr\/actu\/monde\/attaque-americaine-au-venezuela\/\" target=\"_blank\" rel=\"noopener\">l\u2019intervention am\u00e9ricaine au Venezuela<\/a>. La championne du monde de sambo et combattante en MMA a quitt\u00e9 sa terre natale en 2019 pour \u00e9chapper \u00e0 la dictature et rejoindre sa s\u0153ur a\u00een\u00e9e d\u00e9j\u00e0 install\u00e9e en France. \u00ab\u00a0L\u2019attaque a eu lieu \u00e0 Caracas, mes parents vivent \u00e0 Valencia dans l\u2019\u00c9tat de Carabobo \u00e0 150 kilom\u00e8tres de la capitale, explique-t-elle en fran\u00e7ais. Ils n\u2019ont pas \u00e9t\u00e9 directement atteints, ils vont bien, ils sont enferm\u00e9s chez eux. Des civils ont \u00e9t\u00e9 tu\u00e9s mais l\u2019attaque des \u00c9tats-Unis \u00e9tait destin\u00e9e \u00e0 capturer Nicolas Maduro.\u00a0\u00bb<\/p>\n<p>\u00ab\u00a0Son gouvernement encore au pouvoir\u00a0\u00bb<\/p>\n<p>Maria Guedez a 26 ans et n\u2019a donc connu que le r\u00e9gime autoritaire du Venezuela, celui qui s\u00e9vit depuis 1999 et s\u2019est poursuivi avec l\u2019arriv\u00e9e au pouvoir de Nicolas Maduro en 2013. \u00ab\u00a0Qu\u2019il soit emprisonn\u00e9 ne change rien, son gouvernement et son parti sont encore au pouvoir, d\u00e9plore celle qui est une opposante au pouvoir en place. On est quand m\u00eame contents qu\u2019il ne soit plus l\u00e0 parce que Maduro est un dictateur, il a d\u00e9truit le pays et tu\u00e9 beaucoup de gens.\u00a0\u00bb<\/p>\n<p>\u00ab\u00a0Les Fran\u00e7ais parlent sans savoir\u00a0\u00bb<\/p>\n<p>En ce qui concerne l\u2019action des \u00c9tats-Unis, la V\u00e9n\u00e9zu\u00e9lienne n\u2019est pas dupe\u00a0: \u00ab\u00a0On ne va pas se mentir, on conna\u00eet Donald Trump et ce qu\u2019il a fait dans les autres pays. Il n\u2019y a que le p\u00e9trole qui l\u2019int\u00e9resse. Mais il faut savoir que le p\u00e9trole n\u2019appartient plus aux V\u00e9n\u00e9zu\u00e9liens depuis longtemps. La Chine, la Russie et Cuba ont la main.\u00a0\u00bb<\/p>\n<p>Si la sportive de haut niveau a le regard tourn\u00e9 vers son pays, elle voit d\u2019un mauvais \u0153il les Fran\u00e7ais manifester dans les rues\u00a0: \u00ab\u00a0C\u2019est de l\u2019hypocrisie, l\u00e2che-t-elle. En juillet\u00a02024, quand Maduro a vol\u00e9 les \u00e9lections pr\u00e9sidentielles apr\u00e8s la victoire dans les urnes de l\u2019opposition, les V\u00e9n\u00e9zu\u00e9liens sont descendus dans la rue pour manifester, la r\u00e9pression a \u00e9t\u00e9 tr\u00e8s forte. Beaucoup de monde a \u00e9t\u00e9 enferm\u00e9 dans un centre qui s\u2019appelle l\u2019H\u00e9lico\u00efde (NDLR\u00a0: un centre de d\u00e9tention \u00e0 Caracas), des femmes y sont viol\u00e9es, des enfants et des adolescents sont aussi enferm\u00e9s. \u00c0 ce moment-l\u00e0, je me souviens bien que les Fran\u00e7ais s\u2019en fichaient, je ne les ai pas vus sur la place de la Com\u00e9die quand nous \u00e9tions en train de manifester. Et l\u00e0, tout \u00e0 coup, il y a des manifestations apr\u00e8s l\u2019attaque de Trump. On n\u2019a pas envie que Maduro revienne, c\u2019est un dictateur, un assassin. Les Fran\u00e7ais parlent sans savoir, ils devraient aller vivre au Venezuela pour voir la r\u00e9alit\u00e9 du pays.\u00a0\u00bb<\/p>\n","protected":false},"excerpt":{"rendered":"Sportive de haut niveau, Maria Guedez (26 ans) a fui la dictature de son pays en 2019 avant&hellip;\n","protected":false},"author":2,"featured_media":648727,"comment_status":"","ping_status":"","sticky":false,"template":"","format":"standard","meta":{"footnotes":""},"categories":[9599],"tags":[1111,11,1777,674,1011,27,7089,2208,12,2680,316,25],"class_list":{"0":"post-648726","1":"post","2":"type-post","3":"status-publish","4":"format-standard","5":"has-post-thumbnail","7":"category-montpellier","8":"tag-actu","9":"tag-actualites","10":"tag-eu","11":"tag-europe","12":"tag-fr","13":"tag-france","14":"tag-herault","15":"tag-montpellier","16":"tag-news","17":"tag-occitanie","18":"tag-politique","19":"tag-republique-francaise"},"share_on_mastodon":{"url":"https:\/\/pubeurope.com\/@fr\/115857881968958745","error":""},"_links":{"self":[{"href":"https:\/\/www.europesays.com\/fr\/wp-json\/wp\/v2\/posts\/648726","targetHints":{"allow":["GET"]}}],"collection":[{"href":"https:\/\/www.europesays.com\/fr\/wp-json\/wp\/v2\/posts"}],"about":[{"href":"https:\/\/www.europesays.com\/fr\/wp-json\/wp\/v2\/types\/post"}],"author":[{"embeddable":true,"href":"https:\/\/www.europesays.com\/fr\/wp-json\/wp\/v2\/users\/2"}],"replies":[{"embeddable":true,"href":"https:\/\/www.europesays.com\/fr\/wp-json\/wp\/v2\/comments?post=648726"}],"version-history":[{"count":0,"href":"https:\/\/www.europesays.com\/fr\/wp-json\/wp\/v2\/posts\/648726\/revisions"}],"wp:featuredmedia":[{"embeddable":true,"href":"https:\/\/www.europesays.com\/fr\/wp-json\/wp\/v2\/media\/648727"}],"wp:attachment":[{"href":"https:\/\/www.europesays.com\/fr\/wp-json\/wp\/v2\/media?parent=648726"}],"wp:term":[{"taxonomy":"category","embeddable":true,"href":"https:\/\/www.europesays.com\/fr\/wp-json\/wp\/v2\/categories?post=648726"},{"taxonomy":"post_tag","embeddable":true,"href":"https:\/\/www.europesays.com\/fr\/wp-json\/wp\/v2\/tags?post=648726"}],"curies":[{"name":"wp","href":"https:\/\/api.w.org\/{rel}","templated":true}]}}