{"id":648738,"date":"2026-01-08T05:54:11","date_gmt":"2026-01-08T05:54:11","guid":{"rendered":"https:\/\/www.europesays.com\/fr\/648738\/"},"modified":"2026-01-08T05:54:11","modified_gmt":"2026-01-08T05:54:11","slug":"opposes-a-poutine-ils-celebrent-un-dernier-noel-avant-leur-expulsion-de-leglise-orthodoxe-a-nice","status":"publish","type":"post","link":"https:\/\/www.europesays.com\/fr\/648738\/","title":{"rendered":"oppos\u00e9s \u00e0 Poutine, ils c\u00e9l\u00e8brent un dernier No\u00ebl avant leur expulsion de l\u2019\u00e9glise orthodoxe \u00e0 Nice"},"content":{"rendered":"<p class=\"fs-5 \">Russes, Ukrainiens, Georgiens et Fran\u00e7ais se relaient pour chanter l\u2019enfant J\u00e9sus. Quand leurs \u00c9tats se font la guerre, eux c\u00e9l\u00e8brent la paix.<\/p>\n<p class=\"fs-5 \">En l\u2019\u00e9glise orthodoxe Saint-Nicolas et Sainte-Alexandra \u00e0 Nice, ce mercredi 7 janvier 2026 (soit le 25 d\u00e9cembre du calendrier julien) une chorale polyglotte et des foules exil\u00e9es c\u00e9l\u00e8brent la nativit\u00e9 et la concorde des peuples.<\/p>\n<p class=\"fs-5 \">Peut-\u00eatre pour la derni\u00e8re fois&#8230;<\/p>\n<p>                                                                                \u00abNous avons fui Poutine, \u00e7a n\u2019est pas pour tomber sous son contr\u00f4le \u00e0 Nice\u00bb<\/p>\n<p class=\"fs-5 \">Consacr\u00e9 en 1860, l\u2019\u00e9difice de la rue Longchamp \u2013 refuge des diasporas fuyant Moscou, o\u00f9 l\u2019on se serre par centaines depuis plus d\u2019un si\u00e8cle \u2013 tombera bient\u00f4t aux mains de la F\u00e9d\u00e9ration de Russie.<\/p>\n<p class=\"fs-5 \">\u00ab L\u2019enti\u00e8re propri\u00e9t\u00e9 \u00bb du lieu de culte lui revient \u00e0 la suite d\u2019une d\u00e9cision de la cour d\u2019appel d\u2019Aix en Provence en avril 2025 (1).<\/p>\n<p class=\"fs-5 \">Le pourvoi en cassation n\u2019\u00e9tant pas suspensif, l\u2019annexion semble in\u00e9vitable. Leur promettant un nouvel exode, la patrie de Poutine a assign\u00e9 en r\u00e9f\u00e9r\u00e9 l\u2019association cultuelle orthodoxe russe (Acor), qui entretient le site depuis 1923.<\/p>\n<p>        <img src=\"https:\/\/www.europesays.com\/fr\/wp-content\/uploads\/2026\/01\/aa42c48_upload-from-url-1-fzu7zb5eus1p-data-art-16756242.jpg\"   loading=\"lazy\" decoding=\"async\" alt=\"La F\u00e9d\u00e9ration de Russie veut expulser l\u2019association cultuelle qui occupe depuis plus d\u2019un si\u00e8cle l\u2019\u00e9glise orthodoxe de la rue Longchamps \u00e0 Nice. \" class=\"img-fluid position-absolute w-100 object-fit-cover rounded-2\" width=\"600\" height=\"400\"\/><\/p>\n<p class=\"fs-5 \">Cette requ\u00eate d\u2019expulsion doit \u00eatre \u00e9tudi\u00e9e par le tribunal judiciaire de Nice, jeudi 22 janvier 2026.<\/p>\n<p class=\"fs-5 \">Date butoir abattant tous les espoirs en ce jour de f\u00eate. Un dernier No\u00ebl ensemble.<\/p>\n<p class=\"fs-5 \">La perspective donne aux gestes les plus simples \u2014 un signe de croix, une inclinaison de t\u00eate, une bougie allum\u00e9e \u2014 la gravit\u00e9 des adieux qui refusent de se dire.<\/p>\n<p class=\"fs-5 \">\u00ab Je n\u2019arrive pas \u00e0 y croire, o\u00f9 allons-nous aller ? \u00bb, chancelle Lesia. Son visage sid\u00e9r\u00e9 est un long discours, brouill\u00e9 de maquillage.<\/p>\n<p class=\"fs-5 \">Fuyant les bombes et les soldats, l\u2019Ukrainienne quadra retrace son arriv\u00e9e \u00e0 Nice avec ses trois enfants, \u00ab juste apr\u00e8s l\u2019invasion \u00bb.<\/p>\n<p class=\"fs-5 \">En mars 2022, elle s\u2019est accroch\u00e9e \u00e0 l\u2019\u00e9glise comme l\u2019on \u00ab s\u2019accroche \u00e0 un radeau pour ne pas sombrer. C\u2019est mon seul refuge, mon dernier rep\u00e8re. C\u00e9der ce lieu \u00e0 la Russie, c\u2019est revivre une invasion. Nous avons fui Poutine \u00e0 des milliers de kilom\u00e8tres, \u00e7a n\u2019est pas pour tomber sous son contr\u00f4le \u00e0 Nice \u00bb.<\/p>\n<p class=\"fs-5 \">Boulevers\u00e9e, elle interroge : \u00ab Comment la justice du pays qui m\u2019a si bien accueillie, peut-elle ainsi nous livrer \u00e0 l\u2019ennemi ? \u00bb<\/p>\n<p class=\"fs-5 \">Comme elle, ils sont environ 300 compatriotes r\u00e9fugi\u00e9s \u00e0 fr\u00e9quenter cette \u00e9glise.<\/p>\n<p>                                                                                \u00ab Guerre d\u2019influence, de surveillance et de subversion \u00bb<\/p>\n<p class=\"fs-5 \">L\u2019incompr\u00e9hension face \u00e0 \u00ab cet abandon de souverainet\u00e9 \u00bb, m\u00eal\u00e9e \u00e0 un sentiment de \u00ab trahison \u00bb, tiraille nombre de fid\u00e8les.<\/p>\n<p class=\"fs-5 \">Pour la deuxi\u00e8me fois. \u00ab Ici, personne n\u2019a oubli\u00e9 la r\u00e9trocession de la cath\u00e9drale Saint-Nicolas au Kremlin [en 2011, act\u00e9e par la justice fran\u00e7aise] \u00bb, cingle Tatiana, r\u00e9fugi\u00e9e g\u00e9orgienne.<\/p>\n<p class=\"fs-5 \">\u00ab Je m\u2019y suis mari\u00e9e, j\u2019y ai baptis\u00e9 mes enfants, mais je ne suis plus jamais repass\u00e9 devant \u00bb, confie Tatiana, fille d\u2019Anastasia Manstein-Chirinsky, \u00e9crivaine russe rest\u00e9e apatride durant 70 ans.<\/p>\n<p class=\"fs-5 \">\u00ab \u00c9c\u0153ur\u00e9e \u00bb, elle met en garde \u00ab les na\u00effs. Igor, notre pr\u00eatre (2), sera remplac\u00e9 par des envoy\u00e9s de Moscou, des agents politiques ! Au compte de Poutine, ils m\u00e8nent une guerre d\u2019influence, de surveillance et de subversion \u00bb.<\/p>\n<p class=\"fs-5 \">Anna, immigr\u00e9e russe, acquiesce et s\u2019endeuille de \u00ab l\u2019oasis ni\u00e7oise, l\u2019une des derni\u00e8res \u00e0 ne pas avoir \u00e9t\u00e9 d\u00e9natur\u00e9e par l\u2019id\u00e9ologie d\u2019\u00c9tat \u00bb.<\/p>\n<p class=\"fs-5 \">Alexandre abonde. Apr\u00e8s avoir \u00ab assist\u00e9 impuissant \u00e0 l\u2019accaparement \u00bb d\u2019\u00e9glises orthodoxes \u00e0 Gen\u00e8ve, Londres et Cannes, il d\u00e9crit \u00ab la chappe de plomb tomb\u00e9e sur les fid\u00e8les \u00bb, les \u00ab gardes du corps partout \u00bb et \u00ab les \u0153uvres inestimables qui repartent en Russie. Rue Longchamps, ils projettent d\u00e9j\u00e0 de saisir le mobilier et les ic\u00f4nes. Leur huissier, accompagn\u00e9 de policiers, a fait un inventaire d\u00e8s que la d\u00e9cision de justice est tomb\u00e9e. \u00bb<\/p>\n<p>                                                                                \u00ab Sans cette \u00e9glise, o\u00f9 iront nos racines ? \u00bb<\/p>\n<p class=\"fs-5 \">\u00ab Ils vont m\u00eame prendre les livres \u00bb, grince Miroslava au pied des armoires de famille recelant des milliers d\u2019ouvrages. L\u2019\u00e2me slave tout en reliure.<\/p>\n<p class=\"fs-5 \">\u00ab C\u2019est ici qu\u2019on transmet notre religion, nos traditions, notre langue \u00e0 nos enfants. S\u2019ils sont n\u00e9s et vont \u00e0 l\u2019\u00e9cole \u00e0 Nice, ils ne doivent pas oublier nos origines. Mais sans cette \u00e9glise, o\u00f9 iront nos racines ? \u00bb<\/p>\n<p class=\"fs-5 \">Sans r\u00e9ponse, \u00e9reint\u00e9 par des ann\u00e9es de joutes juridiques avec Moscou, Alexis Obolenski hausse les \u00e9paules.<\/p>\n<p class=\"fs-5 \">Le pr\u00e9sident de l\u2019Acor esp\u00e8re une main tendue du dioc\u00e8se catholique et de la mairie. En vain, pour l\u2019instant, malgr\u00e9 \u00ab leur bonne volont\u00e9 \u00bb.<\/p>\n<p class=\"fs-5 \">Quant \u00e0 l\u2019\u00e9glise roumaine, en construction au Vallon des fleurs, \u00ab les calendriers liturgiques sont trop similaires pour cohabiter \u00bb.<\/p>\n<p class=\"fs-5 \">La messe termin\u00e9e, la foule se retire. Mais la f\u00eate continue. Dans la salle paroissiale, l\u2019on chasse tant bien que mal la \u00ab toska \u00bb, ce spleen russe intraduisible.<\/p>\n<p class=\"fs-5 \">Oubliant ses soupirs m\u00e9lancoliques pour un air plus entra\u00eenant, l\u2019accord\u00e9on d\u2019Ivan \u2013 r\u00e9fugi\u00e9 ukrainien \u2013 s\u2019essouffle sur des balades populaires.<\/p>\n<p class=\"fs-5 \">Entre deux verres et un refrain repris en ch\u0153ur, la joie n\u2019est pas innocente. Mais qu\u2019importe, elle demeure. Ultime r\u00e9sistance.<\/p>\n<p class=\"fs-5 \">(1) En premi\u00e8re instance, le 25 f\u00e9vrier 2021, le tribunal judiciaire de Nice faisait droit \u00e0 l\u2019association revendiquant l\u2019\u00e9glise, ainsi que le cimeti\u00e8re russe de Caucade, au titre de la \u00ab prescription acquisitive \u00bb.<\/p>\n<p class=\"fs-5 \">(2) Le pr\u00eatre Igor est affili\u00e9 au M\u00e9tropolite de Roumanie par souci d\u2019ind\u00e9pendance au patriarche de Moscou, Kir\u00edll, ancien membre du KGB et proche de Vladimir Poutine.<\/p>\n","protected":false},"excerpt":{"rendered":"Russes, Ukrainiens, Georgiens et Fran\u00e7ais se relaient pour chanter l\u2019enfant J\u00e9sus. Quand leurs \u00c9tats se font la guerre,&hellip;\n","protected":false},"author":2,"featured_media":648739,"comment_status":"","ping_status":"","sticky":false,"template":"","format":"standard","meta":{"footnotes":""},"categories":[2819],"tags":[1111,11,1777,674,1011,27,12,2401,882,25],"class_list":{"0":"post-648738","1":"post","2":"type-post","3":"status-publish","4":"format-standard","5":"has-post-thumbnail","7":"category-nice","8":"tag-actu","9":"tag-actualites","10":"tag-eu","11":"tag-europe","12":"tag-fr","13":"tag-france","14":"tag-news","15":"tag-nice","16":"tag-provence-alpes-cote-dazur","17":"tag-republique-francaise"},"share_on_mastodon":{"url":"https:\/\/pubeurope.com\/@fr\/115857933218872858","error":""},"_links":{"self":[{"href":"https:\/\/www.europesays.com\/fr\/wp-json\/wp\/v2\/posts\/648738","targetHints":{"allow":["GET"]}}],"collection":[{"href":"https:\/\/www.europesays.com\/fr\/wp-json\/wp\/v2\/posts"}],"about":[{"href":"https:\/\/www.europesays.com\/fr\/wp-json\/wp\/v2\/types\/post"}],"author":[{"embeddable":true,"href":"https:\/\/www.europesays.com\/fr\/wp-json\/wp\/v2\/users\/2"}],"replies":[{"embeddable":true,"href":"https:\/\/www.europesays.com\/fr\/wp-json\/wp\/v2\/comments?post=648738"}],"version-history":[{"count":0,"href":"https:\/\/www.europesays.com\/fr\/wp-json\/wp\/v2\/posts\/648738\/revisions"}],"wp:featuredmedia":[{"embeddable":true,"href":"https:\/\/www.europesays.com\/fr\/wp-json\/wp\/v2\/media\/648739"}],"wp:attachment":[{"href":"https:\/\/www.europesays.com\/fr\/wp-json\/wp\/v2\/media?parent=648738"}],"wp:term":[{"taxonomy":"category","embeddable":true,"href":"https:\/\/www.europesays.com\/fr\/wp-json\/wp\/v2\/categories?post=648738"},{"taxonomy":"post_tag","embeddable":true,"href":"https:\/\/www.europesays.com\/fr\/wp-json\/wp\/v2\/tags?post=648738"}],"curies":[{"name":"wp","href":"https:\/\/api.w.org\/{rel}","templated":true}]}}