{"id":648742,"date":"2026-01-08T05:58:19","date_gmt":"2026-01-08T05:58:19","guid":{"rendered":"https:\/\/www.europesays.com\/fr\/648742\/"},"modified":"2026-01-08T05:58:19","modified_gmt":"2026-01-08T05:58:19","slug":"que-faire-a-nantes-ce-week-end-du-8-au-11-janvier-2026","status":"publish","type":"post","link":"https:\/\/www.europesays.com\/fr\/648742\/","title":{"rendered":"Que faire \u00e0 Nantes ce week-end du 8 au 11 janvier 2026 ?"},"content":{"rendered":"<p>L\u2019ann\u00e9e <strong>2026 <\/strong>est arriv\u00e9e sous la neige \u00e0 Nantes ! \ud83e\udd70<br \/>Qui dit nouvelle ann\u00e9e, dit nouvelles r\u00e9solutions pour certains !<br \/>Pour nous, c\u2019est de te donner encore plus de meilleures adresses pour vagabonder dans les rues de la ville ! <br \/>Que faire \u00e0 Nantes pour ce premier week-end de 2026 ? <br \/><strong>Big City<\/strong> te dit tout !<\/p>\n<p>Que Faire \u00e0 Nantes ce week-end : le programme des sorties du jeudi 8 au dimanche 11 janvier 2026<\/p>\n<p>Malgr\u00e9 les temp\u00e9ratures n\u00e9gatives, cette semaine, pr\u00e9pare un bonnet, un bon manteau et les gants, car plein de choses sont \u00e0 faire \u00e0 Nantes !<\/p>\n<p>C\u00f4t\u00e9 expositions, tu as de quoi faire ! N\u2019h\u00e9site pas \u00e0 aller faire <strong><a href=\"https:\/\/www.bigcitynantes.fr\/que-faire-a-nantes\/exposition-dans-les-plis-des-cartes\/\" target=\"_blank\" rel=\"noopener\">Dans le plis des cartes<\/a><\/strong> avant sa fin ! Tu as jusqu\u2019au 11 janvier pour aller d\u00e9couvrir des artistes incroyables. Ne loupe pas <strong><a href=\"https:\/\/www.bigcitynantes.fr\/que-faire-a-nantes\/exposition-van-gogh\/\" target=\"_blank\" rel=\"noreferrer noopener\">l\u2019exposition Van Gogh <\/a><\/strong>qui a lieu au parc des expos, un r\u00e9el voyage immersif dans les oeuvres du peintre !<\/p>\n<p>Tu t\u2019es lanc\u00e9(e) dans le Dry January ? F\u00e9licitations ! Et pour ce mois sans alcool, on te conseille <strong><a href=\"https:\/\/www.bigcitynantes.fr\/que-faire-a-nantes\/les-decouvertes-paralleles\/\" target=\"_blank\" rel=\"noopener\">les d\u00e9couvertes parall\u00e8les<\/a><\/strong> au Labo Diva ! Pendant deux jours, ce salon offrira l\u2019opportunit\u00e9 de d\u00e9couvrir et d\u00e9guster une large vari\u00e9t\u00e9 de boissons <strong>sans alcool<\/strong> !<\/p>\n<p>Dans le classement des bonnes r\u00e9solutions, le sport est dans le top 3 ! Et pour \u00e7a, on t\u2019a trouv\u00e9 la salle parfait o\u00f9 tu pourras te faire coacher par des sportifs de haut niveau ! <strong><a href=\"https:\/\/www.bigcitynantes.fr\/que-faire-a-nantes\/se-faire-coacher-par-des-sportifs-de-haut-niveau\/\" target=\"_blank\" rel=\"noreferrer noopener\">La salle Fit &amp; Fight<\/a><\/strong> t\u2019accueille pour de nombreuses disciplines et surtout, atteindre tes objectifs !<\/p>\n<p>Envie de <strong>danser et\/ou de chanter<\/strong> en ce d\u00e9but d\u2019ann\u00e9e ? On a ce qu\u2019il te faut ! <strong><a href=\"https:\/\/www.bigcitynantes.fr\/que-faire-a-nantes\/14-ans-du-zygo-bar\/\" target=\"_blank\" rel=\"noreferrer noopener\">Le Zygo Bar f\u00eate ses 14 ans<\/a><\/strong> ce week-end et ils ont pr\u00e9vu une programmation qui promet de r\u00e9chauffer les corps ! <br \/>Une soir\u00e9e dans le noir ? Oui, c\u2019est possible avec <strong><a href=\"https:\/\/www.bigcitynantes.fr\/que-faire-a-nantes\/blackout-x-co2\/\" target=\"_blank\" rel=\"noreferrer noopener\">la soir\u00e9e Black-out au CO2<\/a><\/strong> ! Les lumi\u00e8res tombent, le son prend le contr\u00f4le. Profite aussi du <strong><a href=\"https:\/\/www.bigcitynantes.fr\/que-faire-a-nantes\/tonus-reopening-2026\/\" target=\"_blank\" rel=\"noreferrer noopener\">Tonus Reopening<\/a><\/strong> du Warehouse ou encore <strong><a href=\"https:\/\/www.bigcitynantes.fr\/que-faire-a-nantes\/les-clopes-puissance-cube-au-ferrailleur\/\" target=\"_blank\" rel=\"noopener\">d\u2019une soir\u00e9e New Wave, Pop, Punk<\/a><\/strong> au Ferrailleur !<\/p>\n<p>Bref, tu as de quoi faire ce week-end \ud83e\udd29 L\u2019\u00e9quipe te souhaite une belle ann\u00e9e, pleine de d\u00e9couvertes, soir\u00e9es, restos et bien plus encore !<\/p>\n<p>TousJeudiVendrediSamediDimancheToute la semaine<\/p>\n","protected":false},"excerpt":{"rendered":"L\u2019ann\u00e9e 2026 est arriv\u00e9e sous la neige \u00e0 Nantes ! \ud83e\udd70Qui dit nouvelle ann\u00e9e, dit nouvelles r\u00e9solutions pour&hellip;\n","protected":false},"author":2,"featured_media":648743,"comment_status":"","ping_status":"","sticky":false,"template":"","format":"standard","meta":{"footnotes":""},"categories":[2818],"tags":[1111,11,48554,4156,4157,1777,674,1011,27,766,12,2636,25,953,1669,3140,4064],"class_list":{"0":"post-648742","1":"post","2":"type-post","3":"status-publish","4":"format-standard","5":"has-post-thumbnail","7":"category-nantes","8":"tag-actu","9":"tag-actualites","10":"tag-carrousel","11":"tag-concerts","12":"tag-dj-sets","13":"tag-eu","14":"tag-europe","15":"tag-fr","16":"tag-france","17":"tag-nantes","18":"tag-news","19":"tag-pays-de-la-loire","20":"tag-republique-francaise","21":"tag-soiree","22":"tag-sorties","23":"tag-spectacle","24":"tag-week-end"},"share_on_mastodon":{"url":"https:\/\/pubeurope.com\/@fr\/115857948948634791","error":""},"_links":{"self":[{"href":"https:\/\/www.europesays.com\/fr\/wp-json\/wp\/v2\/posts\/648742","targetHints":{"allow":["GET"]}}],"collection":[{"href":"https:\/\/www.europesays.com\/fr\/wp-json\/wp\/v2\/posts"}],"about":[{"href":"https:\/\/www.europesays.com\/fr\/wp-json\/wp\/v2\/types\/post"}],"author":[{"embeddable":true,"href":"https:\/\/www.europesays.com\/fr\/wp-json\/wp\/v2\/users\/2"}],"replies":[{"embeddable":true,"href":"https:\/\/www.europesays.com\/fr\/wp-json\/wp\/v2\/comments?post=648742"}],"version-history":[{"count":0,"href":"https:\/\/www.europesays.com\/fr\/wp-json\/wp\/v2\/posts\/648742\/revisions"}],"wp:featuredmedia":[{"embeddable":true,"href":"https:\/\/www.europesays.com\/fr\/wp-json\/wp\/v2\/media\/648743"}],"wp:attachment":[{"href":"https:\/\/www.europesays.com\/fr\/wp-json\/wp\/v2\/media?parent=648742"}],"wp:term":[{"taxonomy":"category","embeddable":true,"href":"https:\/\/www.europesays.com\/fr\/wp-json\/wp\/v2\/categories?post=648742"},{"taxonomy":"post_tag","embeddable":true,"href":"https:\/\/www.europesays.com\/fr\/wp-json\/wp\/v2\/tags?post=648742"}],"curies":[{"name":"wp","href":"https:\/\/api.w.org\/{rel}","templated":true}]}}