{"id":648746,"date":"2026-01-08T06:00:22","date_gmt":"2026-01-08T06:00:22","guid":{"rendered":"https:\/\/www.europesays.com\/fr\/648746\/"},"modified":"2026-01-08T06:00:22","modified_gmt":"2026-01-08T06:00:22","slug":"cet-hiver-glacial-que-les-habitants-nont-pas-oublie","status":"publish","type":"post","link":"https:\/\/www.europesays.com\/fr\/648746\/","title":{"rendered":"cet hiver glacial que les habitants n&rsquo;ont pas oubli\u00e9"},"content":{"rendered":"<p>F\u00eatera-t-on No\u00ebl au balcon comme le dit l\u2019expression, ou<br \/>\naura-t-on la chance de voir cette ann\u00e9e de jolies <a href=\"https:\/\/www.mariefrance.fr\/actualite\/societe\/vague-de-froid-chutes-de-neige-week-end-en-france-50-cm-de-cumul-1217668.html\" target=\"_blank\" rel=\"noopener\"><br \/>\n<strong>chutes de neige<\/strong><\/a> \u00e9gayer nos f\u00eates de fin<br \/>\nd\u2019ann\u00e9e ? Si les pr\u00e9visions des diff\u00e9rentes cha\u00eenes m\u00e9t\u00e9o ne sont<br \/>\npas tr\u00e8s optimistes, du moins pour ce sc\u00e9nario, une surprise est<br \/>\nvite arriv\u00e9e.<\/p>\n<p>La preuve avec les fortes chutes de neige observ\u00e9es aujourd\u2019hui<br \/>\ndans ces d\u00e9partements, et avec <a href=\"https:\/\/www.mariefrance.fr\/actualite\/societe\/20-cm-neige-attendus-departements-francais-previsions-de-meteo-france-1217369.html\" target=\"_blank\" rel=\"noopener\"><br \/>\ncelles attendues ce week-end<\/a>, qui vont bien regarnir les<br \/>\n<strong>pistes de ski<\/strong>. Et ce alors m\u00eame qu\u2019un hiver<br \/>\nrelativement doux \u00e9tait annonc\u00e9. L\u2019occasion de se rem\u00e9morer cette<br \/>\nfois o\u00f9 les Bordelais se sont fait surprendre par un <strong>hiver<br \/>\nd\u2019une rare intensit\u00e9<\/strong>, le temps d\u2019une temp\u00eate de neige de<br \/>\ndeux jours.<\/p>\n<p>De la neige comme jamais la ville de Bordeaux en a connu en<br \/>\nplein hiver<\/p>\n<p>Il faut, pour \u00e7a, remonter le temps et s\u2019arr\u00eater en 1956 et plus<br \/>\npr\u00e9cis\u00e9ment au mois de f\u00e9vrier. Rien, quelques jours avant<br \/>\nl\u2019arriv\u00e9e de la <strong>vague de froid<\/strong>, ne laissait<br \/>\npr\u00e9sager une telle intensit\u00e9. Une puissance telle que les habitants<br \/>\nqui l\u2019ont connue \u00e0 l\u2019\u00e9poque s\u2019en souviennent encore<br \/>\naujourd\u2019hui.<\/p>\n<p>D\u00e8s le d\u00e9but du mois de f\u00e9vrier, les temp\u00e9ratures chutent<br \/>\nconsid\u00e9rablement. On perd entre 20 et 25 degr\u00e9s sur l\u2019ensemble du<br \/>\npays en moyenne, en raison d\u2019un flux d\u2019est glacial, en provenance<br \/>\nde la Sib\u00e9rie. Le 2 f\u00e9vrier, un froid glacial s\u2019abat sur la France<br \/>\n: le thermom\u00e8tre plonge \u00e0 <strong>-18 \u00b0C<\/strong> \u00e0 Lyon comme \u00e0<br \/>\nParis, tandis que le sud-est, peu habitu\u00e9 \u00e0 de telles temp\u00e9ratures,<br \/>\ngrelotte autour de -10 \u00b0C en moyenne.<\/p>\n<p><img loading=\"lazy\" decoding=\"async\" aria-describedby=\"caption-attachment-1216360\" itemprop=\"thumbnailUrl\" class=\"size-full wp-image-1216360 img-responsive\" src=\"https:\/\/www.europesays.com\/fr\/wp-content\/uploads\/2026\/01\/illu-2025-10-31t120427.207.jpg\" alt=\"Neige\" width=\"1280\" height=\"720\"\/> \u00a9<br \/>\nshutterstock<\/p>\n<p id=\"caption-attachment-1216360\" class=\"wp-caption-text\">Plus<br \/>\nd\u2019un m\u00e8tre de neige dans les rues de la ville\u00a0<\/p>\n<p>Plus d\u2019un m\u00e8tre de neige dans les rues<br \/>\nde la ville<\/p>\n<p>Cet \u00e9pisode de froid est si intense que la Gironde enti\u00e8re est<br \/>\nensevelie sous la neige, que l<strong>a Garonne se retrouve<br \/>\ngel\u00e9e<\/strong> (avec des temp\u00e9ratures qui stagnent entre -5\u00b0C et<br \/>\n-10\u00b0C) et que tous les habitants de Bordeaux se retrouvent coinc\u00e9s<br \/>\nchez eux, dans l\u2019incapacit\u00e9 de pouvoir circuler. ll faut dire,<br \/>\ncomme le rappelle le quotidien r\u00e9gional <a href=\"https:\/\/www.sudouest.fr\/gironde\/bordeaux\/bordeaux-1-metre-de-neige-fin-fevrier-1956-nos-lecteurs-se-souviennent-2808832.php\" target=\"_blank\" rel=\"nofollow noopener\">Sud-Oues<\/a>t, que la<br \/>\nneige atteint une \u00e9paisseur d\u20191m50 \u00e0 certains endroits.<\/p>\n<p>Batailles de boules de neige, <strong>glissade en luge<\/strong>,<br \/>\ndescente de la rue Juda\u00efque avec des skis en bois sont quelques-uns<br \/>\ndes souvenirs des lecteurs, partag\u00e9s avec le magazine. Un hiver qui<br \/>\nn\u2019est pas sans rappeler celui qu\u2019a <a href=\"https:\/\/www.mariefrance.fr\/actualite\/societe\/30-cm-de-neige-des-temperatures-minimales-de-10-cet-episode-de-froid-exceptionnel-en-plein-novembre-qui-a-marque-les-habitants-de-lyon-1217424.html\" target=\"_blank\" rel=\"noopener\"><br \/>\nconnu Lyon en novembre<\/a> quelques ann\u00e9es plus tard.<\/p>\n","protected":false},"excerpt":{"rendered":"F\u00eatera-t-on No\u00ebl au balcon comme le dit l\u2019expression, ou aura-t-on la chance de voir cette ann\u00e9e de jolies&hellip;\n","protected":false},"author":2,"featured_media":648747,"comment_status":"","ping_status":"","sticky":false,"template":"","format":"standard","meta":{"footnotes":""},"categories":[2817],"tags":[1111,11,1997,1777,674,1011,27,12,2219,25,6055],"class_list":{"0":"post-648746","1":"post","2":"type-post","3":"status-publish","4":"format-standard","5":"has-post-thumbnail","7":"category-bordeaux","8":"tag-actu","9":"tag-actualites","10":"tag-bordeaux","11":"tag-eu","12":"tag-europe","13":"tag-fr","14":"tag-france","15":"tag-news","16":"tag-nouvelle-aquitaine","17":"tag-republique-francaise","18":"tag-republishing"},"share_on_mastodon":{"url":"https:\/\/pubeurope.com\/@fr\/115857956793360646","error":""},"_links":{"self":[{"href":"https:\/\/www.europesays.com\/fr\/wp-json\/wp\/v2\/posts\/648746","targetHints":{"allow":["GET"]}}],"collection":[{"href":"https:\/\/www.europesays.com\/fr\/wp-json\/wp\/v2\/posts"}],"about":[{"href":"https:\/\/www.europesays.com\/fr\/wp-json\/wp\/v2\/types\/post"}],"author":[{"embeddable":true,"href":"https:\/\/www.europesays.com\/fr\/wp-json\/wp\/v2\/users\/2"}],"replies":[{"embeddable":true,"href":"https:\/\/www.europesays.com\/fr\/wp-json\/wp\/v2\/comments?post=648746"}],"version-history":[{"count":0,"href":"https:\/\/www.europesays.com\/fr\/wp-json\/wp\/v2\/posts\/648746\/revisions"}],"wp:featuredmedia":[{"embeddable":true,"href":"https:\/\/www.europesays.com\/fr\/wp-json\/wp\/v2\/media\/648747"}],"wp:attachment":[{"href":"https:\/\/www.europesays.com\/fr\/wp-json\/wp\/v2\/media?parent=648746"}],"wp:term":[{"taxonomy":"category","embeddable":true,"href":"https:\/\/www.europesays.com\/fr\/wp-json\/wp\/v2\/categories?post=648746"},{"taxonomy":"post_tag","embeddable":true,"href":"https:\/\/www.europesays.com\/fr\/wp-json\/wp\/v2\/tags?post=648746"}],"curies":[{"name":"wp","href":"https:\/\/api.w.org\/{rel}","templated":true}]}}