{"id":648755,"date":"2026-01-08T06:12:23","date_gmt":"2026-01-08T06:12:23","guid":{"rendered":"https:\/\/www.europesays.com\/fr\/648755\/"},"modified":"2026-01-08T06:12:23","modified_gmt":"2026-01-08T06:12:23","slug":"des-supporters-algeriens-grimpent-sur-le-sapin-de-noel-de-marseille","status":"publish","type":"post","link":"https:\/\/www.europesays.com\/fr\/648755\/","title":{"rendered":"des supporters alg\u00e9riens grimpent sur le sapin de No\u00ebl de Marseille"},"content":{"rendered":"<p>            <img decoding=\"async\" alt=\"Des supporters de l'Alg\u00e9rie f\u00eatent la victoire de leur \u00e9quipe \u00e0 Marseille, le 6 janvier 2025.\" src=\"https:\/\/www.europesays.com\/fr\/wp-content\/uploads\/2026\/01\/sipa_01247376_000003.jpg\" width=\"375\" height=\"250\" loading=\"lazy\"\/><\/p>\n<p>\n    Des supporters de l&rsquo;Alg\u00e9rie f\u00eatent la victoire de leur \u00e9quipe \u00e0 Marseille, le 6 janvier 2025.<\/p>\n<p>                Frederic MUNSCH\/SIPA<br \/>\n                                        \/<br \/>\n                                                    \u00a9 Frederic MUNSCH\/SIPA<\/p>\n<p>Depuis la victoire de l&rsquo;<a href=\"https:\/\/www.lejdd.fr\/Tags\/Algerie\" target=\"_blank\" rel=\"noopener\">Alg\u00e9rie<\/a> face \u00e0 la R\u00e9publique d\u00e9mocratique du Congo en 8e de finale de la Coupe d\u2019Afrique des nations (CAN) ce mardi soir, des vid\u00e9os de supporters f\u00eatant cette victoire, parfois de mani\u00e8re agit\u00e9e, inondent les r\u00e9seaux sociaux. Une s\u00e9quence en particulier, \u00e0 Marseille, suscite l&rsquo;indignation ces derni\u00e8res heures. Une vid\u00e9o, non dat\u00e9e, mais visiblement prise dans la foul\u00e9e du match au vu des drapeaux alg\u00e9riens agit\u00e9s et des slogans scand\u00e9s, montre plusieurs individus grimper sur le grand sapin install\u00e9 pour No\u00ebl sur la Canebi\u00e8re, d\u00e9t\u00e9riorant au passage ses d\u00e9corations.<\/p>\n<p><strong>\u00ab <\/strong>Hier soir \u00e0 Marseille, en attaquant la police par des jets de projectiles et en d\u00e9t\u00e9riorant les d\u00e9corations de No\u00ebl, les supporters alg\u00e9riens s\u2019en sont pris \u00e0 l\u2019ordre public et \u00e0 la culture fran\u00e7aise, a fustig\u00e9 le s\u00e9nateur des Bouches-du-Rh\u00f4ne <a href=\"https:\/\/www.lejdd.fr\/Societe\/marseille-stephane-ravier-denonce-un-tag-christianophobe-sur-une-eglise-a-marseille-164663\" target=\"_blank\" rel=\"noopener\">St\u00e9phane Ravier<\/a> sur X. Et de cingler : <strong>\u00ab <\/strong>Chacune de leur victoire est une d\u00e9faite de la France ! Qu\u2019ils d\u00e9gagent ! <strong>\u00bb <\/strong>Le d\u00e9put\u00e9 <a href=\"https:\/\/www.lejdd.fr\/Tags\/Front-national\" target=\"_blank\" rel=\"noopener\">RN<\/a> Alexandre Sabatou a de son c\u00f4t\u00e9 accus\u00e9 ces supporters de <strong>\u00ab <\/strong>d\u00e9tester la France et ses traditions <strong>\u00bb<\/strong>. Plus remont\u00e9, Jean Messiha, a lui qualifi\u00e9 cet incident d&rsquo;<strong>\u00ab <\/strong>agression anti-fran\u00e7aise <strong>\u00bb<\/strong>.<\/p>\n<p>    La suite apr\u00e8s cette publicit\u00e9<\/p>\n<blockquote class=\"twitter-tweet\">\n<p lang=\"fr\" dir=\"ltr\">Hier soir \u00e0 Marseille, en attaquant la police par des jets de projectiles et en d\u00e9t\u00e9riorant les d\u00e9corations de No\u00ebl, les supporters alg\u00e9riens s\u2019en sont pris \u00e0 l\u2019ordre public et \u00e0 la culture fran\u00e7aise.<\/p>\n<p>Chacune de leur victoire\ud83c\udde9\ud83c\uddff est une d\u00e9faite de la France\ud83c\uddeb\ud83c\uddf7 !<br \/>Qu\u2019ils d\u00e9gagent ! <a href=\"https:\/\/t.co\/TWE4IeFQpP\">https:\/\/t.co\/TWE4IeFQpP<\/a><\/p>\n<p>\u2014 St\u00e9phane Ravier (@Stephane_Ravier) <a href=\"https:\/\/twitter.com\/Stephane_Ravier\/status\/2008941889672892763?ref_src=twsrc%5Etfw\" target=\"_blank\" rel=\"noopener\">January 7, 2026<\/a><\/p><\/blockquote>\n<p>\u00c0 <a href=\"https:\/\/www.lejdd.fr\/paris\" target=\"_blank\" rel=\"noopener\">Paris<\/a>, des \u00e9chauffour\u00e9es ont \u00e9clat\u00e9 dans le nord de la ville, menant \u00e0 la fermeture de la station Barb\u00e8s. Des grenades lacrymog\u00e8nes ont \u00e9t\u00e9 tir\u00e9es et au moins une interpellation a eu lieu, selon le journaliste de Valeurs actuelles Amaury Brelet. Des compagnies d\u2019intervention avaient \u00e9galement \u00e9t\u00e9 d\u00e9ploy\u00e9es sur les Champs-\u00c9lys\u00e9es.\u00a0<\/p>\n<p>Ces d\u00e9bordements \u00e9taient redout\u00e9s par la pr\u00e9fecture de police de Paris. Des incidents ont aussi \u00e9t\u00e9 signal\u00e9s sur les routes ailleurs en France. \u00c0 Lyon, la d\u00e9put\u00e9e RN Tiffany Joncour a diffus\u00e9 sur X des images de supporters alg\u00e9riens bloquant la circulation et jouant au football sur la chauss\u00e9e.<\/p>\n<p>                                    <script async src=\"https:\/\/platform.twitter.com\/widgets.js\" charset=\"utf-8\"><\/script><\/p>\n","protected":false},"excerpt":{"rendered":"Des supporters de l&rsquo;Alg\u00e9rie f\u00eatent la victoire de leur \u00e9quipe \u00e0 Marseille, le 6 janvier 2025. Frederic MUNSCH\/SIPA&hellip;\n","protected":false},"author":2,"featured_media":648756,"comment_status":"","ping_status":"","sticky":false,"template":"","format":"standard","meta":{"footnotes":""},"categories":[2814],"tags":[1111,11,1777,674,1011,27,884,12,882,25],"class_list":{"0":"post-648755","1":"post","2":"type-post","3":"status-publish","4":"format-standard","5":"has-post-thumbnail","7":"category-marseille","8":"tag-actu","9":"tag-actualites","10":"tag-eu","11":"tag-europe","12":"tag-fr","13":"tag-france","14":"tag-marseille","15":"tag-news","16":"tag-provence-alpes-cote-dazur","17":"tag-republique-francaise"},"share_on_mastodon":{"url":"https:\/\/pubeurope.com\/@fr\/115858003958266366","error":""},"_links":{"self":[{"href":"https:\/\/www.europesays.com\/fr\/wp-json\/wp\/v2\/posts\/648755","targetHints":{"allow":["GET"]}}],"collection":[{"href":"https:\/\/www.europesays.com\/fr\/wp-json\/wp\/v2\/posts"}],"about":[{"href":"https:\/\/www.europesays.com\/fr\/wp-json\/wp\/v2\/types\/post"}],"author":[{"embeddable":true,"href":"https:\/\/www.europesays.com\/fr\/wp-json\/wp\/v2\/users\/2"}],"replies":[{"embeddable":true,"href":"https:\/\/www.europesays.com\/fr\/wp-json\/wp\/v2\/comments?post=648755"}],"version-history":[{"count":0,"href":"https:\/\/www.europesays.com\/fr\/wp-json\/wp\/v2\/posts\/648755\/revisions"}],"wp:featuredmedia":[{"embeddable":true,"href":"https:\/\/www.europesays.com\/fr\/wp-json\/wp\/v2\/media\/648756"}],"wp:attachment":[{"href":"https:\/\/www.europesays.com\/fr\/wp-json\/wp\/v2\/media?parent=648755"}],"wp:term":[{"taxonomy":"category","embeddable":true,"href":"https:\/\/www.europesays.com\/fr\/wp-json\/wp\/v2\/categories?post=648755"},{"taxonomy":"post_tag","embeddable":true,"href":"https:\/\/www.europesays.com\/fr\/wp-json\/wp\/v2\/tags?post=648755"}],"curies":[{"name":"wp","href":"https:\/\/api.w.org\/{rel}","templated":true}]}}