{"id":648757,"date":"2026-01-08T06:13:09","date_gmt":"2026-01-08T06:13:09","guid":{"rendered":"https:\/\/www.europesays.com\/fr\/648757\/"},"modified":"2026-01-08T06:13:09","modified_gmt":"2026-01-08T06:13:09","slug":"ce-phenomene-tres-dangereux-va-toucher-nos-routes","status":"publish","type":"post","link":"https:\/\/www.europesays.com\/fr\/648757\/","title":{"rendered":"ce ph\u00e9nom\u00e8ne tr\u00e8s dangereux va toucher nos routes"},"content":{"rendered":"<p>                    Par<br \/>\n        <strong><br \/>\n            <a href=\"https:\/\/actu.fr\/auteur\/redaction-lyon\" title=\"Consulter tous les articles de R\u00e9daction Lyon\" target=\"_blank\" rel=\"noopener\">R\u00e9daction Lyon<\/a><br \/>\n                    <\/strong><\/p>\n<p>        Publi\u00e9 le<\/p>\n<p>            8 janv. 2026 \u00e0 5h44        <\/p>\n<p>Apr\u00e8s la <a href=\"https:\/\/actu.fr\/auvergne-rhone-alpes\/lyon_69123\/neige-a-lyon-et-dans-le-rhone-accident-de-camion-gros-bouchons-et-bus-tcl-impactes_63666991.html\" target=\"_blank\" rel=\"noopener\">neige et de nouvelles chutes pr\u00e9vues dans la nuit<\/a>, place au verglas et \u00e0 de possibles <strong>pluies vergla\u00e7antes<\/strong> sur les routes de la m\u00e9tropole de Lyon et du d\u00e9partement du Rh\u00f4ne. Un ph\u00e9nom\u00e8ne particuli\u00e8rement dangereux provoquant des accidents est annonc\u00e9 ce jeudi 8 janvier 2026.<\/p>\n<p class=\" wall-content\">Ce jeudi matin, des pluies vergla\u00e7antes sont annonc\u00e9es sur le nord du Rh\u00f4ne notamment sur le secteur de Beaujeu. Les chutes de neige, m\u00eame si elles restent faibles et mod\u00e9r\u00e9es, de ces derni\u00e8res heures restant au sol peuvent geler et provoquer des ph\u00e9nom\u00e8nes de verglas au petit matin.<\/p>\n<p>Verglas matinal et de nouvelles chutes de neige<\/p>\n<p class=\" wall-content\">De nouvelles chutes de neige avec de la pluie m\u00eal\u00e9e sont d\u2019ailleurs annonc\u00e9es de nouveau dans la matin\u00e9e dans les secteurs de Belleville, Tarare, L\u2019Arbresle, Pusignan, Soucieu-en-Jarrest. La neige laissera place \u00e0 la pluie sur le Rh\u00f4ne dans l\u2019apr\u00e8s-midi de jeudi.<\/p>\n<p class=\" wall-content\">Le verglas et les pluies vergla\u00e7antes repr\u00e9sentent un danger majeur pour les conducteurs, car ils rendent la chauss\u00e9e extr\u00eamement glissante. La perte d\u2019adh\u00e9rence augmente fortement les risques de d\u00e9rapage, m\u00eame \u00e0 faible vitesse, et allonge consid\u00e9rablement les distances de freinage. Dans ces conditions, le contr\u00f4le du v\u00e9hicule devient difficile, notamment dans les virages et lors des freinages brusques.<\/p>\n<p class=\" wall-content\">La visibilit\u00e9 peut \u00e9galement \u00eatre r\u00e9duite par l\u2019accumulation de glace sur le pare-brise et les r\u00e9troviseurs. C\u2019est pourquoi il est essentiel d\u2019adapter sa conduite, de r\u00e9duire sa vitesse et, si possible, d\u2019\u00e9viter de prendre la route lors de tels \u00e9pisodes m\u00e9t\u00e9orologiques.<\/p>\n<p class=\" wall-content\">Personnalisez votre actualit\u00e9 en ajoutant vos villes et m\u00e9dias en favori avec <a href=\"https:\/\/moncompte.actu.fr\" title=\"D\u00e9couvez Mon Actu\" rel=\"nofollow noopener\" data-trk=\"{&quot;cta&quot;:{&quot;action&quot;:&quot;https:\\\/\\\/moncompte.actu.fr&quot;,&quot;category&quot;:&quot;mon compte&quot;,&quot;from&quot;:&quot;article footer&quot;,&quot;name&quot;:&quot;Mon actu&quot;,&quot;type&quot;:&quot;cta&quot;}}\" target=\"_blank\">Mon Actu<\/a>.<\/p>\n","protected":false},"excerpt":{"rendered":"Par R\u00e9daction Lyon Publi\u00e9 le 8 janv. 2026 \u00e0 5h44 Apr\u00e8s la neige et de nouvelles chutes pr\u00e9vues&hellip;\n","protected":false},"author":2,"featured_media":648758,"comment_status":"","ping_status":"","sticky":false,"template":"","format":"standard","meta":{"footnotes":""},"categories":[1889],"tags":[1111,11,2430,1777,674,1011,27,2428,2487,2357,10584,12,25,66801],"class_list":{"0":"post-648757","1":"post","2":"type-post","3":"status-publish","4":"format-standard","5":"has-post-thumbnail","7":"category-lyon","8":"tag-actu","9":"tag-actualites","10":"tag-auvergne-rhone-alpes","11":"tag-eu","12":"tag-europe","13":"tag-fr","14":"tag-france","15":"tag-lyon","16":"tag-meteo","17":"tag-meteo-france","18":"tag-neige","19":"tag-news","20":"tag-republique-francaise","21":"tag-verglas"},"share_on_mastodon":{"url":"https:\/\/pubeurope.com\/@fr\/115858008062587892","error":""},"_links":{"self":[{"href":"https:\/\/www.europesays.com\/fr\/wp-json\/wp\/v2\/posts\/648757","targetHints":{"allow":["GET"]}}],"collection":[{"href":"https:\/\/www.europesays.com\/fr\/wp-json\/wp\/v2\/posts"}],"about":[{"href":"https:\/\/www.europesays.com\/fr\/wp-json\/wp\/v2\/types\/post"}],"author":[{"embeddable":true,"href":"https:\/\/www.europesays.com\/fr\/wp-json\/wp\/v2\/users\/2"}],"replies":[{"embeddable":true,"href":"https:\/\/www.europesays.com\/fr\/wp-json\/wp\/v2\/comments?post=648757"}],"version-history":[{"count":0,"href":"https:\/\/www.europesays.com\/fr\/wp-json\/wp\/v2\/posts\/648757\/revisions"}],"wp:featuredmedia":[{"embeddable":true,"href":"https:\/\/www.europesays.com\/fr\/wp-json\/wp\/v2\/media\/648758"}],"wp:attachment":[{"href":"https:\/\/www.europesays.com\/fr\/wp-json\/wp\/v2\/media?parent=648757"}],"wp:term":[{"taxonomy":"category","embeddable":true,"href":"https:\/\/www.europesays.com\/fr\/wp-json\/wp\/v2\/categories?post=648757"},{"taxonomy":"post_tag","embeddable":true,"href":"https:\/\/www.europesays.com\/fr\/wp-json\/wp\/v2\/tags?post=648757"}],"curies":[{"name":"wp","href":"https:\/\/api.w.org\/{rel}","templated":true}]}}