{"id":648759,"date":"2026-01-08T06:14:13","date_gmt":"2026-01-08T06:14:13","guid":{"rendered":"https:\/\/www.europesays.com\/fr\/648759\/"},"modified":"2026-01-08T06:14:13","modified_gmt":"2026-01-08T06:14:13","slug":"le-bois-de-la-part-dieu-a-ete-inaugure","status":"publish","type":"post","link":"https:\/\/www.europesays.com\/fr\/648759\/","title":{"rendered":"Le bois de la Part-Dieu a \u00e9t\u00e9 inaugur\u00e9"},"content":{"rendered":"<p><strong>La premi\u00e8re phase de ce espace public situ\u00e9 face \u00e0 la gare Part-Dieu et la place B\u00e9raudier a \u00e9t\u00e9 inaugur\u00e9e mardi par Bruno Bernard et Gr\u00e9gory Doucet.<\/strong><\/p>\n<p>L\u2019inauguration du \u00abbois de la Part-Dieu\u00bb s\u2019est d\u00e9roul\u00e9e ce mardi. \u00c9taient pr\u00e9sents \u00e0 cette occasion Bruno Bernard, pr\u00e9sident de la M\u00e9tropole, Gr\u00e9gory Doucet, maire de Lyon, et Marion Sessiecq, maire du 3e arrondissement . Ce nouvel am\u00e9nagement qui fait face, de l\u2019autre c\u00f4t\u00e9 du boulevard Viver-Merle, \u00e0 la nouvelle place B\u00e9raudier, constitue un prolongement de l\u2019am\u00e9nagement de l\u2019espace public pr\u00e9sent devant la gare. L\u2019\u00eelot v\u00e9g\u00e9talis\u00e9 vise ainsi \u00e0 offrir un \u00eelot de fra\u00eecheur au c\u0153ur du quartier de la gare, au sein duquel de nombreux usagers effectuent leur d\u00e9placement au quotidien.<\/p>\n<p>Cet am\u00e9nagement constitue un changement de paradigme au sein du quartier de la Part-Dieu, qui avait \u00e9t\u00e9 con\u00e7u dans les ann\u00e9es 1960-70 sur la base d\u2019un urbanisme de dalle et d\u2019espaces publics min\u00e9ralis\u00e9s. Or, face au ph\u00e9nom\u00e8ne d\u2019\u00eelot de chaleur urbain qui se renforce avec le changement climatique, l\u2019action de l\u2019actuelle majorit\u00e9 \u00e9cologiste s\u2019est tr\u00e8s vite orient\u00e9e en d\u00e9but de mandat par une acc\u00e9l\u00e9ration de la v\u00e9g\u00e9talisation du quartier afin d\u2019adapter la Part-Dieu \u00e0 ces enjeux.<\/p>\n<p><img decoding=\"async\" src=\"https:\/\/www.europesays.com\/fr\/wp-content\/uploads\/2025\/04\/abonnezvouslarge.jpg\" alt=\"\"\/><\/p>\n<p>Pour lire la totalit\u00e9 de l&rsquo;article,<strong><a href=\"http:\/\/www.lyonpoleimmo.com\/membership-options-page\/\" target=\"_blank\" rel=\"noopener\">abonnez-vous<\/a> <\/strong>ou <a href=\"http:\/\/www.lyonpoleimmo.com\/senregistrer\/\" target=\"_blank\" rel=\"noopener\"><strong>identifiez-vous<\/strong><\/a> <\/p>\n<p>                  <img loading=\"lazy\" decoding=\"async\" alt=\"\" src=\"https:\/\/www.europesays.com\/fr\/wp-content\/uploads\/2026\/01\/1767852853_183_aa80fbcec76b8e31baa828b9e8df762388c5950be21994636af3fb2f598021ac.jpeg\"  class=\"avatar avatar-96 photo\" height=\"96\" width=\"96\"\/>              <\/p>\n<p>\t\tNavigation d\u2019article<\/p>\n","protected":false},"excerpt":{"rendered":"La premi\u00e8re phase de ce espace public situ\u00e9 face \u00e0 la gare Part-Dieu et la place B\u00e9raudier a&hellip;\n","protected":false},"author":2,"featured_media":639746,"comment_status":"","ping_status":"","sticky":false,"template":"","format":"standard","meta":{"footnotes":""},"categories":[1889],"tags":[5265,1111,11,2430,7655,1777,674,1011,27,23562,21944,2428,12,25,1352],"class_list":{"0":"post-648759","1":"post","2":"type-post","3":"status-publish","4":"format-standard","5":"has-post-thumbnail","7":"category-lyon","8":"tag-abonnes","9":"tag-actu","10":"tag-actualites","11":"tag-auvergne-rhone-alpes","12":"tag-bureaux","13":"tag-eu","14":"tag-europe","15":"tag-fr","16":"tag-france","17":"tag-immo-dentreprise","18":"tag-immobilier-durable","19":"tag-lyon","20":"tag-news","21":"tag-republique-francaise","22":"tag-urbanisme"},"share_on_mastodon":{"url":"https:\/\/pubeurope.com\/@fr\/115858011841422861","error":""},"_links":{"self":[{"href":"https:\/\/www.europesays.com\/fr\/wp-json\/wp\/v2\/posts\/648759","targetHints":{"allow":["GET"]}}],"collection":[{"href":"https:\/\/www.europesays.com\/fr\/wp-json\/wp\/v2\/posts"}],"about":[{"href":"https:\/\/www.europesays.com\/fr\/wp-json\/wp\/v2\/types\/post"}],"author":[{"embeddable":true,"href":"https:\/\/www.europesays.com\/fr\/wp-json\/wp\/v2\/users\/2"}],"replies":[{"embeddable":true,"href":"https:\/\/www.europesays.com\/fr\/wp-json\/wp\/v2\/comments?post=648759"}],"version-history":[{"count":0,"href":"https:\/\/www.europesays.com\/fr\/wp-json\/wp\/v2\/posts\/648759\/revisions"}],"wp:featuredmedia":[{"embeddable":true,"href":"https:\/\/www.europesays.com\/fr\/wp-json\/wp\/v2\/media\/639746"}],"wp:attachment":[{"href":"https:\/\/www.europesays.com\/fr\/wp-json\/wp\/v2\/media?parent=648759"}],"wp:term":[{"taxonomy":"category","embeddable":true,"href":"https:\/\/www.europesays.com\/fr\/wp-json\/wp\/v2\/categories?post=648759"},{"taxonomy":"post_tag","embeddable":true,"href":"https:\/\/www.europesays.com\/fr\/wp-json\/wp\/v2\/tags?post=648759"}],"curies":[{"name":"wp","href":"https:\/\/api.w.org\/{rel}","templated":true}]}}