{"id":648760,"date":"2026-01-08T06:16:19","date_gmt":"2026-01-08T06:16:19","guid":{"rendered":"https:\/\/www.europesays.com\/fr\/648760\/"},"modified":"2026-01-08T06:16:19","modified_gmt":"2026-01-08T06:16:19","slug":"neige-en-ile-de-france-retour-a-la-normale-sur-les-routes-aucun-bus-la-n-118-toujours-fermee-le-point-sur-la-circulation","status":"publish","type":"post","link":"https:\/\/www.europesays.com\/fr\/648760\/","title":{"rendered":"Neige en \u00cele-de-France\u00a0: retour \u00e0 la normale sur les routes, aucun bus, la N\u00a0118 toujours ferm\u00e9e\u2026 Le point sur la circulation"},"content":{"rendered":"<p class=\"lp-f-subtitle-01\">Ce mercredi apr\u00e8s-midi, la neige qui tombe sur la r\u00e9gion continue d\u2019affecter les modes de d\u00e9placement des Franciliens.<\/p>\n<p class=\"\">Neige <a href=\"https:\/\/www.leparisien.fr\/info-paris-ile-de-france-oise\/\" target=\"_self\" rel=\"noopener\">en \u00cele-de-France<\/a>, \u00e9pisode 2. Apr\u00e8s les premi\u00e8res chutes de lundi en fin d\u2019apr\u00e8s-midi, la r\u00e9gion s\u2019est r\u00e9veill\u00e9e deux jours plus tard avec un nouveau manteau blanc. Et avec des cons\u00e9quences bien concr\u00e8tes sur les transports en commun et les routes.<\/p>\n<p>Les bus RATP et IDFM au d\u00e9p\u00f4t<\/p>\n<p class=\"\">Premi\u00e8re d\u2019entre elles, le retour au d\u00e9p\u00f4t des bus. D\u00e8s 7\u00a0heures du matin, <a href=\"https:\/\/www.leparisien.fr\/info-paris-ile-de-france-oise\/transports\/ratp\/\" target=\"_self\" rel=\"noopener\">la RATP<\/a> a annonc\u00e9 que ses bus ne circuleraient plus, et ce \u00ab\u00a0au moins jusqu\u2019\u00e0 12\u00a0heures\u00a0\u00bb, tant que \u00ab\u00a0les conditions de s\u00e9curit\u00e9 (ne seront pas) \u00e0 nouveau r\u00e9unies\u00a0\u00bb. M\u00eame chose du c\u00f4t\u00e9 des bus d\u2019\u00cele-de-France Mobilit\u00e9s. Sur BFMTV, le directeur g\u00e9n\u00e9ral d\u2019IDFM a d\u2019ailleurs d\u00e9clar\u00e9 qu\u2019il \u00e9tait \u00ab\u00a0probable qu\u2019une grande partie des bus ne circule pas ce soir\u00a0\u00bb dans la r\u00e9gion.<\/p>\n<p class=\"\">Pour l\u2019heure, la circulation des m\u00e9tros reste fluide.<\/p>\n<p>La N\u00a0118 ferm\u00e9e<\/p>\n<p class=\"\">V\u00e9ritable <a href=\"https:\/\/www.leparisien.fr\/essonne-91\/naufrages-de-la-n-118-le-plan-de-l-etat-pour-eviter-une-nouvelle-crise-cet-hiver-15-11-2018-7944033.php\" target=\"_blank\" rel=\"noreferrer noopener\">pi\u00e8ge \u00e0 automobilistes<\/a> en cas de verglas, la N\u00a0118 a \u00e9t\u00e9 ferm\u00e9e \u00e0 la circulation dans les deux sens, des\u00a0Ulis <a href=\"https:\/\/www.leparisien.fr\/essonne-91\/\" target=\"_self\" rel=\"noopener\">(Essonne)<\/a> \u00e0 S\u00e8vres <a href=\"https:\/\/www.leparisien.fr\/hauts-de-seine-92\/\" target=\"_self\" rel=\"noopener\">(Hauts-de-Seine)<\/a>, sur d\u00e9cision du pr\u00e9fet de police, \u00e0 8h45. \u00c0 13h30, elle reste ferm\u00e9e.<\/p>\n<p>Moins de 100\u00a0km de bouchons<\/p>\n<p class=\"\">Sur les routes, la situation s\u2019am\u00e9liore. Apr\u00e8s avoir connu une explosion, le cumul des bouchons diminue sagement depuis 10\u00a0heures et s\u2019\u00e9tablit \u00e0 moins de 100\u00a0km en d\u00e9but d\u2019apr\u00e8s. Un nombre juste en dessous de la moyenne pour un mercredi \u00e0 cette heure-ci. Pour rappel, le record a \u00e9t\u00e9 battu lundi, avec 1\u00a0019\u00a0km de ralentissements cumul\u00e9s.<\/p>\n<p>Des RER perturb\u00e9s<\/p>\n<p class=\"\">Ailleurs, les RER\u00a0B et E connaissent quelques perturbations. Ainsi, <a href=\"https:\/\/www.leparisien.fr\/economie\/sncf\/\" target=\"_self\" rel=\"noopener\">la SNCF<\/a> indique sur X que le trafic est \u00ab\u00a0perturb\u00e9 sur l\u2019ensemble de la ligne\u00a0\u00bb du RER\u00a0B et pr\u00e9voit \u00ab\u00a0des retards et des suppressions de trains\u00a0\u00bb pour le <a href=\"https:\/\/www.leparisien.fr\/info-paris-ile-de-france-oise\/transports\/rer-b\/\" target=\"_self\" rel=\"noopener\">RER\u00a0B<\/a>. Sur le RER\u00a0C, le trafic est interrompu entre Saint-Quentin en Yvelines &#8211; Montigny-le-Bretonneux et Viroflay Rive Gauche jusqu\u2019\u00e0 14\u00a0heures. C\u00f4t\u00e9 RER\u00a0E, la SNCF \u00e9voque un trafic \u00ab\u00a0perturb\u00e9\u00a0\u00bb.<\/p>\n<p class=\"\">En ce d\u00e9but d\u2019apr\u00e8s-midi, les complications sont plut\u00f4t du c\u00f4t\u00e9 des Transilien, o\u00f9 les lignes N et U sont totalement interrompues jusqu\u2019\u00e0 14\u00a0heures. Enfin, le trafic de la ligne\u00a0V est interrompu entre Versailles Chantiers et Massy-Palaiseau dans les 2 sens jusqu\u2019\u00e0 14h30.<\/p>\n<p>Des lignes de tramway interrompues<\/p>\n<p class=\"\">Le trafic fonctionne normalement sur la plupart des lignes mais est interrompu sur le T4 jusqu\u2019\u00e0 13\u00a0heures. Du c\u00f4t\u00e9 du T8, il devait \u00eatre interrompu jusqu\u2019\u00e0 15\u00a0heures mais a pu reprendre \u00e0 10\u00a0heures, tout en restant \u00ab\u00a0tr\u00e8s perturb\u00e9\u00a0\u00bb. Sur le T6, le trafic a pu reprendre \u00e0 la mi-journ\u00e9e.<\/p>\n<p>Des trains en retard dans les gares parisiennes<\/p>\n<p class=\"\">Les gares parisiennes subissent elles aussi la m\u00e9t\u00e9o. Ainsi, plusieurs trains sont en retard \u00e0 l\u2019arriv\u00e9e. \u00c0 Montparnasse, les trains en provenance de Bordeaux ou de Toulouse sont en retard d\u2019une heure environ en raison de la neige, quand d\u2019autres sont supprim\u00e9s (depuis La\u00a0Rochelle ou Le\u00a0Mans). Toujours \u00e0 Montparnasse, d\u2019autres TGV arrivent avec 10 \u00e0 30 minutes de retard.<\/p>\n<p>La pagaille dans les a\u00e9roports<\/p>\n<p class=\"\">Une centaine de vols ont \u00e9t\u00e9 annul\u00e9s mercredi matin \u00e0 l\u2019a\u00e9roport de Roissy Charles-de-Gaulle et environ 40 vols \u00e0 Orly en raison de la neige, \u00ab\u00a0en esp\u00e9rant que la situation revienne \u00e0 la normale cet apr\u00e8s-midi\u00a0\u00bb, a d\u00e9clar\u00e9 le ministre des Transports Philippe Tabarot sur CNews.<\/p>\n<p class=\"\">Ces suppressions de vols avaient \u00e9t\u00e9 anticip\u00e9es la veille. Le ministre a par ailleurs appel\u00e9 \u00e0 la \u00ab\u00a0vigilance\u00a0\u00bb sur \u00ab\u00a0l\u2019ensemble du territoire\u00a0\u00bb, \u00ab\u00a0notamment par rapport aux pluies vergla\u00e7antes qui n\u2019ont pas toujours \u00e9t\u00e9 annonc\u00e9es et peuvent arriver \u00e0 tout moment\u00a0\u00bb.<\/p>\n","protected":false},"excerpt":{"rendered":"Ce mercredi apr\u00e8s-midi, la neige qui tombe sur la r\u00e9gion continue d\u2019affecter les modes de d\u00e9placement des Franciliens.&hellip;\n","protected":false},"author":2,"featured_media":648761,"comment_status":"","ping_status":"","sticky":false,"template":"","format":"standard","meta":{"footnotes":""},"categories":[1592],"tags":[1111,11,1777,674,1011,27,662,1944,12,626,25,2382],"class_list":{"0":"post-648760","1":"post","2":"type-post","3":"status-publish","4":"format-standard","5":"has-post-thumbnail","7":"category-ile-de-france","8":"tag-actu","9":"tag-actualites","10":"tag-eu","11":"tag-europe","12":"tag-fr","13":"tag-france","14":"tag-ile-de-france","15":"tag-ma-ville","16":"tag-news","17":"tag-paris","18":"tag-republique-francaise","19":"tag-transport-idf-oise"},"share_on_mastodon":{"url":"https:\/\/pubeurope.com\/@fr\/115858019707886016","error":""},"_links":{"self":[{"href":"https:\/\/www.europesays.com\/fr\/wp-json\/wp\/v2\/posts\/648760","targetHints":{"allow":["GET"]}}],"collection":[{"href":"https:\/\/www.europesays.com\/fr\/wp-json\/wp\/v2\/posts"}],"about":[{"href":"https:\/\/www.europesays.com\/fr\/wp-json\/wp\/v2\/types\/post"}],"author":[{"embeddable":true,"href":"https:\/\/www.europesays.com\/fr\/wp-json\/wp\/v2\/users\/2"}],"replies":[{"embeddable":true,"href":"https:\/\/www.europesays.com\/fr\/wp-json\/wp\/v2\/comments?post=648760"}],"version-history":[{"count":0,"href":"https:\/\/www.europesays.com\/fr\/wp-json\/wp\/v2\/posts\/648760\/revisions"}],"wp:featuredmedia":[{"embeddable":true,"href":"https:\/\/www.europesays.com\/fr\/wp-json\/wp\/v2\/media\/648761"}],"wp:attachment":[{"href":"https:\/\/www.europesays.com\/fr\/wp-json\/wp\/v2\/media?parent=648760"}],"wp:term":[{"taxonomy":"category","embeddable":true,"href":"https:\/\/www.europesays.com\/fr\/wp-json\/wp\/v2\/categories?post=648760"},{"taxonomy":"post_tag","embeddable":true,"href":"https:\/\/www.europesays.com\/fr\/wp-json\/wp\/v2\/tags?post=648760"}],"curies":[{"name":"wp","href":"https:\/\/api.w.org\/{rel}","templated":true}]}}