{"id":648762,"date":"2026-01-08T06:17:13","date_gmt":"2026-01-08T06:17:13","guid":{"rendered":"https:\/\/www.europesays.com\/fr\/648762\/"},"modified":"2026-01-08T06:17:13","modified_gmt":"2026-01-08T06:17:13","slug":"il-est-temps-de-rendre-a-nanterre-ce-qui-lui-appartient","status":"publish","type":"post","link":"https:\/\/www.europesays.com\/fr\/648762\/","title":{"rendered":"\u00ab Il est temps de rendre \u00e0 Nanterre ce qui lui appartient \u00bb"},"content":{"rendered":"<p>                    Par<br \/>\n        <strong><br \/>\n            <a href=\"https:\/\/actu.fr\/auteur\/thomas-rideau\" title=\"Consulter tous les articles de Thomas Rideau\" target=\"_blank\" rel=\"noopener\">Thomas Rideau<\/a><br \/>\n                    <\/strong><\/p>\n<p>        Publi\u00e9 le<\/p>\n<p>            8 janv. 2026 \u00e0 6h12        <\/p>\n<p>Est-ce que la programmation va <strong>radicalement changer\u2009?<\/strong> Est-ce que le sport y aura toujours toute sa place\u2009? Depuis l\u2019annonce inattendue de la vente de <a href=\"https:\/\/actu.fr\/tag\/paris-la-defense-arena\" target=\"_blank\" rel=\"noopener\">Paris La D\u00e9fense Arena<\/a>, situ\u00e9e \u00e0 <a href=\"https:\/\/actu.fr\/ile-de-france\/nanterre_92050\" target=\"_blank\" rel=\"noopener\">Nanterre (Hauts-de-Seine)<\/a>, au g\u00e9ant am\u00e9ricain Live Nation, les questions s\u2019accumulent. Et les commentaires de certains <strong>acteurs locaux<\/strong> montrent que la vente de la salle est re\u00e7ue de mani\u00e8re contrast\u00e9e.<\/p>\n<p>\u00ab\u2009Il est temps de rendre \u00e0 Nanterre ce qui lui appartient\u2009!\u2009\u00bb<\/p>\n<p class=\" wall-content\">Il y a d\u2019abord ceux qui applaudissent l\u2019achat des deux mains. \u00ab\u2009L\u2019acquisition de Paris La D\u00e9fense Arena par l\u2019un des plus gros producteurs mondiaux est <strong>une excellente nouvelle<\/strong>\u2009\u00bb, indique <strong>Paris La D\u00e9fense<\/strong>, l\u2019\u00e9tablissement public local charg\u00e9 de l\u2019am\u00e9nagement et de la promotion du quartier d\u2019affaires, dans une communication transmise \u00e0 actu Paris. \u00ab\u2009Elle prouve qu\u2019en \u00e0 peine dix ans, elle a su trouver une place de leader dans l\u2019industrie du spectacle.\u2009\u00bb<\/p>\n<p class=\" wall-content\">Des propos qui font \u00e9cho \u00e0 ceux de la direction de la salle de spectacle, qui \u00e9voque une \u00ab\u2009belle opportunit\u00e9\u2009\u00bb. \u00ab\u2009\u00c7a permet de capitaliser sur le succ\u00e8s grandissant de cette salle et d\u2019imaginer entrer dans une nouvelle \u00e8re encore plus ambitieuse, avec <a href=\"https:\/\/actu.fr\/ile-de-france\/nanterre_92050\/un-mastodonte-americain-des-concerts-en-passe-de-s-offrir-paris-la-defense-arena-plus-grande-salle-d-europe_63656550.html\" target=\"_blank\" rel=\"noopener\">le leader du divertissement mondial qu\u2019est Live Nation<\/a>\u2009\u00bb, note <strong>Fr\u00e9d\u00e9ric Longu\u00e9p\u00e9e<\/strong>, le directeur de la salle.<\/p>\n<p>\u00ab\u2009C\u2019est une bonne nouvelle pour l\u2019attractivit\u00e9\u2009\u00bb<\/p>\n<p class=\" wall-content\">\u00ab\u2009Cette transaction devrait s\u2019accompagner d\u2019une poursuite de l\u2019am\u00e9lioration continue de la qualit\u00e9 de service men\u00e9e par l\u2019Arena depuis son ouverture, et d\u2019une mont\u00e9e en puissance du nombre de concerts. <strong>C\u2019est une bonne nouvelle<\/strong> pour l\u2019attractivit\u00e9 du quartier, mais aussi pour les retomb\u00e9es \u00e9conomiques locales, h\u00f4tels et restaurateurs en particulier\u2009\u00bb, compl\u00e8te Paris La D\u00e9fense.<\/p>\n<p class=\" wall-content\">Mais, du c\u00f4t\u00e9 de Nanterre, la commune du maire Rapha\u00ebl Adam, on pr\u00e9vient que \u00ab\u2009l\u2019\u00e9volution \u00e9ventuelle du nombre de spectacles devra se faire en concertation avec la Ville de Nanterre, au regard des impacts sur le quartier et sur la ville. Dans cette logique, un marqueur important et symbolique <strong>se d\u00e9roule chaque ann\u00e9e \u00e0 l\u2019Arena<\/strong>, avec une rencontre de notre club de basket, Nanterre 92, gr\u00e2ce \u00e0 la mise \u00e0 disposition de la salle. La Ville de Nanterre entend imp\u00e9rativement maintenir cet \u00e9v\u00e9nement f\u00e9d\u00e9rateur pour la population nanterrienne.\u2009\u00bb<\/p>\n<p class=\" wall-content\">La commune esp\u00e8re que Live Nation saura \u00e9couter ses futurs partenaires locaux et ne pas balayer d\u2019un grand coup de balai ce qui a \u00e9t\u00e9 construit ces derni\u00e8res ann\u00e9es. D\u2019autant plus que le g\u00e9ant am\u00e9ricain a d\u00e9j\u00e0 promis un renforcement de la programmation.<\/p>\n<p class=\" wall-content\">Du c\u00f4t\u00e9 de Nanterre, on veut aussi profiter de cette vente pour rappeler<strong> un sujet particuli\u00e8rement sensible<\/strong>\u2009: \u00ab\u2009Cette salle dispose d\u2019un naming que la Ville de Nanterre n\u2019a jamais approuv\u00e9, car il a tendu \u00e0 l\u2019invisibiliser. Nanterre esp\u00e8re qu\u2019un nouveau naming verra le jour, qui l\u00e8vera l\u2019ambigu\u00eft\u00e9 sur la localisation de cette salle, qui n\u2019est ni \u00e0 Paris, ni \u00e0 La D\u00e9fense. L\u2019Arena se trouve \u00e0 Nanterre, rue des Sorins. Il est donc temps de rendre \u00e0 Nanterre ce qui lui appartient\u2009!\u2009\u00bb<\/p>\n<p>Votre r\u00e9gion, votre actu !<\/p>\n<p>Recevez chaque jour les infos qui comptent pour vous.<\/p>\n<p>\t<a href=\"https:\/\/actu.fr\/newsletter\" class=\"ac-btn ac-btn--corner ac-btn--medium ac-btn--blue800\" target=\"_blank\" rel=\"noopener\">S&rsquo;incrire<\/a><\/p>\n<p class=\" wall-content\">La r\u00e9action est donc un peu plus contrast\u00e9e du c\u00f4t\u00e9 de la commune, qui \u00ab\u2009prend acte de la vente\u2009\u00bb, mais attend de voir ce que va proposer ce nouvel acteur inattendu.<\/p>\n<p class=\" wall-content\">Personnalisez votre actualit\u00e9 en ajoutant vos villes et m\u00e9dias en favori avec <a href=\"https:\/\/moncompte.actu.fr\" title=\"D\u00e9couvez Mon Actu\" rel=\"nofollow noopener\" data-trk=\"{&quot;cta&quot;:{&quot;action&quot;:&quot;https:\\\/\\\/moncompte.actu.fr&quot;,&quot;category&quot;:&quot;mon compte&quot;,&quot;from&quot;:&quot;article footer&quot;,&quot;name&quot;:&quot;Mon actu&quot;,&quot;type&quot;:&quot;cta&quot;}}\" target=\"_blank\">Mon Actu<\/a>.<\/p>\n","protected":false},"excerpt":{"rendered":"Par Thomas Rideau Publi\u00e9 le 8 janv. 2026 \u00e0 6h12 Est-ce que la programmation va radicalement changer\u2009? Est-ce&hellip;\n","protected":false},"author":2,"featured_media":648763,"comment_status":"","ping_status":"","sticky":false,"template":"","format":"standard","meta":{"footnotes":""},"categories":[1888],"tags":[1111,1928,11,1927,1777,674,1011,27,1877,1652,12,1926,626,25137,1925,25],"class_list":{"0":"post-648762","1":"post","2":"type-post","3":"status-publish","4":"format-standard","5":"has-post-thumbnail","7":"category-paris","8":"tag-actu","9":"tag-actu-paris","10":"tag-actualites","11":"tag-actualites-paris","12":"tag-eu","13":"tag-europe","14":"tag-fr","15":"tag-france","16":"tag-la-defense","17":"tag-loisirs-culture","18":"tag-news","19":"tag-news-paris","20":"tag-paris","21":"tag-paris-la-defense-arena","22":"tag-paris-news","23":"tag-republique-francaise"},"share_on_mastodon":{"url":"https:\/\/pubeurope.com\/@fr\/115858024060268678","error":""},"_links":{"self":[{"href":"https:\/\/www.europesays.com\/fr\/wp-json\/wp\/v2\/posts\/648762","targetHints":{"allow":["GET"]}}],"collection":[{"href":"https:\/\/www.europesays.com\/fr\/wp-json\/wp\/v2\/posts"}],"about":[{"href":"https:\/\/www.europesays.com\/fr\/wp-json\/wp\/v2\/types\/post"}],"author":[{"embeddable":true,"href":"https:\/\/www.europesays.com\/fr\/wp-json\/wp\/v2\/users\/2"}],"replies":[{"embeddable":true,"href":"https:\/\/www.europesays.com\/fr\/wp-json\/wp\/v2\/comments?post=648762"}],"version-history":[{"count":0,"href":"https:\/\/www.europesays.com\/fr\/wp-json\/wp\/v2\/posts\/648762\/revisions"}],"wp:featuredmedia":[{"embeddable":true,"href":"https:\/\/www.europesays.com\/fr\/wp-json\/wp\/v2\/media\/648763"}],"wp:attachment":[{"href":"https:\/\/www.europesays.com\/fr\/wp-json\/wp\/v2\/media?parent=648762"}],"wp:term":[{"taxonomy":"category","embeddable":true,"href":"https:\/\/www.europesays.com\/fr\/wp-json\/wp\/v2\/categories?post=648762"},{"taxonomy":"post_tag","embeddable":true,"href":"https:\/\/www.europesays.com\/fr\/wp-json\/wp\/v2\/tags?post=648762"}],"curies":[{"name":"wp","href":"https:\/\/api.w.org\/{rel}","templated":true}]}}