{"id":648766,"date":"2026-01-08T06:19:25","date_gmt":"2026-01-08T06:19:25","guid":{"rendered":"https:\/\/www.europesays.com\/fr\/648766\/"},"modified":"2026-01-08T06:19:25","modified_gmt":"2026-01-08T06:19:25","slug":"chef-cuisinier-h-f-vous-travaillerez-2","status":"publish","type":"post","link":"https:\/\/www.europesays.com\/fr\/648766\/","title":{"rendered":"CHEF CUISINIER H\/F Vous travaillerez"},"content":{"rendered":"<p id=\"offerText\" class=\" keep-format p-0\">Piccola Mia recherche :&#13;<br \/>\n&#13;<br \/>\nCHEF CUISINIER H\/F&#13;<br \/>\n&#13;<br \/>\nVous travaillerez avec des produits frais et de saison.&#13;<br \/>\nVos missions :&#13;<br \/>\n&#8211; Cr\u00e9ation et renouvellement r\u00e9gulier des cartes&#13;<br \/>\n&#8211; Cr\u00e9ation des plats du jours et estimation du prix de vente selon les fiches techniques&#13;<br \/>\n&#8211; Encadrement de l&rsquo;\u00e9quipe de cuisine et de pizza&#13;<br \/>\n&#8211; Suivre et contr\u00f4ler la mise en place du service&#13;<br \/>\n&#8211; Veillez au respect des r\u00e8gles d&rsquo;hygi\u00e8ne et de s\u00e9curit\u00e9 &#8211; HACCP obligatoire&#13;<br \/>\n&#8211; Gestion des achats, des stocks et des inventaires mensuels&#13;<br \/>\n&#8211; Ma\u00eetrise des ratios et cr\u00e9ation des fiches technique&#13;<br \/>\n-Formation et int\u00e9gration du personnel de cuisine (cuisine-pizza-plonge)&#13;<br \/>\n&#13;<br \/>\nVos qualit\u00e9s :&#13;<br \/>\n&#8211; Management f\u00e9d\u00e9rateur et exp\u00e9riment\u00e9&#13;<br \/>\n&#8211; Savoir \u00eatre disponible et flexible&#13;<br \/>\n&#8211; Motiv\u00e9&#13;<br \/>\n&#13;<br \/>\nNous proposons un planning sans coupure avec 2 jours de repos cons\u00e9cutifs.&#13;<br \/>\nSalaire : 4500,00\u20ac brut<\/p>\n","protected":false},"excerpt":{"rendered":"Piccola Mia recherche :&#13; &#13; CHEF CUISINIER H\/F&#13; &#13; Vous travaillerez avec des produits frais et de saison.&#13;&hellip;\n","protected":false},"author":2,"featured_media":3470,"comment_status":"","ping_status":"","sticky":false,"template":"","format":"standard","meta":{"footnotes":""},"categories":[1888],"tags":[11,1777,674,1011,27,12,626,25],"class_list":{"0":"post-648766","1":"post","2":"type-post","3":"status-publish","4":"format-standard","5":"has-post-thumbnail","7":"category-paris","8":"tag-actualites","9":"tag-eu","10":"tag-europe","11":"tag-fr","12":"tag-france","13":"tag-news","14":"tag-paris","15":"tag-republique-francaise"},"share_on_mastodon":{"url":"https:\/\/pubeurope.com\/@fr\/115858031571006978","error":""},"_links":{"self":[{"href":"https:\/\/www.europesays.com\/fr\/wp-json\/wp\/v2\/posts\/648766","targetHints":{"allow":["GET"]}}],"collection":[{"href":"https:\/\/www.europesays.com\/fr\/wp-json\/wp\/v2\/posts"}],"about":[{"href":"https:\/\/www.europesays.com\/fr\/wp-json\/wp\/v2\/types\/post"}],"author":[{"embeddable":true,"href":"https:\/\/www.europesays.com\/fr\/wp-json\/wp\/v2\/users\/2"}],"replies":[{"embeddable":true,"href":"https:\/\/www.europesays.com\/fr\/wp-json\/wp\/v2\/comments?post=648766"}],"version-history":[{"count":0,"href":"https:\/\/www.europesays.com\/fr\/wp-json\/wp\/v2\/posts\/648766\/revisions"}],"wp:featuredmedia":[{"embeddable":true,"href":"https:\/\/www.europesays.com\/fr\/wp-json\/wp\/v2\/media\/3470"}],"wp:attachment":[{"href":"https:\/\/www.europesays.com\/fr\/wp-json\/wp\/v2\/media?parent=648766"}],"wp:term":[{"taxonomy":"category","embeddable":true,"href":"https:\/\/www.europesays.com\/fr\/wp-json\/wp\/v2\/categories?post=648766"},{"taxonomy":"post_tag","embeddable":true,"href":"https:\/\/www.europesays.com\/fr\/wp-json\/wp\/v2\/tags?post=648766"}],"curies":[{"name":"wp","href":"https:\/\/api.w.org\/{rel}","templated":true}]}}