{"id":64877,"date":"2025-04-30T17:16:09","date_gmt":"2025-04-30T17:16:09","guid":{"rendered":"https:\/\/www.europesays.com\/fr\/64877\/"},"modified":"2025-04-30T17:16:09","modified_gmt":"2025-04-30T17:16:09","slug":"nouvelle-operation-denvergure-des-forces-de-police-dans-le-centre-ville-de-la-seyne","status":"publish","type":"post","link":"https:\/\/www.europesays.com\/fr\/64877\/","title":{"rendered":"Nouvelle op\u00e9ration d\u2019envergure des forces de police dans le centre-ville de La Seyne"},"content":{"rendered":"<p>Dans la continuit\u00e9 d\u2019autres r\u00e9centes op\u00e9rations d\u2019envergure, la police a investi le centre-ville de La Seyne, ce mardi soir. \u00ab\u00a0Comme on l\u2019avait dit, on occupe le terrain\u00a0\u00bb, confirmait le commissaire Baudo\u00fcin en se rendant sur les lieux, entour\u00e9 de seize effectifs de la police nationale, sept agents de la police aux fronti\u00e8res, trois de la direction interd\u00e9partementale avec leurs chiens et quatre coll\u00e8gues de la municipale.<\/p>\n<p>Des interpellations<\/p>\n<p>Satisfaisant \u00e0 des objectifs multiples, le bilan des contr\u00f4les r\u00e9alis\u00e9s entre 19h et 21h, tant dans les \u00e9tablissements recevant du public que dans les rues, est le suivant: <strong>sur douze v\u00e9hicules contr\u00f4l\u00e9s, cinq infractions routi\u00e8res ont \u00e9t\u00e9 relev\u00e9es;<\/strong> <strong>sur trente-cinq personnes vis\u00e9es, une \u00e9tait en possession de produits stup\u00e9fiants et cinq \u00e9trangers en situation irr\u00e9guli\u00e8re sur le sol fran\u00e7ais ont \u00e9t\u00e9 interpell\u00e9s<\/strong>. Rien \u00e0 signaler en revanche, cette fois, sur les cinq \u00e9tablissements qui ont re\u00e7u la visite des forces de l\u2019ordre ce soir-l\u00e0.<\/p>\n","protected":false},"excerpt":{"rendered":"Dans la continuit\u00e9 d\u2019autres r\u00e9centes op\u00e9rations d\u2019envergure, la police a investi le centre-ville de La Seyne, ce mardi&hellip;\n","protected":false},"author":2,"featured_media":64878,"comment_status":"","ping_status":"","sticky":false,"template":"","format":"standard","meta":{"footnotes":""},"categories":[9619],"tags":[1111,11,1777,674,118,1011,27,12,882,25,2310,3366],"class_list":{"0":"post-64877","1":"post","2":"type-post","3":"status-publish","4":"format-standard","5":"has-post-thumbnail","7":"category-toulon","8":"tag-actu","9":"tag-actualites","10":"tag-eu","11":"tag-europe","12":"tag-faits-divers","13":"tag-fr","14":"tag-france","15":"tag-news","16":"tag-provence-alpes-cote-dazur","17":"tag-republique-francaise","18":"tag-toulon","19":"tag-vie-locale"},"share_on_mastodon":{"url":"https:\/\/pubeurope.com\/@fr\/114428050403185305","error":""},"_links":{"self":[{"href":"https:\/\/www.europesays.com\/fr\/wp-json\/wp\/v2\/posts\/64877","targetHints":{"allow":["GET"]}}],"collection":[{"href":"https:\/\/www.europesays.com\/fr\/wp-json\/wp\/v2\/posts"}],"about":[{"href":"https:\/\/www.europesays.com\/fr\/wp-json\/wp\/v2\/types\/post"}],"author":[{"embeddable":true,"href":"https:\/\/www.europesays.com\/fr\/wp-json\/wp\/v2\/users\/2"}],"replies":[{"embeddable":true,"href":"https:\/\/www.europesays.com\/fr\/wp-json\/wp\/v2\/comments?post=64877"}],"version-history":[{"count":0,"href":"https:\/\/www.europesays.com\/fr\/wp-json\/wp\/v2\/posts\/64877\/revisions"}],"wp:featuredmedia":[{"embeddable":true,"href":"https:\/\/www.europesays.com\/fr\/wp-json\/wp\/v2\/media\/64878"}],"wp:attachment":[{"href":"https:\/\/www.europesays.com\/fr\/wp-json\/wp\/v2\/media?parent=64877"}],"wp:term":[{"taxonomy":"category","embeddable":true,"href":"https:\/\/www.europesays.com\/fr\/wp-json\/wp\/v2\/categories?post=64877"},{"taxonomy":"post_tag","embeddable":true,"href":"https:\/\/www.europesays.com\/fr\/wp-json\/wp\/v2\/tags?post=64877"}],"curies":[{"name":"wp","href":"https:\/\/api.w.org\/{rel}","templated":true}]}}