{"id":648771,"date":"2026-01-08T06:22:26","date_gmt":"2026-01-08T06:22:26","guid":{"rendered":"https:\/\/www.europesays.com\/fr\/648771\/"},"modified":"2026-01-08T06:22:26","modified_gmt":"2026-01-08T06:22:26","slug":"ukraine-le-premier-ministre-britannique-keir-starmer-soumettra-au-vote-des-deputes-un-deploiement-de-troupes","status":"publish","type":"post","link":"https:\/\/www.europesays.com\/fr\/648771\/","title":{"rendered":"Ukraine\u00a0: le Premier ministre britannique Keir Starmer soumettra au vote des d\u00e9put\u00e9s un d\u00e9ploiement de troupes"},"content":{"rendered":"<p class=\"PopSlotParagraph qg-tx2 qg-xtra-lh svelte-1r0pyek\">\u00ab\u00a0Je n&rsquo;ai pas re\u00e7u de r\u00e9ponse claire\u00a0\u00bb sur des garanties de s\u00e9curit\u00e9,\u00a0dit Volodymyr Zelensky ce mercredi. Le pr\u00e9sident ukrainien s&rsquo;interroge sur ce que feront les Europ\u00e9ens en cas de nouvelle attaque russe apr\u00e8s la fin de la guerre en cours. Pourtant,\u00a0<a href=\"https:\/\/www.radiofrance.fr\/franceinter\/podcasts\/l-info-de-france-inter\/l-info-de-france-inter-1758054\" class=\"\" data-testid=\"link\" target=\"_blank\" rel=\"noopener\">la coalition des volontaires, men\u00e9e par la France et le Royaume-Uni<\/a>, avait bien act\u00e9 mardi le d\u00e9ploiement d&rsquo;une future force de r\u00e9assurance apr\u00e8s un cessez-le-feu.<\/p>\n<p class=\"PopSlotParagraph qg-tx2 qg-xtra-lh svelte-1r0pyek\">Emmanuel Macron avait indiqu\u00e9 apr\u00e8s la r\u00e9union que \u00ab\u00a0plusieurs milliers\u00a0\u00bb de soldats fran\u00e7ais pourraient \u00eatre d\u00e9ploy\u00e9s apr\u00e8s la signature d&rsquo;un cessez-le-feu avec Moscou, qui reste tr\u00e8s hypoth\u00e9tique.<\/p>\n<p> Des soldats charg\u00e9s de mener des op\u00e9rations de dissuasion<\/p>\n<p class=\"PopSlotParagraph qg-tx2 qg-xtra-lh svelte-1r0pyek\">Le Premier ministre britannique, Keir Starmer,\u00a0sous pression car accus\u00e9 de manquer de respect aux d\u00e9put\u00e9s, a tenu \u00e0 rassurer son auditoire ce jeudi\u00a0:\u00a0les parlementaires voteront sur tout d\u00e9ploiement de troupes britanniques en Ukraine.\u00a0\u00ab\u00a0Je tiendrai la Chambre des communes inform\u00e9e de l&rsquo;\u00e9volution de la situation, et si des troupes devraient \u00eatre d\u00e9ploy\u00e9es dans le cadre de la d\u00e9claration d&rsquo;intention, je soumettrai cette question \u00e0 la Chambre pour un vote\u00a0\u00bb, a assur\u00e9 le Premier ministre .<\/p>\n<p class=\"PopSlotParagraph qg-tx2 qg-xtra-lh svelte-1r0pyek\">L&rsquo;ex\u00e9cutif britannique a refus\u00e9 de dire si cette force \u00e9tait cens\u00e9e combattre les forces russes en cas d&rsquo;invasion, mais a laiss\u00e9 entendre que ce ne serait pas le cas\u00a0: ces soldats seront charg\u00e9s de mener des op\u00e9rations de dissuasion, de construire et prot\u00e9ger des centres militaires en Ukraine.<\/p>\n<p class=\"PopSlotParagraph qg-tx2 qg-xtra-lh svelte-1r0pyek\">Selon ce que laisse entendre l&rsquo;entourage de Keir Starmer, leur nombre sera probablement \u00e9quivalent \u00e0 la proposition d&rsquo;Emmanuel Macron, \u00ab\u00a0plusieurs milliers\u00a0\u00bb. Le Premier ministre britannique a promis de d\u00e9tailler le contenu de cette d\u00e9claration \u00ab\u00a0d\u00e8s que possible\u00a0\u00bb devant le Parlement.<\/p>\n","protected":false},"excerpt":{"rendered":"\u00ab\u00a0Je n&rsquo;ai pas re\u00e7u de r\u00e9ponse claire\u00a0\u00bb sur des garanties de s\u00e9curit\u00e9,\u00a0dit Volodymyr Zelensky ce mercredi. Le pr\u00e9sident&hellip;\n","protected":false},"author":2,"featured_media":648772,"comment_status":"","ping_status":"","sticky":false,"template":"","format":"standard","meta":{"footnotes":""},"categories":[1590],"tags":[11,1777,674,12,220],"class_list":{"0":"post-648771","1":"post","2":"type-post","3":"status-publish","4":"format-standard","5":"has-post-thumbnail","7":"category-ukraine","8":"tag-actualites","9":"tag-eu","10":"tag-europe","11":"tag-news","12":"tag-ukraine"},"share_on_mastodon":{"url":"https:\/\/pubeurope.com\/@fr\/115858043317128207","error":""},"_links":{"self":[{"href":"https:\/\/www.europesays.com\/fr\/wp-json\/wp\/v2\/posts\/648771","targetHints":{"allow":["GET"]}}],"collection":[{"href":"https:\/\/www.europesays.com\/fr\/wp-json\/wp\/v2\/posts"}],"about":[{"href":"https:\/\/www.europesays.com\/fr\/wp-json\/wp\/v2\/types\/post"}],"author":[{"embeddable":true,"href":"https:\/\/www.europesays.com\/fr\/wp-json\/wp\/v2\/users\/2"}],"replies":[{"embeddable":true,"href":"https:\/\/www.europesays.com\/fr\/wp-json\/wp\/v2\/comments?post=648771"}],"version-history":[{"count":0,"href":"https:\/\/www.europesays.com\/fr\/wp-json\/wp\/v2\/posts\/648771\/revisions"}],"wp:featuredmedia":[{"embeddable":true,"href":"https:\/\/www.europesays.com\/fr\/wp-json\/wp\/v2\/media\/648772"}],"wp:attachment":[{"href":"https:\/\/www.europesays.com\/fr\/wp-json\/wp\/v2\/media?parent=648771"}],"wp:term":[{"taxonomy":"category","embeddable":true,"href":"https:\/\/www.europesays.com\/fr\/wp-json\/wp\/v2\/categories?post=648771"},{"taxonomy":"post_tag","embeddable":true,"href":"https:\/\/www.europesays.com\/fr\/wp-json\/wp\/v2\/tags?post=648771"}],"curies":[{"name":"wp","href":"https:\/\/api.w.org\/{rel}","templated":true}]}}