{"id":648773,"date":"2026-01-08T06:23:12","date_gmt":"2026-01-08T06:23:12","guid":{"rendered":"https:\/\/www.europesays.com\/fr\/648773\/"},"modified":"2026-01-08T06:23:12","modified_gmt":"2026-01-08T06:23:12","slug":"donald-trump-tourne-le-dos-a-lonu-les-usa-se-retirent-de-66-organisations-internationales-qui-ne-servent-plus-les-interets-americains","status":"publish","type":"post","link":"https:\/\/www.europesays.com\/fr\/648773\/","title":{"rendered":"Donald Trump tourne le dos \u00e0 l&rsquo;ONU : les USA se retirent de 66 organisations internationales qui \u00ab\u00a0ne servent plus les int\u00e9r\u00eats am\u00e9ricains\u00a0\u00bb"},"content":{"rendered":"<p class=\"ap-StoryElement ap-StoryElement--mb ap-StoryText\">Donald Trump a sign\u00e9 mercredi un d\u00e9cret ordonnant le retrait des Etats-Unis de 66 organisations internationales qui \u00ab\u00a0ne servent plus les int\u00e9r\u00eats am\u00e9ricains\u00a0\u00bb, a annonc\u00e9 la Maison Blanche dans un message sur X.<\/p>\n<p class=\"ap-StoryElement ap-StoryElement--mb ap-StoryText\">L&rsquo;ex\u00e9cutif am\u00e9ricain a pr\u00e9cis\u00e9 que parmi elles se trouvaient 31 organisations li\u00e9es \u00e0 l&rsquo;ONU.<\/p>\n<p><a href=\"https:\/\/www.dhnet.be\/actu\/monde\/2026\/01\/07\/donald-trump-etudie-activement-un-achat-du-groenland-EGTJZEEGMVF3LMSHMZC34S7X2M\/\" target=\"_self\" class=\"ap-StoryInterstitialLink ap-StoryElement ap-StoryElement--mb\" rel=\"noopener\">Donald Trump \u00e9tudie \u00ab\u00a0activement\u00a0\u00bb un \u00ab\u00a0achat\u00a0\u00bb du Groenland !<\/a><\/p>\n<p class=\"ap-StoryElement ap-StoryElement--mb ap-StoryText\">Depuis son retour \u00e0 la Maison Blanche il y a pr\u00e8s d&rsquo;un an, le pr\u00e9sident r\u00e9publicain met en oeuvre sa vision de \u00ab\u00a0l&rsquo;Am\u00e9rique d&rsquo;abord\u00a0\u00bb.<\/p>\n<p class=\"ap-StoryElement ap-StoryElement--mb ap-StoryText\">Comme lors de son premier mandat, il a ainsi d\u00e9cid\u00e9 de retirer les Etats-Unis de l&rsquo;accord de Paris sur le climat et de l&rsquo;Unesco (organisation des Nations unies pour l&rsquo;\u00e9ducation, la science et la culture), que les Etats-Unis avaient r\u00e9int\u00e9gr\u00e9s sous la pr\u00e9sidence de Joe Biden.<\/p>\n","protected":false},"excerpt":{"rendered":"Donald Trump a sign\u00e9 mercredi un d\u00e9cret ordonnant le retrait des Etats-Unis de 66 organisations internationales qui \u00ab\u00a0ne&hellip;\n","protected":false},"author":2,"featured_media":648774,"comment_status":"","ping_status":"","sticky":false,"template":"","format":"standard","meta":{"footnotes":""},"categories":[1589],"tags":[11,312,73,1866,12,3521,1864,1865,1863,308],"class_list":{"0":"post-648773","1":"post","2":"type-post","3":"status-publish","4":"format-standard","5":"has-post-thumbnail","7":"category-etats-unis","8":"tag-actualites","9":"tag-diplomatie","10":"tag-etats-unis","11":"tag-etats-unis-damerique","12":"tag-news","13":"tag-onu","14":"tag-united-states","15":"tag-united-states-of-america","16":"tag-us","17":"tag-usa"},"share_on_mastodon":{"url":"https:\/\/pubeurope.com\/@fr\/115858047175619268","error":""},"_links":{"self":[{"href":"https:\/\/www.europesays.com\/fr\/wp-json\/wp\/v2\/posts\/648773","targetHints":{"allow":["GET"]}}],"collection":[{"href":"https:\/\/www.europesays.com\/fr\/wp-json\/wp\/v2\/posts"}],"about":[{"href":"https:\/\/www.europesays.com\/fr\/wp-json\/wp\/v2\/types\/post"}],"author":[{"embeddable":true,"href":"https:\/\/www.europesays.com\/fr\/wp-json\/wp\/v2\/users\/2"}],"replies":[{"embeddable":true,"href":"https:\/\/www.europesays.com\/fr\/wp-json\/wp\/v2\/comments?post=648773"}],"version-history":[{"count":0,"href":"https:\/\/www.europesays.com\/fr\/wp-json\/wp\/v2\/posts\/648773\/revisions"}],"wp:featuredmedia":[{"embeddable":true,"href":"https:\/\/www.europesays.com\/fr\/wp-json\/wp\/v2\/media\/648774"}],"wp:attachment":[{"href":"https:\/\/www.europesays.com\/fr\/wp-json\/wp\/v2\/media?parent=648773"}],"wp:term":[{"taxonomy":"category","embeddable":true,"href":"https:\/\/www.europesays.com\/fr\/wp-json\/wp\/v2\/categories?post=648773"},{"taxonomy":"post_tag","embeddable":true,"href":"https:\/\/www.europesays.com\/fr\/wp-json\/wp\/v2\/tags?post=648773"}],"curies":[{"name":"wp","href":"https:\/\/api.w.org\/{rel}","templated":true}]}}