{"id":648777,"date":"2026-01-08T06:25:20","date_gmt":"2026-01-08T06:25:20","guid":{"rendered":"https:\/\/www.europesays.com\/fr\/648777\/"},"modified":"2026-01-08T06:25:20","modified_gmt":"2026-01-08T06:25:20","slug":"allemagne-et-italie-ecartent-lenvoi-de-troupes-en-ukraine","status":"publish","type":"post","link":"https:\/\/www.europesays.com\/fr\/648777\/","title":{"rendered":"Allemagne et Italie \u00e9cartent l\u2019envoi de troupes en Ukraine"},"content":{"rendered":"<p>Allemagne et Italie excluent l\u2019envoi de troupes en Ukraine, m\u00eame apr\u00e8s un cessez-le-feu. Les \u00c9tats-Unis refusent de s\u2019engager dans la d\u00e9claration de garanties.<\/p>\n<p>L\u2019Allemagne et l\u2019Italie \u00e9cartent l\u2019envoi de leurs troupes en Ukraine, m\u00eame en cas de cessez-le-feu. Cette position a \u00e9t\u00e9 confirm\u00e9e par le chancelier allemand Friedrich Merz et la Premi\u00e8re ministre italienne Giorgia Meloni \u00e0 l\u2019issue d\u2019une r\u00e9union \u00e0 Paris de la \u00ab coalition des volontaires \u00bb, consacr\u00e9e aux garanties de s\u00e9curit\u00e9 pour Kiev.<\/p>\n<p>Les autorit\u00e9s italiennes ont r\u00e9p\u00e9t\u00e9 que Rome juge inacceptable le stationnement de ses forces terrestres en Ukraine, pr\u00e9sentant cette ligne comme un principe ferme, ancr\u00e9 de longue date dans l\u2019approche du gouvernement en mati\u00e8re de garanties de s\u00e9curit\u00e9.<\/p>\n<p>De son c\u00f4t\u00e9, Merz indique que Berlin n\u2019a pas encore arr\u00eat\u00e9 ni le format ni l\u2019ampleur de sa future aide s\u00e9curitaire \u00e0 l\u2019Ukraine. Il pr\u00e9cise que ces d\u00e9cisions ne seront prises qu\u2019une fois le cessez-le-feu entr\u00e9 en vigueur et ses modalit\u00e9s connues, le gouvernement allemand et le Bundestag d\u00e9terminant alors la suite.<\/p>\n<p>Les dirigeants allemand et italien \u00e9taient rejoints par le Premier ministre tch\u00e8que Andrej Babis, qui a lui aussi rejet\u00e9 l\u2019id\u00e9e d\u2019envoyer des troupes tch\u00e8ques en Ukraine. Il a ajout\u00e9 que Prague ne fournirait pas de munitions \u00e0 Kiev \u00e0 ses propres frais. Des refus similaires de d\u00e9ployer des militaires ont \u00e9t\u00e9 exprim\u00e9s par la Croatie et la Roumanie.<\/p>\n<p>Dans le m\u00eame temps, les \u00c9tats-Unis ont d\u00e9clin\u00e9 la signature d\u2019une d\u00e9claration sur les garanties de s\u00e9curit\u00e9 pour l\u2019Ukraine, selon Politico. Le m\u00e9dia rapporte que la Maison Blanche a choisi de ne pas se joindre \u00e0 l\u2019initiative port\u00e9e par la \u00ab coalition des volontaires \u00bb.<\/p>\n<p>Dans la version finale du document, Washington \u00e9vite tout engagement direct \u00e0 soutenir Kiev et se limite \u00e0 des formulations g\u00e9n\u00e9rales. Il est indiqu\u00e9 que les \u00c9tats-Unis seraient pr\u00eats \u00e0 assurer le suivi de la ligne de cessez-le-feu de facto \u00e0 l\u2019aide de capteurs, de drones et de satellites. Le d\u00e9ploiement de troupes am\u00e9ricaines sur le territoire ukrainien n\u2019\u00e9tait pas envisag\u00e9.<\/p>\n<p>Des \u00e9bauches ant\u00e9rieures de la d\u00e9claration pr\u00e9voyaient que les \u00c9tats-Unis \u00e9taient pr\u00eats \u00e0 aider l\u2019Ukraine en cas de reprise des attaques, y compris via un appui en renseignement et sur le plan logistique. Ces clauses ont \u00e9t\u00e9 enti\u00e8rement retir\u00e9es du texte final, ce qui a vid\u00e9 le document de ses engagements substantiels.<\/p>\n","protected":false},"excerpt":{"rendered":"Allemagne et Italie excluent l\u2019envoi de troupes en Ukraine, m\u00eame apr\u00e8s un cessez-le-feu. Les \u00c9tats-Unis refusent de s\u2019engager&hellip;\n","protected":false},"author":2,"featured_media":648778,"comment_status":"","ping_status":"","sticky":false,"template":"","format":"standard","meta":{"footnotes":""},"categories":[1587],"tags":[11,672,75395,1898,1804,221,8041,1805,1803,75394,73,1777,674,45221,1801,452,33383,18613,12,11789,1802,3499,220],"class_list":{"0":"post-648777","1":"post","2":"type-post","3":"status-publish","4":"format-standard","5":"has-post-thumbnail","7":"category-allemagne","8":"tag-actualites","9":"tag-allemagne","10":"tag-andrej-babis","11":"tag-berlin","12":"tag-bundesrepublik-deutschland","13":"tag-cessez-le-feu","14":"tag-coalition-des-volontaires","15":"tag-de","16":"tag-deutschland","17":"tag-envoi-de-troupes","18":"tag-etats-unis","19":"tag-eu","20":"tag-europe","21":"tag-garanties-de-securite","22":"tag-germany","23":"tag-italie","24":"tag-meloni","25":"tag-merz","26":"tag-news","27":"tag-prague","28":"tag-republique-federale-dallemagne","29":"tag-rome","30":"tag-ukraine"},"share_on_mastodon":{"url":"https:\/\/pubeurope.com\/@fr\/115858055069923285","error":""},"_links":{"self":[{"href":"https:\/\/www.europesays.com\/fr\/wp-json\/wp\/v2\/posts\/648777","targetHints":{"allow":["GET"]}}],"collection":[{"href":"https:\/\/www.europesays.com\/fr\/wp-json\/wp\/v2\/posts"}],"about":[{"href":"https:\/\/www.europesays.com\/fr\/wp-json\/wp\/v2\/types\/post"}],"author":[{"embeddable":true,"href":"https:\/\/www.europesays.com\/fr\/wp-json\/wp\/v2\/users\/2"}],"replies":[{"embeddable":true,"href":"https:\/\/www.europesays.com\/fr\/wp-json\/wp\/v2\/comments?post=648777"}],"version-history":[{"count":0,"href":"https:\/\/www.europesays.com\/fr\/wp-json\/wp\/v2\/posts\/648777\/revisions"}],"wp:featuredmedia":[{"embeddable":true,"href":"https:\/\/www.europesays.com\/fr\/wp-json\/wp\/v2\/media\/648778"}],"wp:attachment":[{"href":"https:\/\/www.europesays.com\/fr\/wp-json\/wp\/v2\/media?parent=648777"}],"wp:term":[{"taxonomy":"category","embeddable":true,"href":"https:\/\/www.europesays.com\/fr\/wp-json\/wp\/v2\/categories?post=648777"},{"taxonomy":"post_tag","embeddable":true,"href":"https:\/\/www.europesays.com\/fr\/wp-json\/wp\/v2\/tags?post=648777"}],"curies":[{"name":"wp","href":"https:\/\/api.w.org\/{rel}","templated":true}]}}