{"id":648781,"date":"2026-01-08T06:27:10","date_gmt":"2026-01-08T06:27:10","guid":{"rendered":"https:\/\/www.europesays.com\/fr\/648781\/"},"modified":"2026-01-08T06:27:10","modified_gmt":"2026-01-08T06:27:10","slug":"de-nombreuses-forces-de-lordre-deployees-en-ile-de-france-une-journee-sous-tension","status":"publish","type":"post","link":"https:\/\/www.europesays.com\/fr\/648781\/","title":{"rendered":"de nombreuses forces de l\u2019ordre d\u00e9ploy\u00e9es en \u00cele-de-France, une journ\u00e9e sous tension"},"content":{"rendered":"<p class=\"intro \">Les agriculteurs veulent de nouveau se faire entendre et cela \u00e0 la veille d&rsquo;un vote crucial au Parlement europ\u00e9en. L&rsquo;accord commercial entre les pays du Mercosur et l&rsquo;Union europ\u00e9enne pourrait \u00eatre sign\u00e9 lundi prochain. De quoi raviver la col\u00e8re du monde agricole. Si une vingtaine d&rsquo;actions ont \u00e9t\u00e9 men\u00e9es ce mercredi partout en France, la mobilisation risque de s&rsquo;intensifier ce jeudi. <\/p>\n<p>Vers un retour de la gronde des agriculteurs ? Apr\u00e8s les blocages et les actions coup de poing men\u00e9es le mois dernier en guise de protestation contre le <a href=\"https:\/\/www.europe1.fr\/politique\/accord-ue-mercosur-sur-quoi-portent-les-discussions-entre-paris-rome-et-bruxelles-877753\" target=\"_blank\" rel=\"noopener\">Mercosur<\/a>, les paysans veulent de nouveau se faire entendre alors que l&rsquo;accord commercial pourrait \u00eatre sign\u00e9 lundi prochain.\u00a0<\/p>\n<p>    La suite apr\u00e8s cette publicit\u00e9<\/p>\n<p>    La suite apr\u00e8s cette publicit\u00e9<\/p>\n<p>Ce mercredi, selon les informations d&rsquo;Europe 1, une vingtaine d&rsquo;actions ont \u00e9t\u00e9 men\u00e9es partout en France, actions auxquelles 200 agriculteurs ont particip\u00e9. Mais la mobilisation risque de s&rsquo;intensifier ce jeudi. De nombreux policiers et gendarmes sont mobilis\u00e9s.<\/p>\n<p>350 tracteurs sont attendus tout autour de Paris<\/p>\n<p>Plus d&rsquo;une trentaine de compagnies de CRS rien qu&rsquo;\u00e0 Paris, soit au moins 3.000 policiers, sans compter les gendarmes mobiles. Une s\u00e9curit\u00e9 largement renforc\u00e9e puisque depuis ce mercredi soir, des tracteurs convergent depuis le Nord, la Bretagne ou encore la Bourgogne-Franche-Comt\u00e9 vers Paris.\u00a0<\/p>\n<p>    La suite apr\u00e8s cette publicit\u00e9<\/p>\n<p>    La suite apr\u00e8s cette publicit\u00e9<\/p>\n<p>Des <a href=\"https:\/\/www.europe1.fr\/politique\/crise-agricole-le-gouvernement-garantira-au-centime-pres-le-revenu-des-agriculteurs-promet-annie-genevard-877443\" target=\"_blank\" rel=\"noopener\">agriculteurs<\/a> qui ont roul\u00e9 toute la nuit, certains se sont discr\u00e8tement rejoints dans des fermes d&rsquo;accueil en Seine-et-Marne. Mais aussi sur des parkings dans les Yvelines. Selon une source s\u00e9curitaire, 350 tracteurs sont attendus tout autour de Paris. Leur objectif est de former de multiples cort\u00e8ges, puis de rallier Paris, ou a minima de bloquer les principaux axes routiers de la petite couronne.<\/p>\n<p>Les autorit\u00e9s redoutent des violences. D\u00e9j\u00e0 ce mercredi, deux voitures de gendarmes ont \u00e9t\u00e9 percut\u00e9es par des tracteurs sur un barrage \u00e0 M\u00e9r\u00e9, dans les Yvelines. Deux agriculteurs ont \u00e9t\u00e9 interpell\u00e9s. Alors, pour \u00e9viter tout d\u00e9bordement et tout risque, un arr\u00eat\u00e9 a \u00e9t\u00e9 pris par le pr\u00e9fet de police, Patrice Faure, pour interdire tout rassemblement dans certains quartiers de la capitale, comme autour de l&rsquo;\u00c9lys\u00e9e.\u00a0<\/p>\n<p>    La suite apr\u00e8s cette publicit\u00e9<\/p>\n<p>    La suite apr\u00e8s cette publicit\u00e9<\/p>\n<p>Les forces de l&rsquo;ordre anticipent des actions coup de poing, notamment autour de lieux symboliques comme l&rsquo;Assembl\u00e9e nationale. Une radicalisation de la contestation n&rsquo;est pas \u00e0 exclure, souffle une source polici\u00e8re, avec des agriculteurs pr\u00eats \u00e0 tout pour se faire entendre et s&rsquo;opposer au vote du Mercosur.\u00a0<\/p>\n","protected":false},"excerpt":{"rendered":"Les agriculteurs veulent de nouveau se faire entendre et cela \u00e0 la veille d&rsquo;un vote crucial au Parlement&hellip;\n","protected":false},"author":2,"featured_media":648782,"comment_status":"","ping_status":"","sticky":false,"template":"","format":"standard","meta":{"footnotes":""},"categories":[1586],"tags":[11,1777,674,1779,1011,27,12,25,1778,364],"class_list":{"0":"post-648781","1":"post","2":"type-post","3":"status-publish","4":"format-standard","5":"has-post-thumbnail","7":"category-europe","8":"tag-actualites","9":"tag-eu","10":"tag-europe","11":"tag-european-union","12":"tag-fr","13":"tag-france","14":"tag-news","15":"tag-republique-francaise","16":"tag-ue","17":"tag-union-europeenne"},"share_on_mastodon":{"url":"https:\/\/pubeurope.com\/@fr\/115858062961773866","error":""},"_links":{"self":[{"href":"https:\/\/www.europesays.com\/fr\/wp-json\/wp\/v2\/posts\/648781","targetHints":{"allow":["GET"]}}],"collection":[{"href":"https:\/\/www.europesays.com\/fr\/wp-json\/wp\/v2\/posts"}],"about":[{"href":"https:\/\/www.europesays.com\/fr\/wp-json\/wp\/v2\/types\/post"}],"author":[{"embeddable":true,"href":"https:\/\/www.europesays.com\/fr\/wp-json\/wp\/v2\/users\/2"}],"replies":[{"embeddable":true,"href":"https:\/\/www.europesays.com\/fr\/wp-json\/wp\/v2\/comments?post=648781"}],"version-history":[{"count":0,"href":"https:\/\/www.europesays.com\/fr\/wp-json\/wp\/v2\/posts\/648781\/revisions"}],"wp:featuredmedia":[{"embeddable":true,"href":"https:\/\/www.europesays.com\/fr\/wp-json\/wp\/v2\/media\/648782"}],"wp:attachment":[{"href":"https:\/\/www.europesays.com\/fr\/wp-json\/wp\/v2\/media?parent=648781"}],"wp:term":[{"taxonomy":"category","embeddable":true,"href":"https:\/\/www.europesays.com\/fr\/wp-json\/wp\/v2\/categories?post=648781"},{"taxonomy":"post_tag","embeddable":true,"href":"https:\/\/www.europesays.com\/fr\/wp-json\/wp\/v2\/tags?post=648781"}],"curies":[{"name":"wp","href":"https:\/\/api.w.org\/{rel}","templated":true}]}}