{"id":648783,"date":"2026-01-08T06:28:21","date_gmt":"2026-01-08T06:28:21","guid":{"rendered":"https:\/\/www.europesays.com\/fr\/648783\/"},"modified":"2026-01-08T06:28:21","modified_gmt":"2026-01-08T06:28:21","slug":"trump-etudie-activement-la-possibilite-dacheter-le-groenland-son-administration-necarte-pas-dutiliser-larmee-liberation","status":"publish","type":"post","link":"https:\/\/www.europesays.com\/fr\/648783\/","title":{"rendered":"Trump \u00e9tudie \u00abactivement\u00bb la possibilit\u00e9 d\u2019acheter le Groenland, son administration n\u2019\u00e9carte pas d\u2019utiliser l\u2019arm\u00e9e \u2013 Lib\u00e9ration"},"content":{"rendered":"<p class=\"sc-cPiKLX AiZTS text-element\">Peu importe que le Groenland ne soit pas \u00e0 vendre : Donald Trump \u00e9tudie \u00abactivement\u00bb la question d\u2019un \u00abachat\u00bb de l\u2019\u00eele arctique sous tutelle administrative du Danemark, a d\u00e9clar\u00e9 ce mercredi 7 janvier lors d\u2019une conf\u00e9rence de presse la porte-parole de la Maison Blanche, confirmant une information du Wall Street Journal et du New York Times. Selon ces m\u00e9dias, le secr\u00e9taire d\u2019Etat, Marco Rubio, a d\u00e9clar\u00e9 aux l\u00e9gislateurs am\u00e9ricains que l\u2019option privil\u00e9gi\u00e9e par Trump \u00e9tait d\u2019acheter l\u2019\u00eele. \u00abC\u2019est quelque chose dont le pr\u00e9sident et son \u00e9quipe de s\u00e9curit\u00e9 nationale discutent activement\u00bb, a affirm\u00e9 Karoline Leavitt pendant une conf\u00e9rence de presse, en r\u00e9ponse \u00e0 une question sur une possible acquisition du territoire, affirmant que cette id\u00e9e n\u2019\u00e9tait pas \u00abnouvelle\u00bb pour les Etats-Unis.<\/p>\n<p class=\"sc-cPiKLX AiZTS text-element\">Alors qu\u2019elle avait affirm\u00e9 la veille que Donald Trump <a href=\"https:\/\/www.liberation.fr\/international\/amerique\/groenland-trump-etudie-plusieurs-options-y-compris-utiliser-larmee-declare-sa-porte-parole-20260106_KY6GBVPNQVEFFIQZPHYTYES7HU\/\" target=\"_blank\" rel=\"noreferrer noopener\" title=\"https:\/\/www.liberation.fr\/international\/amerique\/groenland-trump-etudie-plusieurs-options-y-compris-utiliser-larmee-declare-sa-porte-parole-20260106_KY6GBVPNQVEFFIQZPHYTYES7HU\/\">envisageait d\u2019\u00abutiliser l\u2019arm\u00e9e\u00bb<\/a>, Karoline Leavitt a r\u00e9it\u00e9r\u00e9 ce mercredi ses propos, qui ont provoqu\u00e9 l\u2019indignation en Europe. \u00abToutes les options sont toujours sur la table pour le pr\u00e9sident Trump\u00bb, a-t-elle r\u00e9pondu \u00e0 un journaliste qui demandait pourquoi la Maison Blanche n\u2019\u00e9cartait pas une option militaire. \u00abMais je dirai simplement que le premier choix du pr\u00e9sident a toujours \u00e9t\u00e9 la diplomatie\u00bb, a-t-elle pr\u00e9cis\u00e9.<\/p>\n<p>\u00abUtiliser l\u2019arm\u00e9e\u00bb<\/p>\n<p class=\"sc-cPiKLX AiZTS text-element\">Plus t\u00f4t dans la journ\u00e9e, le chef de la diplomatie am\u00e9ricaine, Marco Rubio, a annonc\u00e9 qu\u2019il rencontrerait la semaine prochaine des responsables du Danemark, r\u00e9union \u00e0 laquelle participera \u00e9galement le gouvernement groenlandais, a affirm\u00e9 mercredi la cheffe de la diplomatie de l\u2019\u00eele, Vivian Motzfeldt. Devant la presse au Capitole, le secr\u00e9taire d\u2019Etat a \u00e9galement r\u00e9it\u00e9r\u00e9 les d\u00e9clarations de la Maison Blanche la veille, qui avait affirm\u00e9 que Donald Trump envisageait plusieurs options pour acqu\u00e9rir le Groenland, y compris \u00abutiliser l\u2019arm\u00e9e\u00bb. \u00abS\u2019il identifie une menace \u00e0 la s\u00e9curit\u00e9 nationale des Etats-Unis, chaque pr\u00e9sident conserve l\u2019option d\u2019y faire face \u00e0 travers des moyens militaires\u00bb, a d\u00e9clar\u00e9 le secr\u00e9taire d\u2019Etat am\u00e9ricain.<\/p>\n<p class=\"sc-cPiKLX AiZTS text-element\">Le pr\u00e9sident r\u00e9publicain de la Chambre am\u00e9ricaine des repr\u00e9sentants, Mike Johnson, a affirm\u00e9 mercredi que les Etats-Unis n\u2019envisageaient pas d\u2019utiliser la force militaire pour s\u2019emparer du Groenland, \u00e0 rebours des d\u00e9clarations la veille de la Maison Blanche. \u00abIls \u00e9tudient les canaux diplomatiques\u00bb, a assur\u00e9 le speaker face \u00e0 la presse. Les d\u00e9clarations de la veille selon lesquelles Donald Trump \u00e9tudie plusieurs options, dont militaire, pour acqu\u00e9rir ce territoire semi-autonome du Danemark, ne repr\u00e9sentaient que des \u00abpropos g\u00e9n\u00e9raux\u00bb, a-t-il ajout\u00e9.<\/p>\n<p class=\"sc-cPiKLX AiZTS text-element\">Pas de quoi <a href=\"https:\/\/www.liberation.fr\/international\/europe\/au-groenland-la-crainte-dun-scenario-venezuelien-face-aux-intimidations-de-donald-trump-20260105_LB5KHCJD2BHJNBEF6NYKJLOPXE\/\" target=\"_blank\" rel=\"noreferrer noopener\" title=\"https:\/\/www.liberation.fr\/international\/europe\/au-groenland-la-crainte-dun-scenario-venezuelien-face-aux-intimidations-de-donald-trump-20260105_LB5KHCJD2BHJNBEF6NYKJLOPXE\/\">rassurer le Groenland<\/a> et le Danemark, qui ont appel\u00e9 \u00e0 des pourparlers rapides avec Marco Rubio, esp\u00e9rant dissiper des \u00abmalentendus\u00bb. Nuuk et Copenhague contestent notamment l\u2019argument de Donald Trump, qui r\u00e9p\u00e8te que la s\u00e9curit\u00e9 du Groenland a \u00e9t\u00e9 d\u00e9laiss\u00e9e par Copenhague et que les Etats-Unis ont besoin de ce territoire situ\u00e9 entre l\u2019Atlantique Nord et l\u2019oc\u00e9an Arctique pour assurer leur s\u00e9curit\u00e9 face \u00e0 la Chine et \u00e0 la Russie.<\/p>\n<p>\u00abLa fin de tout\u00bb<\/p>\n<p class=\"sc-cPiKLX AiZTS text-element\">La Premi\u00e8re ministre danoise, Mette Frederiksen, a averti que, le Danemark \u2013 Groenland compris \u2013 \u00e9tant membre de l\u2019Otan, une attaque am\u00e9ricaine contre l\u2019un des membres de l\u2019Alliance signifierait \u00abla fin de tout\u00bb, notamment de l\u2019ordre de s\u00e9curit\u00e9 international \u00e9tabli \u00e0 la fin de la Seconde Guerre mondiale.<\/p>\n<p class=\"sc-cPiKLX AiZTS text-element\">Mais quel int\u00e9r\u00eat auraient les Etats-Unis \u00e0 acqu\u00e9rir le Groenland ? Un accord sign\u00e9 en 1951 avec le Danemark permet d\u00e9j\u00e0 un acc\u00e8s militaire privil\u00e9gi\u00e9 des Etats-Unis \u00e0 l\u2019\u00eele, puisqu\u2019ils peuvent y \u00abconstruire, installer, entretenir et exploiter\u00bb des bases militaires, \u00abh\u00e9berger du personnel\u00bb et \u00abcontr\u00f4ler les atterrissages, les d\u00e9collages, les mouillages, les amarrages, les mouvements et l\u2019exploitation des navires, des a\u00e9ronefs et des embarcations\u00bb.<\/p>\n<p class=\"sc-cPiKLX AiZTS text-element\">\u00abLes Etats-Unis ont tellement les mains libres au Groenland qu\u2019ils peuvent pratiquement faire ce qu\u2019ils veulent\u00bb, a expliqu\u00e9 <a href=\"https:\/\/www.nytimes.com\/2026\/01\/07\/world\/europe\/trump-greenland-denmark-us-defense-pact.html\" target=\"_blank\" rel=\"noreferrer noopener\" title=\"https:\/\/www.nytimes.com\/2026\/01\/07\/world\/europe\/trump-greenland-denmark-us-defense-pact.html\">au New York Times<\/a> un chercheur du Danish Institute for International Studies, Mikkel Runge Olesen. Interrog\u00e9e sur le sujet lors de sa conf\u00e9rence de presse, Karoline Leavitt a r\u00e9pondu que l\u2019acquisition permettrait au pays d\u2019avoir \u00abplus de contr\u00f4le sur la r\u00e9gion arctique\u00bb, et de gagner en force de dissuasion face \u00e0 l\u2019influence de la Chine et de la Russie dans la r\u00e9gion. \u00abIl y aurait d\u2019autres b\u00e9n\u00e9fices \u00e9galement, dont le Pr\u00e9sident et son \u00e9quipe de s\u00e9curit\u00e9 nationale discutent actuellement.\u00bb<\/p>\n<p class=\"sc-cPiKLX AiZTS text-element\">Les intentions am\u00e9ricaines suscitent l\u2019inqui\u00e9tude des alli\u00e9s europ\u00e9ens, qui se pr\u00e9parent \u00e0 \u00abriposter\u00bb \u00e0 toute forme d\u2019intimidation, selon le ministre fran\u00e7ais des Affaires \u00e9trang\u00e8res mercredi. La France, l\u2019Allemagne, l\u2019Italie, la Pologne, l\u2019Espagne et le Royaume-Uni ont apport\u00e9 leur soutien \u00e0 Copenhague. Le vice-chancelier autrichien, Andreas Babler, a exhort\u00e9 mercredi l\u2019Union europ\u00e9enne \u00e0 \u00e9laborer un \u00abcatalogue\u00bb de mesures pour dissuader toute tentative am\u00e9ricaine d\u2019annexer le Groenland, dont la menace de sanctions \u00abs\u00e9v\u00e8res\u00bb contre des g\u00e9ants technologiques am\u00e9ricains et des droits de douane \u00abpunitifs\u00bb sur certains produits agricoles.<\/p>\n","protected":false},"excerpt":{"rendered":"Peu importe que le Groenland ne soit pas \u00e0 vendre : Donald Trump \u00e9tudie \u00abactivement\u00bb la question d\u2019un&hellip;\n","protected":false},"author":2,"featured_media":648784,"comment_status":"","ping_status":"","sticky":false,"template":"","format":"standard","meta":{"footnotes":""},"categories":[2],"tags":[11,145,75,1011,27,146,12,25,75396],"class_list":{"0":"post-648783","1":"post","2":"type-post","3":"status-publish","4":"format-standard","5":"has-post-thumbnail","7":"category-actualites","8":"tag-actualites","9":"tag-danemark","10":"tag-donald-trump","11":"tag-fr","12":"tag-france","13":"tag-groenland","14":"tag-news","15":"tag-republique-francaise","16":"tag-trump-imperialisme"},"share_on_mastodon":{"url":"https:\/\/pubeurope.com\/@fr\/115858067068839327","error":""},"_links":{"self":[{"href":"https:\/\/www.europesays.com\/fr\/wp-json\/wp\/v2\/posts\/648783","targetHints":{"allow":["GET"]}}],"collection":[{"href":"https:\/\/www.europesays.com\/fr\/wp-json\/wp\/v2\/posts"}],"about":[{"href":"https:\/\/www.europesays.com\/fr\/wp-json\/wp\/v2\/types\/post"}],"author":[{"embeddable":true,"href":"https:\/\/www.europesays.com\/fr\/wp-json\/wp\/v2\/users\/2"}],"replies":[{"embeddable":true,"href":"https:\/\/www.europesays.com\/fr\/wp-json\/wp\/v2\/comments?post=648783"}],"version-history":[{"count":0,"href":"https:\/\/www.europesays.com\/fr\/wp-json\/wp\/v2\/posts\/648783\/revisions"}],"wp:featuredmedia":[{"embeddable":true,"href":"https:\/\/www.europesays.com\/fr\/wp-json\/wp\/v2\/media\/648784"}],"wp:attachment":[{"href":"https:\/\/www.europesays.com\/fr\/wp-json\/wp\/v2\/media?parent=648783"}],"wp:term":[{"taxonomy":"category","embeddable":true,"href":"https:\/\/www.europesays.com\/fr\/wp-json\/wp\/v2\/categories?post=648783"},{"taxonomy":"post_tag","embeddable":true,"href":"https:\/\/www.europesays.com\/fr\/wp-json\/wp\/v2\/tags?post=648783"}],"curies":[{"name":"wp","href":"https:\/\/api.w.org\/{rel}","templated":true}]}}