{"id":648811,"date":"2026-01-08T06:51:10","date_gmt":"2026-01-08T06:51:10","guid":{"rendered":"https:\/\/www.europesays.com\/fr\/648811\/"},"modified":"2026-01-08T06:51:10","modified_gmt":"2026-01-08T06:51:10","slug":"trump-recevra-le-president-colombien-petro-a-la-maison-blanche-dans-un-futur-proche","status":"publish","type":"post","link":"https:\/\/www.europesays.com\/fr\/648811\/","title":{"rendered":"Trump recevra le pr\u00e9sident colombien Petro \u00e0 la Maison-Blanche \u00abdans un futur proche\u00bb"},"content":{"rendered":"<p>\n    Le pr\u00e9sident de gauche colombien, Gustavo Petro, et son homologue Donald Trump, qui s\u2019invectivent par m\u00e9dias ou r\u00e9seaux sociaux interpos\u00e9s, ont tenu leur tout premier entretien t\u00e9l\u00e9phonique ce mercredi.<\/p>\n<p class=\"fig-paragraph\">Le pr\u00e9sident de gauche colombien,\u00a0<a href=\"http:\/\/www.lefigaro.fr\/international\/qui-est-gustavo-petro-le-guerillero-president-de-la-colombie-cible-par-donald-trump-20260107\" target=\"_blank\" data-fig-type=\"Article\" rel=\"noopener\" data-gtm-custom-categorie=\"navigation\" data-gtm-custom-action=\"crossclick\" data-gtm-custom-label=\"Contextuel\" data-gtm-event=\"customEventSPE\" data-fig-domain=\"LEFIGARO\">Gustavo Petro<\/a>, et son homologue Donald Trump, qui s&rsquo;invectivent par m\u00e9dias ou r\u00e9seaux sociaux interpos\u00e9s, ont tenu leur tout premier entretien t\u00e9l\u00e9phonique mercredi faisant suite \u00e0 des menaces r\u00e9p\u00e9t\u00e9es de frappes am\u00e9ricaines en Colombie. Le minist\u00e8re colombien des Affaires \u00e9trang\u00e8res a le premier fait \u00e9tat de cet \u00e9change, le premier depuis le retour du r\u00e9publicain \u00e0 la Maison-Blanche en 2025. Donald Trump a, de son c\u00f4t\u00e9, annonc\u00e9 qu\u2019il allait recevoir son homologue colombien \u00e0 la Maison Blanche \u00abdans un futur proche\u00bb.<\/p>\n<p class=\"fig-paragraph\">Le pr\u00e9sident Petro a appel\u00e9 pour \u00abexpliquer la situation concernant les drogues et d\u2019autres d\u00e9saccords\u00bb, a \u00e9crit Donald Trump sur sa plateforme Truth Social, soulignant qu\u2019il avait \u00abappr\u00e9ci\u00e9 son ton\u00bb. Le pr\u00e9sident am\u00e9ricain a ajout\u00e9 qu\u2019il avait \u00abh\u00e2te\u00bb de le rencontrer.<\/p>\n<p>                                            <a class=\"fig-a11y-skip\" href=\"#fig-a11y-skip-main-inarticle\" data-module=\"a11y-skip\" data-context=\"was @visible\"><br \/>\n    Passer la publicit\u00e9<br \/>\n<\/a>            <\/p>\n<p class=\"fig-paragraph\">Le pr\u00e9sident colombien de gauche critique vivement l\u2019action militaire du gouvernement Trump dans la r\u00e9gion et accuse les \u00c9tats-Unis d\u2019avoir enlev\u00e9 le pr\u00e9sident v\u00e9n\u00e9zu\u00e9lien Nicol\u00e1s Maduro \u00absans base l\u00e9gale\u00bb. Donald Trump lui a r\u00e9torqu\u00e9 qu\u2019il devrait \u00abfaire gaffe \u00e0 ses fesses\u00bb, le qualifiant \u00abhomme malade\u00bb qui \u00abaime prendre de la coca\u00efne\u00bb.<\/p>\n<p>                                            \u00abS\u2019il n\u2019y a pas de dialogue, c\u2019est la guerre\u00bb<\/p>\n<p class=\"fig-paragraph\">Le dirigeant colombien a d\u00e9clar\u00e9 lors d\u2019un rassemblement de ses partisans qu\u2019il pr\u00e9voyait d\u2019assister \u00e0 la r\u00e9union \u00e0 la Maison-Blanche, dont la date n\u2019a pas \u00e9t\u00e9 pr\u00e9cis\u00e9e. Devant la foule r\u00e9unie place Bolivar \u00e0 Bogota, Gustavo Petro a assur\u00e9 qu\u2019il pensait prononcer un discours \u00abassez dur\u00bb, mais qu\u2019il l\u2019a modifi\u00e9 apr\u00e8s sa discussion t\u00e9l\u00e9phonique avec Donald Trump, qui a dur\u00e9 au moins une heure. Le dirigeant de gauche a affirm\u00e9 avoir demand\u00e9 \u00e0 son homologue am\u00e9ricain que \u00ables communications directes entre les chancelleries et les pr\u00e9sidents\u00bb des deux pays soient r\u00e9tablies. \u00abS\u2019il n\u2019y a pas de dialogue, c\u2019est la guerre\u00bb, a lanc\u00e9 Gustavo Petro au milieu des ovations. \u00abIls ont r\u00e9ussi \u00e0 convaincre Trump que j\u2019\u00e9tais le roi de la fabrication de coca\u00efne. (&#8230;) Trump n\u2019est pas idiot\u00bb, a-t-il ajout\u00e9. Gustavo Petro a \u00e9galement indiqu\u00e9 dans son discours s\u2019\u00eatre entretenu il y a deux jours avec la pr\u00e9sidente v\u00e9n\u00e9zu\u00e9lienne par int\u00e9rim Delcy Rodriguez, qu\u2019il l\u2019avait invit\u00e9e en Colombie et lui avait propos\u00e9 un dialogue \u00abmondial\u00bb pour \u00abstabiliser\u00bb le Venezuela.<\/p>\n<p class=\"fig-paragraph\">Dans une interview accord\u00e9e plus t\u00f4t \u00e0 l\u2019AFP, le vice-ministre colombien des Affaires \u00e9trang\u00e8res Mauricio Jaramillo a averti qu\u2019une escalade des tensions pourrait conduire \u00e0 une \u00abcatastrophe\u00bb humanitaire sans pr\u00e9c\u00e9dent en Am\u00e9rique latine.<\/p>\n<p class=\"fig-paragraph\">La Colombie et les \u00c9tats-Unis sont des alli\u00e9s militaires et \u00e9conomiques cl\u00e9s dans la r\u00e9gion, mais leurs relations se sont tendues ces derniers mois. Le pr\u00e9sident am\u00e9ricain a notamment qualifi\u00e9 son homologue de \u00abbaron de la drogue\u00bb et de \u00abvoyou\u00bb. L\u2019\u00e9lu de gauche a r\u00e9pondu en annon\u00e7ant vouloir porter plainte pour diffamation devant la justice am\u00e9ricaine. Le secr\u00e9taire d\u2019\u00c9tat Marco Rubio a pour sa part qualifi\u00e9 le dirigeant colombien de \u00abfou\u00bb. Les \u00c9tats-Unis ont \u00e9galement retir\u00e9 en 2025 la Colombie de la liste des pays alli\u00e9s dans la lutte antidrogue et r\u00e9voqu\u00e9 le visa de Gustavo Petro et de plusieurs fonctionnaires colombiens.<\/p>\n","protected":false},"excerpt":{"rendered":"Le pr\u00e9sident de gauche colombien, Gustavo Petro, et son homologue Donald Trump, qui s\u2019invectivent par m\u00e9dias ou r\u00e9seaux&hellip;\n","protected":false},"author":2,"featured_media":648812,"comment_status":"","ping_status":"","sticky":false,"template":"","format":"standard","meta":{"footnotes":""},"categories":[5],"tags":[11,75,1011,27,54965,14,12,28],"class_list":{"0":"post-648811","1":"post","2":"type-post","3":"status-publish","4":"format-standard","5":"has-post-thumbnail","7":"category-international","8":"tag-actualites","9":"tag-donald-trump","10":"tag-fr","11":"tag-france","12":"tag-gustavo-petro","13":"tag-international","14":"tag-news","15":"tag-world"},"share_on_mastodon":{"url":"https:\/\/pubeurope.com\/@fr\/115858157569598548","error":""},"_links":{"self":[{"href":"https:\/\/www.europesays.com\/fr\/wp-json\/wp\/v2\/posts\/648811","targetHints":{"allow":["GET"]}}],"collection":[{"href":"https:\/\/www.europesays.com\/fr\/wp-json\/wp\/v2\/posts"}],"about":[{"href":"https:\/\/www.europesays.com\/fr\/wp-json\/wp\/v2\/types\/post"}],"author":[{"embeddable":true,"href":"https:\/\/www.europesays.com\/fr\/wp-json\/wp\/v2\/users\/2"}],"replies":[{"embeddable":true,"href":"https:\/\/www.europesays.com\/fr\/wp-json\/wp\/v2\/comments?post=648811"}],"version-history":[{"count":0,"href":"https:\/\/www.europesays.com\/fr\/wp-json\/wp\/v2\/posts\/648811\/revisions"}],"wp:featuredmedia":[{"embeddable":true,"href":"https:\/\/www.europesays.com\/fr\/wp-json\/wp\/v2\/media\/648812"}],"wp:attachment":[{"href":"https:\/\/www.europesays.com\/fr\/wp-json\/wp\/v2\/media?parent=648811"}],"wp:term":[{"taxonomy":"category","embeddable":true,"href":"https:\/\/www.europesays.com\/fr\/wp-json\/wp\/v2\/categories?post=648811"},{"taxonomy":"post_tag","embeddable":true,"href":"https:\/\/www.europesays.com\/fr\/wp-json\/wp\/v2\/tags?post=648811"}],"curies":[{"name":"wp","href":"https:\/\/api.w.org\/{rel}","templated":true}]}}