{"id":648819,"date":"2026-01-08T06:55:12","date_gmt":"2026-01-08T06:55:12","guid":{"rendered":"https:\/\/www.europesays.com\/fr\/648819\/"},"modified":"2026-01-08T06:55:12","modified_gmt":"2026-01-08T06:55:12","slug":"quen-attendent-les-commercants-du-centre-ville","status":"publish","type":"post","link":"https:\/\/www.europesays.com\/fr\/648819\/","title":{"rendered":"qu\u2019en attendent les commer\u00e7ants du centre-ville\u202f?"},"content":{"rendered":"<p>Coup de feu le 13\u00a0janvier prochain \u00e0 midi pour les Halles Mazerat\u00a0! Apr\u00e8s l\u2019\u00e9chec de Biltoki, le nouveau gestionnaire, \u00ab\u00a0La Commune\u00a0\u00bb, proposera huit stands de restauration, un bar central de 70\u00a0m\u00b2, ainsi que trois \u00e0 quatre animations par semaine (blind test, DJ, concerts&#8230;).<\/p>\n<p>Le nouveau projet est davantage ax\u00e9 sur la convivialit\u00e9. Bonne nouvelle\u00a0: La Commune prend bonne note des erreurs du pass\u00e9 et va bloquer le tarif des plats \u00e0 13\u00a0euros.<\/p>\n<p>Beaucoup de centres-villes subissent de fortes baisses de fr\u00e9quentation un peu partout en France et <a href=\"https:\/\/www.leprogres.fr\/economie\/2025\/10\/21\/fermetures-en-cascade-les-commercants-du-centre-ville-entre-resignation-et-volontarisme\" target=\"_blank\" rel=\"noopener\">Saint-\u00c9tienne ne fait clairement pas exception<\/a>. Les commer\u00e7ants et restaurateurs qui gravitent autour de la place des Ursules esp\u00e8rent que les Halles joueront un r\u00f4le de locomotive en augmentant le flux de passage dans le centre.<\/p>\n<p>\u00ab\u00a0On veut de la vie, on veut de la&#8230;                        <\/p>\n","protected":false},"excerpt":{"rendered":"Coup de feu le 13\u00a0janvier prochain \u00e0 midi pour les Halles Mazerat\u00a0! Apr\u00e8s l\u2019\u00e9chec de Biltoki, le nouveau&hellip;\n","protected":false},"author":2,"featured_media":648820,"comment_status":"","ping_status":"","sticky":false,"template":"","format":"standard","meta":{"footnotes":""},"categories":[9653],"tags":[1111,11,2430,4406,130,1687,33,7539,1777,674,107,1011,27,3367,2089,12,2661,25,4001,7538],"class_list":{"0":"post-648819","1":"post","2":"type-post","3":"status-publish","4":"format-standard","5":"has-post-thumbnail","7":"category-saint-etienne","8":"tag-actu","9":"tag-actualites","10":"tag-auvergne-rhone-alpes","11":"tag-commerce-et-services","12":"tag-consommation","13":"tag-culture-loisirs","14":"tag-economie","15":"tag-edition-loire-sud","16":"tag-eu","17":"tag-europe","18":"tag-fil-info","19":"tag-fr","20":"tag-france","21":"tag-loire","22":"tag-marche","23":"tag-news","24":"tag-patrimoine-culturel","25":"tag-republique-francaise","26":"tag-saint-etienne","27":"tag-saint-etienne-ville"},"share_on_mastodon":{"url":"https:\/\/pubeurope.com\/@fr\/115858172997186309","error":""},"_links":{"self":[{"href":"https:\/\/www.europesays.com\/fr\/wp-json\/wp\/v2\/posts\/648819","targetHints":{"allow":["GET"]}}],"collection":[{"href":"https:\/\/www.europesays.com\/fr\/wp-json\/wp\/v2\/posts"}],"about":[{"href":"https:\/\/www.europesays.com\/fr\/wp-json\/wp\/v2\/types\/post"}],"author":[{"embeddable":true,"href":"https:\/\/www.europesays.com\/fr\/wp-json\/wp\/v2\/users\/2"}],"replies":[{"embeddable":true,"href":"https:\/\/www.europesays.com\/fr\/wp-json\/wp\/v2\/comments?post=648819"}],"version-history":[{"count":0,"href":"https:\/\/www.europesays.com\/fr\/wp-json\/wp\/v2\/posts\/648819\/revisions"}],"wp:featuredmedia":[{"embeddable":true,"href":"https:\/\/www.europesays.com\/fr\/wp-json\/wp\/v2\/media\/648820"}],"wp:attachment":[{"href":"https:\/\/www.europesays.com\/fr\/wp-json\/wp\/v2\/media?parent=648819"}],"wp:term":[{"taxonomy":"category","embeddable":true,"href":"https:\/\/www.europesays.com\/fr\/wp-json\/wp\/v2\/categories?post=648819"},{"taxonomy":"post_tag","embeddable":true,"href":"https:\/\/www.europesays.com\/fr\/wp-json\/wp\/v2\/tags?post=648819"}],"curies":[{"name":"wp","href":"https:\/\/api.w.org\/{rel}","templated":true}]}}