{"id":648825,"date":"2026-01-08T06:59:28","date_gmt":"2026-01-08T06:59:28","guid":{"rendered":"https:\/\/www.europesays.com\/fr\/648825\/"},"modified":"2026-01-08T06:59:28","modified_gmt":"2026-01-08T06:59:28","slug":"qui-est-laure-lavalette-deputee-rn-et-candidate-a-la-mairie-de-toulon","status":"publish","type":"post","link":"https:\/\/www.europesays.com\/fr\/648825\/","title":{"rendered":"Qui est Laure Lavalette, de\u0301pute\u0301e RN et candidate a\u0300 la mairie de Toulon"},"content":{"rendered":"<p>Publi\u00e9 le 06 janv. 2026 \u00e0 19:07<\/p>\n<p><strong>D\u00e9put\u00e9e RN depuis 2022, figure m\u00e9diatique et proche de Marine Le Pen, Laure Lavalette s\u2019est officiellement lanc\u00e9e dans la course \u00e0 la mairie de Toulon pour les municipales de 2026. Une candidature \u00ab sans \u00e9tiquette \u00bb mais soutenue par le Rassemblement national, dans une ville o\u00f9 l\u2019extr\u00eame droite esp\u00e8re reconqu\u00e9rir un bastion perdu depuis trente ans.<\/strong><\/p>\n<p>La tr\u00e8s m\u00e9diatique d\u00e9put\u00e9e du Rassemblement national Laure Lavalette se lance \u00e0 la conqu\u00eate de la mairie de Toulon, o\u00f9 la succession d\u2019Hubert Falco ouvre une fen\u00eatre pour l\u2019extr\u00eame droite dans une r\u00e9gion o\u00f9 le RN est particuli\u00e8rement ancr\u00e9.<\/p>\n<p>Vingt-cinq ans apr\u00e8s avoir conquis la ville sous l\u2019\u00e9tiquette du Front national, Toulon repassera-t-elle dans le giron de l\u2019extr\u00eame droite ? La tr\u00e8s m\u00e9diatique d\u00e9put\u00e9e du Rassemblement national et proche de Marine Le Pen, Laure Lavalette, vient d\u2019officialiser sa candidature aux municipales de 2026. La candidate, qui se pr\u00e9sente sans \u00e9tiquette, a choisi de mettre en avant son profil de m\u00e8re de famille. \u00ab Je m\u2019appelle Laure, m\u00e8re de famille de 49 ans et je me pr\u00e9sente pour vous servir comme prochain maire de Toulon \u00bb, a-t-elle expliqu\u00e9 dans une \u00ab lettre aux Toulonnais \u00bb.<\/p>\n<p><b>Lire aussi &gt;\u00a0 <a target=\"_blank\" href=\"https:\/\/www.elle.fr\/Societe\/Interviews\/Pourquoi-les-femmes-sont-un-enjeu-central-de-l-extreme-droite-4350758#xtor=AL-149\" rel=\"noopener\">Pourquoi les femmes sont \u00ab un enjeu central de l\u2019extr\u00eame droite \u00bb<\/a><\/b><\/p>\n<p>Sans \u00e9tiquette mais soutenue par le RN<\/p>\n<p>Sous le slogan \u00ab Un avenir pour Toulon \u00bb, rehauss\u00e9 d\u2019un soleil, elle se pr\u00e9sente en veste blanche, sans aucune mention ni r\u00e9f\u00e9rence visible \u00e0&#8230;<\/p>\n","protected":false},"excerpt":{"rendered":"Publi\u00e9 le 06 janv. 2026 \u00e0 19:07 D\u00e9put\u00e9e RN depuis 2022, figure m\u00e9diatique et proche de Marine Le&hellip;\n","protected":false},"author":2,"featured_media":648826,"comment_status":"","ping_status":"","sticky":false,"template":"","format":"standard","meta":{"footnotes":""},"categories":[9619],"tags":[1111,11,1777,674,1011,27,12,882,25,2310],"class_list":{"0":"post-648825","1":"post","2":"type-post","3":"status-publish","4":"format-standard","5":"has-post-thumbnail","7":"category-toulon","8":"tag-actu","9":"tag-actualites","10":"tag-eu","11":"tag-europe","12":"tag-fr","13":"tag-france","14":"tag-news","15":"tag-provence-alpes-cote-dazur","16":"tag-republique-francaise","17":"tag-toulon"},"share_on_mastodon":{"url":"https:\/\/pubeurope.com\/@fr\/115858188726550983","error":""},"_links":{"self":[{"href":"https:\/\/www.europesays.com\/fr\/wp-json\/wp\/v2\/posts\/648825","targetHints":{"allow":["GET"]}}],"collection":[{"href":"https:\/\/www.europesays.com\/fr\/wp-json\/wp\/v2\/posts"}],"about":[{"href":"https:\/\/www.europesays.com\/fr\/wp-json\/wp\/v2\/types\/post"}],"author":[{"embeddable":true,"href":"https:\/\/www.europesays.com\/fr\/wp-json\/wp\/v2\/users\/2"}],"replies":[{"embeddable":true,"href":"https:\/\/www.europesays.com\/fr\/wp-json\/wp\/v2\/comments?post=648825"}],"version-history":[{"count":0,"href":"https:\/\/www.europesays.com\/fr\/wp-json\/wp\/v2\/posts\/648825\/revisions"}],"wp:featuredmedia":[{"embeddable":true,"href":"https:\/\/www.europesays.com\/fr\/wp-json\/wp\/v2\/media\/648826"}],"wp:attachment":[{"href":"https:\/\/www.europesays.com\/fr\/wp-json\/wp\/v2\/media?parent=648825"}],"wp:term":[{"taxonomy":"category","embeddable":true,"href":"https:\/\/www.europesays.com\/fr\/wp-json\/wp\/v2\/categories?post=648825"},{"taxonomy":"post_tag","embeddable":true,"href":"https:\/\/www.europesays.com\/fr\/wp-json\/wp\/v2\/tags?post=648825"}],"curies":[{"name":"wp","href":"https:\/\/api.w.org\/{rel}","templated":true}]}}