{"id":648827,"date":"2026-01-08T07:01:10","date_gmt":"2026-01-08T07:01:10","guid":{"rendered":"https:\/\/www.europesays.com\/fr\/648827\/"},"modified":"2026-01-08T07:01:10","modified_gmt":"2026-01-08T07:01:10","slug":"le-plan-exceptionnel-de-transports-prevu-pour-cinq-evenements-en-janvier","status":"publish","type":"post","link":"https:\/\/www.europesays.com\/fr\/648827\/","title":{"rendered":"le plan exceptionnel de transports pr\u00e9vu pour cinq \u00e9v\u00e9nements en janvier"},"content":{"rendered":"<p>                    Par<br \/>\n        <strong><br \/>\n            <a href=\"https:\/\/actu.fr\/auteur\/metropoop\" title=\"Consulter tous les articles de R\u00e9daction M\u00e9tropolitain\" target=\"_blank\" rel=\"noopener\">R\u00e9daction M\u00e9tropolitain<\/a><br \/>\n                    <\/strong><\/p>\n<p>        Publi\u00e9 le<\/p>\n<p>            8 janv. 2026 \u00e0 6h12        <\/p>\n<p>\u00c0 l\u2019occasion des \u00e9v\u00e9nements programm\u00e9s sur le territoire, TaM renforce son offre de transport. L\u2019objectif est clair : faciliter les d\u00e9placements des voyageurs et inciter \u00e0 laisser la voiture au profit des transports en commun. Concert, comp\u00e9titions sportives et temps fort commercial rythment un week-end dense dans la m\u00e9tropole de Montpellier.<\/p>\n<p>One Night of Queen : des navettes pour le Z\u00e9nith<\/p>\n<p class=\" wall-content\">Le concert One Night of Queen se tient ce vendredi 9 janvier 2026 \u00e0 20h30 au Z\u00e9nith de Montpellier. Pour accompagner l\u2019afflux de spectateurs, des navettes bus sp\u00e9cifiques sont mises en place. Elles relient les arr\u00eats Place de France et Grammont avant et apr\u00e8s le spectacle.<\/p>\n<p>Le Trial Indoor International fait son retour \u00e0 l\u2019Arena<\/p>\n<p class=\" wall-content\"><a href=\"https:\/\/actu.fr\/occitanie\/perols_34198\/adrenaline-assuree-pres-de-montpellier-que-reserve-le-spectaculaire-trial-indoor-a-la-sud-de-france-arena_63416494.html\" target=\"_blank\" rel=\"noopener\">Le m\u00eame soir, le Trial Indoor International revient \u00e0 Montpellier.<\/a> La Sud de France Arena, situ\u00e9e sur la commune de P\u00e9rols, accueille l\u2019\u00e9v\u00e9nement \u00e0 partir de 20h. Cette soir\u00e9e promet adr\u00e9naline et figures spectaculaires. Pour absorber la sortie du public, le service de la ligne 3 de tramway sera renforc\u00e9 \u00e0 la fin de l\u2019\u00e9v\u00e9nement. Les spectateurs peuvent rejoindre le site par la ligne 3, station Parc Expo.<\/p>\n<p>L\u2019Urban Trail nocturne modifie la circulation<\/p>\n<p class=\" wall-content\">Le samedi 10 janvier 2026 marque la 10e \u00e9dition de l\u2019Urban Trail nocturne de Montpellier. Le d\u00e9part et l\u2019arriv\u00e9e sont pr\u00e9vus \u00e0 19h place du Nombre d\u2019Or, au c\u0153ur du quartier Antigone. Deux nouveaux parcours de 6 et 12 kilom\u00e8tres traversent les lieux embl\u00e9matiques de la ville. Pour rejoindre la course avant le d\u00e9part, les participants et spectateurs peuvent emprunter la ligne 1, station Antigone, ou la ligne 4, station Place de l\u2019Europe.<\/p>\n<p class=\" wall-content\">\u00c0 partir de 18h50, des perturbations sont \u00e0 pr\u00e9voir pour garantir la s\u00e9curit\u00e9 des coureurs. Les lignes 1 et 4 de tramway seront impact\u00e9es aux stations Du Guesclin, Antigone, L\u00e9on Blum et Place de l\u2019Europe. Les lignes de bus 14 et 16 seront \u00e9galement concern\u00e9es dans le secteur de la Place de l\u2019Europe. La ligne 14 effectuera un terminus provisoire \u00e0 l\u2019arr\u00eat Garigliano.<\/p>\n<p>Vid\u00e9os : en ce moment sur ActuRugby europ\u00e9en au Septeo Stadium<\/p>\n<p class=\" wall-content\">Le dimanche 11 janvier 2026 \u00e0 14h, le MHR affronte le Connacht Rugby au Septeo Stadium. Pour faciliter l\u2019acc\u00e8s au stade et la sortie du public, la ligne 5 de tramway sera renforc\u00e9e apr\u00e8s la rencontre. Des navettes bus circuleront entre le stade et la station Sabines, avant et apr\u00e8s le match. Les spectateurs peuvent se rendre sur place via la ligne 5, station Yves du Manoir, ou la ligne 2, station Sabines.<\/p>\n<p>Les soldes d\u2019hiver dynamisent le centre-ville<\/p>\n<p class=\" wall-content\">Le m\u00eame dimanche marque le premier dimanche des soldes d\u2019hiver. Afin d\u2019accompagner l\u2019affluence attendue dans les commerces, TaM renforce le service de la ligne 1 de tramway durant l\u2019apr\u00e8s-midi.\u00a0<\/p>\n<p>Votre r\u00e9gion, votre actu !<\/p>\n<p>Recevez chaque jour les infos qui comptent pour vous.<\/p>\n<p>\t<a href=\"https:\/\/actu.fr\/newsletter\" class=\"ac-btn ac-btn--corner ac-btn--medium ac-btn--blue800\" target=\"_blank\" rel=\"noopener\">S&rsquo;incrire<\/a><\/p>\n<p class=\" wall-content\">Pour assister aux \u00e9v\u00e9nements, les habitants de la m\u00e9tropole sont invit\u00e9s \u00e0 stationner dans un parking relais et \u00e0 utiliser leur Pass gratuit\u00e9 pour circuler librement sur le r\u00e9seau. Les non-r\u00e9sidents peuvent \u00e9galement utiliser les parkings P+R, avec un tarif de 5,20 euros par v\u00e9hicule, tous passagers inclus.<\/p>\n<p><strong>&gt;<\/strong> Les voyageurs sont invit\u00e9s \u00e0 consulter les horaires et les informations en temps r\u00e9el sur le site <a href=\"https:\/\/www.tam-voyages.com\/index.asp\" target=\"_blank\" rel=\"noopener\">tam-voyages.com<\/a><\/p>\n<p class=\" wall-content\">Personnalisez votre actualit\u00e9 en ajoutant vos villes et m\u00e9dias en favori avec <a href=\"https:\/\/moncompte.actu.fr\" title=\"D\u00e9couvez Mon Actu\" rel=\"nofollow noopener\" data-trk=\"{&quot;cta&quot;:{&quot;action&quot;:&quot;https:\\\/\\\/moncompte.actu.fr&quot;,&quot;category&quot;:&quot;mon compte&quot;,&quot;from&quot;:&quot;article footer&quot;,&quot;name&quot;:&quot;Mon actu&quot;,&quot;type&quot;:&quot;cta&quot;}}\" target=\"_blank\">Mon Actu<\/a>.<\/p>\n","protected":false},"excerpt":{"rendered":"Par R\u00e9daction M\u00e9tropolitain Publi\u00e9 le 8 janv. 2026 \u00e0 6h12 \u00c0 l\u2019occasion des \u00e9v\u00e9nements programm\u00e9s sur le territoire,&hellip;\n","protected":false},"author":2,"featured_media":648828,"comment_status":"","ping_status":"","sticky":false,"template":"","format":"standard","meta":{"footnotes":""},"categories":[9599],"tags":[1111,11,1777,674,1011,27,2208,12,2680,25,104,11772,59623,2803],"class_list":{"0":"post-648827","1":"post","2":"type-post","3":"status-publish","4":"format-standard","5":"has-post-thumbnail","7":"category-montpellier","8":"tag-actu","9":"tag-actualites","10":"tag-eu","11":"tag-europe","12":"tag-fr","13":"tag-france","14":"tag-montpellier","15":"tag-news","16":"tag-occitanie","17":"tag-republique-francaise","18":"tag-societe","19":"tag-soldes","20":"tag-tam","21":"tag-transport"},"share_on_mastodon":{"url":"https:\/\/pubeurope.com\/@fr\/115858196582664873","error":""},"_links":{"self":[{"href":"https:\/\/www.europesays.com\/fr\/wp-json\/wp\/v2\/posts\/648827","targetHints":{"allow":["GET"]}}],"collection":[{"href":"https:\/\/www.europesays.com\/fr\/wp-json\/wp\/v2\/posts"}],"about":[{"href":"https:\/\/www.europesays.com\/fr\/wp-json\/wp\/v2\/types\/post"}],"author":[{"embeddable":true,"href":"https:\/\/www.europesays.com\/fr\/wp-json\/wp\/v2\/users\/2"}],"replies":[{"embeddable":true,"href":"https:\/\/www.europesays.com\/fr\/wp-json\/wp\/v2\/comments?post=648827"}],"version-history":[{"count":0,"href":"https:\/\/www.europesays.com\/fr\/wp-json\/wp\/v2\/posts\/648827\/revisions"}],"wp:featuredmedia":[{"embeddable":true,"href":"https:\/\/www.europesays.com\/fr\/wp-json\/wp\/v2\/media\/648828"}],"wp:attachment":[{"href":"https:\/\/www.europesays.com\/fr\/wp-json\/wp\/v2\/media?parent=648827"}],"wp:term":[{"taxonomy":"category","embeddable":true,"href":"https:\/\/www.europesays.com\/fr\/wp-json\/wp\/v2\/categories?post=648827"},{"taxonomy":"post_tag","embeddable":true,"href":"https:\/\/www.europesays.com\/fr\/wp-json\/wp\/v2\/tags?post=648827"}],"curies":[{"name":"wp","href":"https:\/\/api.w.org\/{rel}","templated":true}]}}