{"id":648829,"date":"2026-01-08T07:03:17","date_gmt":"2026-01-08T07:03:17","guid":{"rendered":"https:\/\/www.europesays.com\/fr\/648829\/"},"modified":"2026-01-08T07:03:17","modified_gmt":"2026-01-08T07:03:17","slug":"une-ecole-dentaire-va-proposer-une-centaine-de-rendez-vous-par-semaine-a-rouen","status":"publish","type":"post","link":"https:\/\/www.europesays.com\/fr\/648829\/","title":{"rendered":"une \u00e9cole dentaire va proposer une centaine de rendez-vous par semaine \u00e0 Rouen"},"content":{"rendered":"<p class=\"article__intro\">On appelle cela une \u00e9cole dentaire. Depuis ce lundi 5 janvier, les \u00e9tudiants en quatri\u00e8me ann\u00e9e d&rsquo;odontologie soignent dans de nouveaux locaux situ\u00e9s \u00e0 Rouen. Une offre qui r\u00e9pond au besoin de formation mais aussi de soins. En un an, plus de 5 000 rendez-vous devraient \u00eatre propos\u00e9s.<\/p>\n<p>\n      La Quotidienne Soci\u00e9t\u00e9\n    <\/p>\n<p>\n      De la vie quotidienne aux grands enjeux, recevez tous les jours les sujets qui font la soci\u00e9t\u00e9 locale, comme la justice, l\u2019\u00e9ducation, la sant\u00e9 et la famille.\n    <\/p>\n<p>    France T\u00e9l\u00e9visions utilise votre adresse e-mail afin de vous envoyer la newsletter \u00ab\u00a0La Quotidienne Soci\u00e9t\u00e9\u00a0\u00bb. Vous pouvez vous d\u00e9sinscrire \u00e0 tout moment via le lien en bas de cette newsletter. <a target=\"_blank\" href=\"https:\/\/www.francetelevisions.fr\/groupe\/confidentialite\/politique-de-confidentialite\/politique-de-confidentialite-de-france-televisions-6503\" rel=\"noopener\">Notre politique de confidentialit\u00e9<\/a><\/p>\n<p>\u00ab\u00a0Je vous laisse ouvrir la bouche&#8230; Je vois qu&rsquo;il y a une petite contention en bas.\u00a0\u00bb Le geste est assur\u00e9, l&rsquo;analyse est limpide, pourtant c&rsquo;est la premi\u00e8re fois qu&rsquo;Anthony soigne une patiente.<\/p>\n<p>Apr\u00e8s trois ann\u00e9es de th\u00e9orie et de pratique sur simulateur, les deux \u00e9tudiants en odontologie que nous suivons, s&rsquo;attaquent enfin \u00e0 de vraies dents.<\/p>\n<blockquote class=\"ftvi_content_quote\">\n<p class=\"ftvi_citation_quote\">On doit \u00eatre attentifs, on a quelqu&rsquo;un \u00e0 \u00e9couter avant de la prendre en charge. Il faut faire encore plus attention et r\u00e9pondre \u00e0 sa demande. C&rsquo;est l\u00e0 que le simulateur est limit\u00e9. <\/p>\n<p>Anthony Chavet, \u00e9tudiant en 4e ann\u00e9e d&rsquo;odontologie <\/p><\/blockquote>\n<p>Son examen clinique termin\u00e9, Anthony soumet syst\u00e9matiquement son avis au chirurgien-dentiste superviseur. \u00ab\u00a0J&rsquo;ai bien v\u00e9rifi\u00e9 si la personne avait des caries mais rien \u00e0 signaler hormis un peu de plaques\u00a0\u00bb, explique l&rsquo;\u00e9tudiant.<\/p>\n<p>\u00ab\u00a0On va aller contr\u00f4ler chacune des \u00e9tapes et chacun de leurs diagnostics. M\u00eame s&rsquo;ils ont \u00e9t\u00e9 form\u00e9s, il faut continuer jusqu&rsquo;\u00e0 \u00eatre pleinement autonomes\u00a0\u00bb pr\u00e9cise Dr Romain Jacq, chef de service O+ en m\u00e9decine bucco-dentaire au CHU Rouen.<\/p>\n<p><a data-article-figure=\"\" href=\"https:\/\/france3-regions.franceinfo.fr\/image\/ARUGrFIuWW3WYuz2B1QP2zrqkQc\/1920x1080\/regions\/2026\/01\/06\/nouvelle-offre-de-soins-dentaires-00-01-17-11-695d2dba9d87f926022667.jpg\" data-pswp-width=\"1920\" data-pswp-height=\"1080\" target=\"_blank\" rel=\"noopener\"><\/p>\n<p>          <img width=\"600\" height=\"400\" class=\"article-image lazy\" data-src=\"https:\/\/www.europesays.com\/fr\/wp-content\/uploads\/2026\/01\/nouvelle-offre-de-soins-dentaires-00-01-17-11-695d2dba9d87f926022667.jpg\" alt=\"Apr\u00e8s la pratique, on observe le professeur r\u00e9f\u00e9rent. \" fetchpriority=\"high\" as=\"image\"\/><\/p>\n<p>\n            Apr\u00e8s la pratique, on observe le professeur r\u00e9f\u00e9rent.<br \/>\n                           \u2022<br \/>\n                                      \u00a9 Dounia Sirri-Ourad\n                      <\/p>\n<p><\/a><\/p>\n<p>Finalement une petite carie d\u00e9butante difficile \u00e0 rep\u00e9rer avait \u00e9chapp\u00e9 aux deux \u00e9tudiants mais pour la patiente, le bilan est plus que positif. <\/p>\n<p>Elle n&rsquo;avait pas vu un dentiste depuis plus de huit ans, faute de trouver un rendez-vous rapidement. \u00ab\u00a0C&rsquo;\u00e9tait tr\u00e8s bien expliqu\u00e9 et avec la venue du m\u00e9decin \u00e0 la fin, c&rsquo;\u00e9tait tr\u00e8s rassurant et bien pour moi\u00a0\u00bb, sourit la patiente.<\/p>\n<p>    dur\u00e9e de la vid\u00e9o : 00h01mn38s<\/p>\n<p>        <img decoding=\"async\" width=\"640\" height=\"426\" class=\"article-image not-lazy\" src=\"https:\/\/www.europesays.com\/fr\/wp-content\/uploads\/2026\/01\/3dda37b0-696e-4a7b-980d-741946898d8c.jpg\" alt=\"\" fetchpriority=\"high\"\/><\/p>\n<p>              Voir la video\u00a0(1 minutes 38 secondes).\u00a0<br \/>\n                  1 min 38 s<\/p>\n<p>\n          Cette \u00e9cole devrait permettre d&rsquo;accueillir plus de 5000 patients en une ann\u00e9e !<\/p>\n<p>        \u2022<\/p>\n<p>              \u00a9Elsa Gavinet et Dounia Sirri-Ourad\n      <\/p>\n<p>Valentine n&rsquo;est pas la seule \u00e0 avoir du mal \u00e0 trouver un dentiste en Normandie. La r\u00e9gion conna\u00eet une p\u00e9nurie. <\/p>\n<p>Gr\u00e2ce \u00e0 cette nouvelle clinique, une centaine de patients pourront venir faire un point chaque semaine sur la sant\u00e9 de leurs dents.<\/p>\n<p>Avec Elsa Gavinet et Dounia Sirri-Ourad<\/p>\n","protected":false},"excerpt":{"rendered":"On appelle cela une \u00e9cole dentaire. Depuis ce lundi 5 janvier, les \u00e9tudiants en quatri\u00e8me ann\u00e9e d&rsquo;odontologie soignent&hellip;\n","protected":false},"author":2,"featured_media":648830,"comment_status":"","ping_status":"","sticky":false,"template":"","format":"standard","meta":{"footnotes":""},"categories":[9587],"tags":[1111,11,1777,674,1011,27,12,5161,25,9590],"class_list":{"0":"post-648829","1":"post","2":"type-post","3":"status-publish","4":"format-standard","5":"has-post-thumbnail","7":"category-rouen","8":"tag-actu","9":"tag-actualites","10":"tag-eu","11":"tag-europe","12":"tag-fr","13":"tag-france","14":"tag-news","15":"tag-normandie","16":"tag-republique-francaise","17":"tag-rouen"},"share_on_mastodon":{"url":"https:\/\/pubeurope.com\/@fr\/115858204445428012","error":""},"_links":{"self":[{"href":"https:\/\/www.europesays.com\/fr\/wp-json\/wp\/v2\/posts\/648829","targetHints":{"allow":["GET"]}}],"collection":[{"href":"https:\/\/www.europesays.com\/fr\/wp-json\/wp\/v2\/posts"}],"about":[{"href":"https:\/\/www.europesays.com\/fr\/wp-json\/wp\/v2\/types\/post"}],"author":[{"embeddable":true,"href":"https:\/\/www.europesays.com\/fr\/wp-json\/wp\/v2\/users\/2"}],"replies":[{"embeddable":true,"href":"https:\/\/www.europesays.com\/fr\/wp-json\/wp\/v2\/comments?post=648829"}],"version-history":[{"count":0,"href":"https:\/\/www.europesays.com\/fr\/wp-json\/wp\/v2\/posts\/648829\/revisions"}],"wp:featuredmedia":[{"embeddable":true,"href":"https:\/\/www.europesays.com\/fr\/wp-json\/wp\/v2\/media\/648830"}],"wp:attachment":[{"href":"https:\/\/www.europesays.com\/fr\/wp-json\/wp\/v2\/media?parent=648829"}],"wp:term":[{"taxonomy":"category","embeddable":true,"href":"https:\/\/www.europesays.com\/fr\/wp-json\/wp\/v2\/categories?post=648829"},{"taxonomy":"post_tag","embeddable":true,"href":"https:\/\/www.europesays.com\/fr\/wp-json\/wp\/v2\/tags?post=648829"}],"curies":[{"name":"wp","href":"https:\/\/api.w.org\/{rel}","templated":true}]}}