{"id":648831,"date":"2026-01-08T07:05:10","date_gmt":"2026-01-08T07:05:10","guid":{"rendered":"https:\/\/www.europesays.com\/fr\/648831\/"},"modified":"2026-01-08T07:05:10","modified_gmt":"2026-01-08T07:05:10","slug":"ca-permet-de-remettre-le-rugby-a-une-place-importante-pourquoi-le-rc-vannes-partira-quelques-jours-en-stage-entre-les-deplacements-a-grenoble-et-oyonnax","status":"publish","type":"post","link":"https:\/\/www.europesays.com\/fr\/648831\/","title":{"rendered":"\u00ab\u00a0\u00c7a permet de remettre le rugby \u00e0 une place importante\u00a0\u00bb\u00a0: pourquoi le RC Vannes partira quelques jours en stage entre les d\u00e9placements \u00e0 Grenoble et Oyonnax"},"content":{"rendered":"<p>Pro D2 (16e journ\u00e9e). RC Vannes &#8211; Stade Montois, vendredi (19 h 30)Pouvez-vous nous en dire plus sur ce stage pr\u00e9vu entre les matchs \u00e0 Grenoble et Oyonnax ?<\/p>\n<p>On a trouv\u00e9 \u00e0 mi-chemin entre les deux. Je ne suis pas tr\u00e8s bon en g\u00e9ographie alpine mais c\u2019est \u00e0 mi-chemin entre les deux. C\u2019est bien. \u00c7a va \u00eatre une semaine courte. Parler de stage\u2026 On va faire un seul entra\u00eenement collectif \u00e0 intensit\u00e9 au final. Mais \u00e7a nous \u00e9vite de redoubler les d\u00e9placements. \u00c7a nous fait prendre l\u2019air aussi en plein hiver. Ce sont beaucoup de choses positives.<\/p>\n<p>Quel sera le programme ?<\/p>\n<p>\u00c7a sera le programme d\u2019une semaine de six jours. Le lendemain du match, c\u2019est repos et soins. Ensuite, pr\u00e9paration de la semaine, muscu, clart\u00e9. Le lundi, de l\u2019intensit\u00e9 \u00e0 15 contre 15, avec du volume de course. Le mardi sera off. Et le mercredi, l\u2019entra\u00eenement de vitesse pour pr\u00e9parer le lendemain.<\/p>\n<p>Sur la journ\u00e9e off, vous savez ce que vous allez faire ?<\/p>\n<p>Comme on est en stage, en g\u00e9n\u00e9ral, il y a quand m\u00eame une r\u00e9union. Il y a un peu de d\u00e9briefing. Et apr\u00e8s, beaucoup de soins, beaucoup de r\u00e9cup&rsquo;, je pense. Et quartier libre. On sera au bord du lac L\u00e9man. Les joueurs auront quartier libre.<\/p>\n<p>En quoi ces quelques jours peuvent \u00eatre importants pour la vie du groupe ?<\/p>\n<p>\u00c7a permet, des fois, de se recentrer un peu sur l\u2019\u00e9quipe, le jeu. Parce que la saison est longue, il y a une forme de routine qui s\u2019installe. Et la routine, elle peut \u00eatre aussi celle de ta vie de tous les jours : les enfants, etc. \u00c7a permet de remettre le rugby \u00e0 une place importante.<\/p>\n<p>Vous emm\u00e8nerez tout le groupe ?<\/p>\n<p>Oui, ceux qui sont aptes.<\/p>\n","protected":false},"excerpt":{"rendered":"Pro D2 (16e journ\u00e9e). RC Vannes &#8211; Stade Montois, vendredi (19 h 30)Pouvez-vous nous en dire plus sur&hellip;\n","protected":false},"author":2,"featured_media":648832,"comment_status":"","ping_status":"","sticky":false,"template":"","format":"standard","meta":{"footnotes":""},"categories":[9566],"tags":[1111,11,2430,3166,1777,674,1011,27,2731,12,2308,3164,3167,25,479,60,3165],"class_list":{"0":"post-648831","1":"post","2":"type-post","3":"status-publish","4":"format-standard","5":"has-post-thumbnail","7":"category-grenoble","8":"tag-actu","9":"tag-actualites","10":"tag-auvergne-rhone-alpes","11":"tag-en-continu-sports","12":"tag-eu","13":"tag-europe","14":"tag-fr","15":"tag-france","16":"tag-grenoble","17":"tag-news","18":"tag-pro-d2","19":"tag-rc-vannes","20":"tag-rcv","21":"tag-republique-francaise","22":"tag-rugby","23":"tag-sports","24":"tag-vannes"},"share_on_mastodon":{"url":"https:\/\/pubeurope.com\/@fr\/115858212439592561","error":""},"_links":{"self":[{"href":"https:\/\/www.europesays.com\/fr\/wp-json\/wp\/v2\/posts\/648831","targetHints":{"allow":["GET"]}}],"collection":[{"href":"https:\/\/www.europesays.com\/fr\/wp-json\/wp\/v2\/posts"}],"about":[{"href":"https:\/\/www.europesays.com\/fr\/wp-json\/wp\/v2\/types\/post"}],"author":[{"embeddable":true,"href":"https:\/\/www.europesays.com\/fr\/wp-json\/wp\/v2\/users\/2"}],"replies":[{"embeddable":true,"href":"https:\/\/www.europesays.com\/fr\/wp-json\/wp\/v2\/comments?post=648831"}],"version-history":[{"count":0,"href":"https:\/\/www.europesays.com\/fr\/wp-json\/wp\/v2\/posts\/648831\/revisions"}],"wp:featuredmedia":[{"embeddable":true,"href":"https:\/\/www.europesays.com\/fr\/wp-json\/wp\/v2\/media\/648832"}],"wp:attachment":[{"href":"https:\/\/www.europesays.com\/fr\/wp-json\/wp\/v2\/media?parent=648831"}],"wp:term":[{"taxonomy":"category","embeddable":true,"href":"https:\/\/www.europesays.com\/fr\/wp-json\/wp\/v2\/categories?post=648831"},{"taxonomy":"post_tag","embeddable":true,"href":"https:\/\/www.europesays.com\/fr\/wp-json\/wp\/v2\/tags?post=648831"}],"curies":[{"name":"wp","href":"https:\/\/api.w.org\/{rel}","templated":true}]}}