{"id":648833,"date":"2026-01-08T07:06:08","date_gmt":"2026-01-08T07:06:08","guid":{"rendered":"https:\/\/www.europesays.com\/fr\/648833\/"},"modified":"2026-01-08T07:06:08","modified_gmt":"2026-01-08T07:06:08","slug":"marches-du-jour-travaux-en-cours-sorties-a-faire-les-rendez-vous-de-ce-jeudi-8-janvier-a-rennes","status":"publish","type":"post","link":"https:\/\/www.europesays.com\/fr\/648833\/","title":{"rendered":"March\u00e9s du jour, travaux en cours, sorties \u00e0 faire\u2026 Les rendez-vous de ce jeudi 8 janvier \u00e0 Rennes"},"content":{"rendered":"<p>                    Par<br \/>\n        <strong><br \/>\n            <a href=\"https:\/\/actu.fr\/auteur\/brian-legoff\" title=\"Consulter tous les articles de Brian Le Goff\" target=\"_blank\" rel=\"noopener\">Brian Le Goff<\/a><br \/>\n                    <\/strong><\/p>\n<p>        Publi\u00e9 le<\/p>\n<p>            8 janv. 2026 \u00e0 6h32        <\/p>\n<p>La fin de la premi\u00e8re semaine de reprise, apr\u00e8s les <a href=\"https:\/\/actu.fr\/tag\/vacances-scolaires\" target=\"_blank\" rel=\"noopener\">vacances scolaires<\/a>, approche. Ce jeudi 8\u00a0janvier, la r\u00e9daction d\u2019<a href=\"https:\/\/actu.fr\/rennes\/\" target=\"_blank\" rel=\"noopener\">actu Rennes<\/a> vous partage les infos \u00e0 retenir pour la journ\u00e9e.<\/p>\n<p>Les march\u00e9s du jour<\/p>\n<p class=\" wall-content\">Besoin de faire vos courses\u2009? Rendez-vous sur <strong>les march\u00e9s \u00e0 Rennes\u2009:<\/strong><\/p>\n<ul class=\" wall-content\">\n<li>quartier Centre, Halles centrales, boulevard de la Libert\u00e9 et place Hoche, de 15h \u00e0 20h\u2009;<\/li>\n<li>quartier Br\u00e9quigny, march\u00e9 Sarah-Bernhardt, square Sarah-Bernhardt, de 7h45 \u00e0 12h45\u2009;<\/li>\n<li>quartier Jeanne-d\u2019Arc \u2013 Longs-Champs \u2013 Atalante, boulevard Alexis-Carrel, de 7h45 \u00e0 12h45\u2009;<\/li>\n<li>quartier Courrouze, place Jeanne-Laurent, de 15h \u00e0 20h\u2009;<\/li>\n<li>quartier de La Bellangerais, rue du Morbihan, de 15h \u00e0 19h.<\/li>\n<\/ul>\n<p class=\" wall-content\"><strong>Dans la m\u00e9tropole\u2009:<\/strong><\/p>\n<ul class=\" wall-content\">\n<li>Chartres-de-Bretagne, place de la Libert\u00e9, de 8h \u00e0 13h\u2009;<\/li>\n<li>Cintr\u00e9, place du Centre, de 16h30 \u00e0 19h30\u2009;<\/li>\n<li>Langan, place de l\u2019\u00c9glise, de 16h \u00e0 20h\u2009;<\/li>\n<li>L\u2019Hermitage, place Saint-Avit, de 7h30 \u00e0 12h30\u2009;<\/li>\n<li>Romill\u00e9, place de l\u2019\u00c9glise, de 8h \u00e0 13h.<\/li>\n<\/ul>\n<p>Les travaux en cours<\/p>\n<ul class=\" wall-content\">\n<li><strong>avenue Jules-Maniez<\/strong> barr\u00e9e dans le sens ouest-est, entre le centre du quartier Courrouze et le boulevard Pierre-Mend\u00e8s France\u2009;<\/li>\n<li>circulation interdite sur l\u2019<strong>avenue du G\u00e9n\u00e9ral S. Patton,<\/strong> entre les rues du Poirier Nivet et du Gast\u2009;<\/li>\n<li><strong>avenue du Canada<\/strong> barr\u00e9e, au niveau du rond-point, dans le sens sud-nord\u2009;<\/li>\n<li><strong>rue Charles-G\u00e9niaux<\/strong> interdite entre rue de Lorient et all\u00e9e Jean-Fran\u00e7ois Le Gonidec dans le sens sud-nord\u2009;<\/li>\n<li><strong>rue Brindejonc des Moulinais<\/strong> barr\u00e9e entre rue de Lorient et rue Etienne Pinault\u2009;<\/li>\n<li><strong>boulevard Marbeuf,<\/strong> circulation interdite entre rue de Kerviller et rue de Lorient. D\u00e9viation par la rue Louis-Guilloux et la rue de Lorient\u2009;<\/li>\n<li><strong>rue de Lorient, <\/strong>circulation interdite dans le sens est-ouest entre rue Kerviller et boulevard Marbeuf.<\/li>\n<\/ul>\n<p>Quatre activit\u00e9s \u00e0 faire<\/p>\n<p class=\" wall-content\">Que faire ce jeudi \u00e0 Rennes\u2009? Voici quatre id\u00e9es de sorties\u2009:<\/p>\n<p>Votre r\u00e9gion, votre actu !<\/p>\n<p>Recevez chaque jour les infos qui comptent pour vous.<\/p>\n<p>\t<a href=\"https:\/\/actu.fr\/newsletter\" class=\"ac-btn ac-btn--corner ac-btn--medium ac-btn--blue800\" target=\"_blank\" rel=\"noopener\">S&rsquo;incrire<\/a><\/p>\n<ul class=\" wall-content\">\n<li><strong>Carlos Nunez avec l\u2019Orchestre National de Bretagne \u00e0 20h au Libert\u00e9,<\/strong> entre 35 et 59\u00a0euros la place, <a href=\"https:\/\/leliberte.fr\/spectacles\/carlos-nunez-lonb-celtic-sea\/\" target=\"_blank\" rel=\"noopener\">billetterie<\/a> en ligne\u2009;<\/li>\n<li><strong>Soir\u00e9e Catch<\/strong> \u00e0 la Salle de la Cit\u00e9, de 10 \u00e0 20\u00a0euros, <a href=\"https:\/\/www.billetweb.fr\/rixe-catch-episode-33-a-rennes\" target=\"_blank\" rel=\"noopener\">billetterie en ligne<\/a>\u2009;<\/li>\n<li><strong>Blindtest Sp\u00e9cial Cover,<\/strong> \u00e0 La Mie Mobile, 34 boulevard Villebois-Mareuil, \u00e0 20h\u2009;<\/li>\n<\/ul>\n<ul class=\" wall-content\">\n<li><strong>Festival Cam\u00e9ras Rebelles<\/strong> d\u2019Amnesty International jusqu\u2019au 11\u00a0janvier avec pour th\u00e8me \u00ab\u2009Quelle d\u00e9mocratie pour d\u00e9fendre les droits humains\u2009?\u2009\u00bb\u2009: ce jeudi soir, \u00e0 <strong>20h15, au cin\u00e9ma Arvor, film documentaire franco-allemand Algorithmes\u2009: vers un monde manipul\u00e9<\/strong>. 6,50\u00a0euros\u2009: <a href=\"https:\/\/www.cinema-arvor.fr\/evenement\/2195398-algorithmes-vers-un-monde-manipule-de-dorothe-dorholt\" target=\"_blank\" rel=\"noopener\">billetterie<\/a>.<\/li>\n<\/ul>\n<p class=\" wall-content\">Personnalisez votre actualit\u00e9 en ajoutant vos villes et m\u00e9dias en favori avec <a href=\"https:\/\/moncompte.actu.fr\" title=\"D\u00e9couvez Mon Actu\" rel=\"nofollow noopener\" data-trk=\"{&quot;cta&quot;:{&quot;action&quot;:&quot;https:\\\/\\\/moncompte.actu.fr&quot;,&quot;category&quot;:&quot;mon compte&quot;,&quot;from&quot;:&quot;article footer&quot;,&quot;name&quot;:&quot;Mon actu&quot;,&quot;type&quot;:&quot;cta&quot;}}\" target=\"_blank\">Mon Actu<\/a>.<\/p>\n","protected":false},"excerpt":{"rendered":"Par Brian Le Goff Publi\u00e9 le 8 janv. 2026 \u00e0 6h32 La fin de la premi\u00e8re semaine de&hellip;\n","protected":false},"author":2,"featured_media":648834,"comment_status":"","ping_status":"","sticky":false,"template":"","format":"standard","meta":{"footnotes":""},"categories":[2821],"tags":[1111,11,829,1777,674,1011,27,12,584,25,104,2086],"class_list":{"0":"post-648833","1":"post","2":"type-post","3":"status-publish","4":"format-standard","5":"has-post-thumbnail","7":"category-rennes","8":"tag-actu","9":"tag-actualites","10":"tag-bretagne","11":"tag-eu","12":"tag-europe","13":"tag-fr","14":"tag-france","15":"tag-news","16":"tag-rennes","17":"tag-republique-francaise","18":"tag-societe","19":"tag-travaux"},"share_on_mastodon":{"url":"https:\/\/pubeurope.com\/@fr\/115858216288761959","error":""},"_links":{"self":[{"href":"https:\/\/www.europesays.com\/fr\/wp-json\/wp\/v2\/posts\/648833","targetHints":{"allow":["GET"]}}],"collection":[{"href":"https:\/\/www.europesays.com\/fr\/wp-json\/wp\/v2\/posts"}],"about":[{"href":"https:\/\/www.europesays.com\/fr\/wp-json\/wp\/v2\/types\/post"}],"author":[{"embeddable":true,"href":"https:\/\/www.europesays.com\/fr\/wp-json\/wp\/v2\/users\/2"}],"replies":[{"embeddable":true,"href":"https:\/\/www.europesays.com\/fr\/wp-json\/wp\/v2\/comments?post=648833"}],"version-history":[{"count":0,"href":"https:\/\/www.europesays.com\/fr\/wp-json\/wp\/v2\/posts\/648833\/revisions"}],"wp:featuredmedia":[{"embeddable":true,"href":"https:\/\/www.europesays.com\/fr\/wp-json\/wp\/v2\/media\/648834"}],"wp:attachment":[{"href":"https:\/\/www.europesays.com\/fr\/wp-json\/wp\/v2\/media?parent=648833"}],"wp:term":[{"taxonomy":"category","embeddable":true,"href":"https:\/\/www.europesays.com\/fr\/wp-json\/wp\/v2\/categories?post=648833"},{"taxonomy":"post_tag","embeddable":true,"href":"https:\/\/www.europesays.com\/fr\/wp-json\/wp\/v2\/tags?post=648833"}],"curies":[{"name":"wp","href":"https:\/\/api.w.org\/{rel}","templated":true}]}}