{"id":648835,"date":"2026-01-08T07:07:11","date_gmt":"2026-01-08T07:07:11","guid":{"rendered":"https:\/\/www.europesays.com\/fr\/648835\/"},"modified":"2026-01-08T07:07:11","modified_gmt":"2026-01-08T07:07:11","slug":"la-meteo-narrange-rien-a-rennes-coup-denvoi-timide-des-soldes-dhiver-dans-les-commerces","status":"publish","type":"post","link":"https:\/\/www.europesays.com\/fr\/648835\/","title":{"rendered":"\u00ab\u00a0La m\u00e9t\u00e9o n&rsquo;arrange rien\u00a0\u00bb : \u00e0 Rennes coup d&rsquo;envoi timide des soldes d&rsquo;hiver dans les commerces"},"content":{"rendered":"<p>A Rennes (Ille-et-Vilaine), les soldes d&rsquo;hiver, qui  ont d\u00e9but\u00e9 mercredi 7 janvier 2026, commencent calmement dans le centre ville o\u00f9 les clients ne sont pas nombreux pour ce premier jour alors qu&rsquo;il fait froid. Les commer\u00e7ants misent sur samedi prochain 10 janvier, premier week-end des soldes.<\/p>\n<p>La neige, le verglas, le froid, les conditions climatiques de ce d\u00e9but d&rsquo;ann\u00e9e ne sont pas tr\u00e8s favorables pour le lancement des soldes d&rsquo;hiver ce mercredi 7 janvier. <strong>A Rennes, le centre ville a \u00e9t\u00e9 plut\u00f4t boud\u00e9 par les clients et clientes pour le coup d&rsquo;envoi de cette op\u00e9ration commerciale devenue traditionnelle<\/strong>. Pourtant les bonnes affaires sont l\u00e0,\u00a0moins 10%, moins 30% et jusqu&rsquo;\u00e0 moins 50%, les boutiques ont encore conserv\u00e9 leurs d\u00e9corations de Noel pour garder un air de f\u00eate.<\/p>\n<p>Le rendez-vous des inconditionnels<\/p>\n<p><strong>Dans le froid glacial qui saisit la capitale bretonne ce mercredi,\u00a0Modup\u00e9 a d\u00e9j\u00e0 fait ses premi\u00e8res emplettes<\/strong> \u00ab\u00a0je suis all\u00e9e acheter de la lingerie dans un magasin sp\u00e9cialis\u00e9\u00a0\u00bb t\u00e9moigne la jeune femme \u00e9tudiante \u00e0 Rennes \u00ab\u00a0y avait moins 50%, c&rsquo;\u00e9tait int\u00e9ressant, tout l&rsquo;apr\u00e8s-midi \u00e7a va \u00eatre shopping\u00a0\u00bb. Dans une autre rue, Tom profite d&rsquo;un rendez-vous dans le centre ville pour faire un d\u00e9tour dans les commerces. Dans la main, il tient un sac de courses d\u00e9j\u00e0 rempli \u00ab\u00a0j&rsquo;ai achet\u00e9 un petit pull mi saison et aussi un gilet, \u00e7a fait plaisir ses r\u00e9ductions m\u00eame si elles ne sont pas toujours importantes\u00a0\u00bb.<\/p>\n<p>Des rues clairsem\u00e9es<\/p>\n<p>Carine est \u00e0 la recherche de v\u00eatements et de chaussures sans bousculades \u00ab\u00a0je suis surprise par le peu de monde en ville, mais du coup on a plus d&rsquo;offres, je commence mon p\u00e9riple et je trouve que c&rsquo;est int\u00e9ressant d\u00e8s le d\u00e9but\u00a0\u00bb. Daisy est une cliente rennaise fid\u00e8le au premier jour des soldes, mais les choses changent \u00ab\u00a0\u00e7a se perd quand m\u00eame, <strong>ce n&rsquo;est plus comme avant car il y a maintenant des soldes toute l&rsquo;ann\u00e9e<\/strong>\u00ab\u00a0.<\/p>\n<p>Ambiance calme dans les boutiques<\/p>\n<p><strong>Dans la boutique IONA de v\u00eatements f\u00e9minins, des centaines de manteaux, chemisiers, robes, pantalons, les collections d&rsquo;hiver ou de printemps sont align\u00e9s sur des cintres<\/strong> \u00ab\u00a0on a du moins 20%, moins 30% et moins 40% en fonction du nombre d&rsquo;articles dans le panier, on a presque un panier \u00e0 moins 50 si l&rsquo;on trouve plusieurs articles qui nous plait\u00a0\u00bb explique Yuna\u00a0 une vendeuse. Mais l&rsquo;ambiance est calme \u00ab\u00a0\u00e7a ne commence pas tr\u00e8s fort comme on a pu le voir l&rsquo;an dernier, le flux est divis\u00e9 par deux par rapport \u00e0 2025\u00a0\u00bb d\u00e9plore Jade Doleu la responsable de la boutique de la rue d&rsquo;Estr\u00e9es \u00ab\u00a0d\u00e9j\u00e0 que le commerce est difficile, mais la m\u00e9t\u00e9o n&rsquo;arrange rien\u00a0\u00bb.<\/p>\n<p> <img decoding=\"async\" src=\"https:\/\/www.europesays.com\/fr\/wp-content\/uploads\/2026\/01\/1767856031_598_1280.jpeg\" alt=\"illustration agrandir l'image\" style=\"--_image-preview:url('data:image\/jpeg;base64,\/9j\/2wBDACgcHiMeGSgjISMtKygwPGRBPDc3PHtYXUlkkYCZlo+AjIqgtObDoKrarYqMyP\/L2u71\/\/\/\/m8H\/\/\/\/6\/+b9\/\/j\/2wBDASstLTw1PHZBQXb4pYyl+Pj4+Pj4+Pj4+Pj4+Pj4+Pj4+Pj4+Pj4+Pj4+Pj4+Pj4+Pj4+Pj4+Pj4+Pj4+Pj4+Pj\/wAARCAAfACoDASIAAhEBAxEB\/8QAFwABAQEBAAAAAAAAAAAAAAAAAgEAA\/\/EABcQAQEBAQAAAAAAAAAAAAAAAAARARL\/xAAXAQEBAQEAAAAAAAAAAAAAAAABAAID\/8QAFREBAQAAAAAAAAAAAAAAAAAAABH\/2gAMAwEAAhEDEQA\/AFWo1K5tnVrnVpBVqNSkjup0HSVQV0q1yzTxIqzYwL\/\/2Q==');\" loading=\"lazy\" fetchpriority=\"low\" class=\"svelte-1cksh76 rounded\" onload=\"this.__e=event\" onerror=\"this.__e=event\"\/> Yuna, vendeuse \u00e0 la boutique de v\u00eatements f\u00e9minins IONA \u00e0 Rennes, constate un d\u00e9but timide pour les soldes d&rsquo;hiver \u00a9 Radio France &#8211; Lo\u00efck Guellec  Des modes de consommation qui changent<\/p>\n<p>Les raisons sont nombreuses pour expliquer le peu d&rsquo;engouement de ce premier jour des soldes, la m\u00e9t\u00e9o sans doute,\u00a0 mais aussi la multiplication des op\u00e9rations promotionnelles toute l&rsquo;ann\u00e9e, le e commerce, la concurrence entre les galeries marchandes situ\u00e9es en p\u00e9riph\u00e9rie et le centre ville. Emma, \u00e9tudiante, fait un peu de l\u00e8che-vitrines mais n&rsquo;est pas int\u00e9ress\u00e9e par les soldes \u00ab\u00a0j&rsquo;ach\u00e8te uniquement en seconde main, c&rsquo;est mieux, \u00e7a co\u00fbte moins cher, c&rsquo;est plus \u00e9cologique et \u00e7a fonctionne toute l&rsquo;ann\u00e9e\u00a0\u00bb.<\/p>\n<p>Samedi, s\u00e9ance de rattrapage\u00a0?<\/p>\n<p><strong>Les commer\u00e7ants du centre ville misent maintenant sur samedi prochain 10 janvier, \u00e7a sera la premier week-end des soldes<\/strong> et la m\u00e9t\u00e9o sera nettement plus favorable \u00ab\u00a0je pense que \u00e7a ira mieux samedi, mais faut garder le sourire, c&rsquo;est \u00e7a aussi la joie du commerce\u00a0\u00bb r\u00e9agit avec optimisme Jade Doleu \u00ab\u00a0faut s&rsquo;accrocher et puis du coup on peut passer plus de temps avec\u00a0 nos clientes\u00a0\u00bb.<\/p>\n","protected":false},"excerpt":{"rendered":"A Rennes (Ille-et-Vilaine), les soldes d&rsquo;hiver, qui ont d\u00e9but\u00e9 mercredi 7 janvier 2026, commencent calmement dans le centre&hellip;\n","protected":false},"author":2,"featured_media":648836,"comment_status":"","ping_status":"","sticky":false,"template":"","format":"standard","meta":{"footnotes":""},"categories":[2821],"tags":[1111,11,829,1777,674,1011,27,12,584,25],"class_list":{"0":"post-648835","1":"post","2":"type-post","3":"status-publish","4":"format-standard","5":"has-post-thumbnail","7":"category-rennes","8":"tag-actu","9":"tag-actualites","10":"tag-bretagne","11":"tag-eu","12":"tag-europe","13":"tag-fr","14":"tag-france","15":"tag-news","16":"tag-rennes","17":"tag-republique-francaise"},"share_on_mastodon":{"url":"https:\/\/pubeurope.com\/@fr\/115858220411922019","error":""},"_links":{"self":[{"href":"https:\/\/www.europesays.com\/fr\/wp-json\/wp\/v2\/posts\/648835","targetHints":{"allow":["GET"]}}],"collection":[{"href":"https:\/\/www.europesays.com\/fr\/wp-json\/wp\/v2\/posts"}],"about":[{"href":"https:\/\/www.europesays.com\/fr\/wp-json\/wp\/v2\/types\/post"}],"author":[{"embeddable":true,"href":"https:\/\/www.europesays.com\/fr\/wp-json\/wp\/v2\/users\/2"}],"replies":[{"embeddable":true,"href":"https:\/\/www.europesays.com\/fr\/wp-json\/wp\/v2\/comments?post=648835"}],"version-history":[{"count":0,"href":"https:\/\/www.europesays.com\/fr\/wp-json\/wp\/v2\/posts\/648835\/revisions"}],"wp:featuredmedia":[{"embeddable":true,"href":"https:\/\/www.europesays.com\/fr\/wp-json\/wp\/v2\/media\/648836"}],"wp:attachment":[{"href":"https:\/\/www.europesays.com\/fr\/wp-json\/wp\/v2\/media?parent=648835"}],"wp:term":[{"taxonomy":"category","embeddable":true,"href":"https:\/\/www.europesays.com\/fr\/wp-json\/wp\/v2\/categories?post=648835"},{"taxonomy":"post_tag","embeddable":true,"href":"https:\/\/www.europesays.com\/fr\/wp-json\/wp\/v2\/tags?post=648835"}],"curies":[{"name":"wp","href":"https:\/\/api.w.org\/{rel}","templated":true}]}}