{"id":648837,"date":"2026-01-08T07:08:11","date_gmt":"2026-01-08T07:08:11","guid":{"rendered":"https:\/\/www.europesays.com\/fr\/648837\/"},"modified":"2026-01-08T07:08:11","modified_gmt":"2026-01-08T07:08:11","slug":"strasbourg-le-7e-art-selon-le-cineaste-michel-hazanavicius-une-precieuse-marchandise","status":"publish","type":"post","link":"https:\/\/www.europesays.com\/fr\/648837\/","title":{"rendered":"Strasbourg. Le 7e art selon le cin\u00e9aste Michel Hazanavicius\u00a0: une pr\u00e9cieuse marchandise"},"content":{"rendered":"<p>L\u2019actualit\u00e9, c\u2019est d\u2019abord <a href=\"https:\/\/www.dna.fr\/environnement\/2026\/01\/06\/neige-et-verglas-sacree-pagaille-panique-totale-ils-racontent-leurs-galeres\" target=\"_blank\" rel=\"noopener\">cette m\u00e9t\u00e9o hivernale<\/a> qui freine mardi le TGV venu de Paris. Le train accuse 45 minutes de retard et le r\u00e9alisateur Michel Hazanavicius arrive in extremis \u00e0 11\u00a0h, pile sur le g\u00e9n\u00e9rique de fin de La plus pr\u00e9cieuse des marchandises. Sept classes de sept lyc\u00e9es de Strasbourg et Schiltigheim ont ainsi d\u00e9couvert ce film d\u2019animation en rapport avec la Shoah.<\/p>\n<p>Cette m\u00eame actualit\u00e9 rythme ensuite le d\u00e9bat quand des gouttes d\u2019eau, depuis le plafond du cin\u00e9ma Vox, font \u00e9cho \u00e0 l\u2019\u00e9pisode neigeux de ces derniers jours. Mais cela ne perturbe en rien les \u00e9changes fid\u00e8les \u00e0 la hi\u00e9rarchie de l\u2019info, quand le r\u00e9alisateur rappelle combien \u00ab\u00a0le\u00a0dessin filtre la r\u00e9alit\u00e9\u00a0\u00bb. Un parti pris cin\u00e9matographique pour mieux montrer et amortir l\u2019horreur du pass\u00e9. \u00ab\u00a0Vous avez vu la semaine pass\u00e9e des images bien plus terribles\u00a0\u00bb commente Michel Hazanavicius en pensant <a href=\"https:\/\/www.dna.fr\/faits-divers-justice\/2026\/01\/07\/pourquoi-les-gerants-francais-du-constellation-n-ont-pas-ete-arretes-des-avocats-s-etonnent\" target=\"_blank\" rel=\"noopener\">au drame de Crans-Montana<\/a>.<\/p>\n<p>L\u2019actualit\u00e9 d\u00e9file \u00e0 vitesse grand V, le choc des photos inonde les \u00e9crans et l\u2019horizon n\u2019est gu\u00e8re r\u00e9jouissant\u00a0: \u00ab\u00a0L\u2019id\u00e9e de la guerre se rapproche de nous\u00a0\u00bb rappelle g\u00e9opolitiquement le virtuose du 7e\u00a0 art. Sans noircir le tableau mais en sugg\u00e9rant de mettre le smartphone de c\u00f4t\u00e9 pour se tourner vers le grand \u00e9cran, prendre le temps et trouver cette juste distance avec le monde qui nous entoure. Le monde d\u2019hier, d\u2019aujourd\u2019hui et de demain.<\/p>\n<p>  Un pari sur l\u2019avenir<\/p>\n<p>Ce film, d\u00e9crit comme \u00ab\u00a0un pari sur l\u2019avenir\u00a0\u00bb est montr\u00e9 ce m\u00eame jour \u00e0 une centaine d\u2019enseignants de toute l\u2019acad\u00e9mie dans le cadre du dispositif national \u201cLyc\u00e9ens et apprentis au cin\u00e9ma\u201d, relay\u00e9 localement par l\u2019association Le r\u00e9cit avec des s\u00e9quences de formation transformant le cin\u00e9ma en outil p\u00e9dagogique.<\/p>\n<p>Les films soutenus par la r\u00e9gion Grand Est sont particuli\u00e8rement mis en avant. La plus pr\u00e9cieuse des marchandises en fait partie. Charge \u00e0 Michel Hazanavicius devant son auditoire alsacien de lever aussi le voile sur les coulisses d\u2019un film, \u00ab\u00a0d\u00e9cortiquer comment \u00e7a marche\u00a0\u00bb. D\u2019autres comme Abd Al Malik ou Hubert Charuel, plus ou moins r\u00e9gionaux de l\u2019\u00e9tape, l\u2019ont fait ici avant lui. Et avec comme double effet d\u2019\u00e9clairer parall\u00e8lement sur toutes les facettes du m\u00e9tier et pourquoi pas susciter, chez ces lyc\u00e9ens et apprentis, d\u2019\u00e9ventuelles vocations. La plus pr\u00e9cieuse des marchandises est \u00e0 tout point de vue un pari sur l\u2019avenir.<\/p>\n","protected":false},"excerpt":{"rendered":"L\u2019actualit\u00e9, c\u2019est d\u2019abord cette m\u00e9t\u00e9o hivernale qui freine mardi le TGV venu de Paris. Le train accuse 45&hellip;\n","protected":false},"author":2,"featured_media":648838,"comment_status":"","ping_status":"","sticky":false,"template":"","format":"standard","meta":{"footnotes":""},"categories":[2820],"tags":[1111,11,2389,650,1687,2880,1777,674,107,1011,27,775,12,25,640,2879],"class_list":{"0":"post-648837","1":"post","2":"type-post","3":"status-publish","4":"format-standard","5":"has-post-thumbnail","7":"category-strasbourg","8":"tag-actu","9":"tag-actualites","10":"tag-alsace","11":"tag-cinema","12":"tag-culture-loisirs","13":"tag-edition-strasbourg","14":"tag-eu","15":"tag-europe","16":"tag-fil-info","17":"tag-fr","18":"tag-france","19":"tag-grand-est","20":"tag-news","21":"tag-republique-francaise","22":"tag-strasbourg","23":"tag-strasbourg-ville"},"share_on_mastodon":{"url":"https:\/\/pubeurope.com\/@fr\/115858224149940565","error":""},"_links":{"self":[{"href":"https:\/\/www.europesays.com\/fr\/wp-json\/wp\/v2\/posts\/648837","targetHints":{"allow":["GET"]}}],"collection":[{"href":"https:\/\/www.europesays.com\/fr\/wp-json\/wp\/v2\/posts"}],"about":[{"href":"https:\/\/www.europesays.com\/fr\/wp-json\/wp\/v2\/types\/post"}],"author":[{"embeddable":true,"href":"https:\/\/www.europesays.com\/fr\/wp-json\/wp\/v2\/users\/2"}],"replies":[{"embeddable":true,"href":"https:\/\/www.europesays.com\/fr\/wp-json\/wp\/v2\/comments?post=648837"}],"version-history":[{"count":0,"href":"https:\/\/www.europesays.com\/fr\/wp-json\/wp\/v2\/posts\/648837\/revisions"}],"wp:featuredmedia":[{"embeddable":true,"href":"https:\/\/www.europesays.com\/fr\/wp-json\/wp\/v2\/media\/648838"}],"wp:attachment":[{"href":"https:\/\/www.europesays.com\/fr\/wp-json\/wp\/v2\/media?parent=648837"}],"wp:term":[{"taxonomy":"category","embeddable":true,"href":"https:\/\/www.europesays.com\/fr\/wp-json\/wp\/v2\/categories?post=648837"},{"taxonomy":"post_tag","embeddable":true,"href":"https:\/\/www.europesays.com\/fr\/wp-json\/wp\/v2\/tags?post=648837"}],"curies":[{"name":"wp","href":"https:\/\/api.w.org\/{rel}","templated":true}]}}