{"id":648841,"date":"2026-01-08T07:10:11","date_gmt":"2026-01-08T07:10:11","guid":{"rendered":"https:\/\/www.europesays.com\/fr\/648841\/"},"modified":"2026-01-08T07:10:11","modified_gmt":"2026-01-08T07:10:11","slug":"ce-boulanger-fait-la-meilleure-galette-des-rois-de-nice-cette-annee-voici-ou-lacheter","status":"publish","type":"post","link":"https:\/\/www.europesays.com\/fr\/648841\/","title":{"rendered":"Ce boulanger fait la meilleure galette des rois de Nice cette ann\u00e9e, voici o\u00f9 l&rsquo;acheter"},"content":{"rendered":"<p>                    Par<br \/>\n        <strong><br \/>\n            <a href=\"https:\/\/actu.fr\/auteur\/arthur-frand\" title=\"Consulter tous les articles de Arthur Frand\" target=\"_blank\" rel=\"noopener\">Arthur Frand<\/a><br \/>\n                    <\/strong><\/p>\n<p>        Publi\u00e9 le<\/p>\n<p>            8 janv. 2026 \u00e0 6h34        <\/p>\n<p>Apr\u00e8s les f\u00eates, le mois de janvier met une <strong>tradition \u00e0 l\u2019honneur<\/strong>\u2009: la galette des rois. L\u2019\u00e9piphanie a eu lieu le dimanche 5\u00a0janvier mais il n\u2019est jamais trop tard pour se faire plaisir \u00e0 <a href=\"https:\/\/actu.fr\/nice\/\" target=\"_blank\" rel=\"noopener\">Nice<\/a> dans les <a href=\"https:\/\/actu.fr\/provence-alpes-cote-d-azur\/alpes-maritimes_06\" target=\"_blank\" rel=\"noopener\">Alpes-Maritimes<\/a>. Dans la capitale azur\u00e9enne, une adresse se distingue particuli\u00e8rement cette ann\u00e9e. Il s\u2019agit de la boulangerie Lou, situ\u00e9e \u00e0 Nice-Ouest dans le quartier Saint-Isidore, juste \u00e0 c\u00f4t\u00e9 de l\u2019Allianz Riviera.<\/p>\n<p>    <a href=\"https:\/\/www.google.com\/maps\/embed?pb=!1m18!1m12!1m3!1d2884.181086507081!2d7.191552877522227!3d43.70678564896142!2m3!1f0!2f0!3f0!3m2!1i1024!2i768!4f13.1!3m3!1m2!1s0x12cdd16233142215%3A0x5573bcb8661ee67d!2sBoulangerie%20Lou!5e0!3m2!1sfr!2sfr!4v1767792668233!5m2!1sfr!2sfr\" title=\"Ouvrie le lien\" target=\"_blank\" rel=\"noopener\">Cliquez ici pour visualiser le contenu<\/a><\/p>\n<p class=\" wall-content\">La galette aux amandes de cette boulangerie ni\u00e7oise a \u00e9t\u00e9 class\u00e9e <strong>deuxi\u00e8me meilleure galette<\/strong> \u00e0 la frangipane des Alpes-Maritimes, en octobre dernier, par la f\u00e9d\u00e9ration des Ma\u00eetres Boulangers et Boulangers-P\u00e2tissiers du 06 derri\u00e8re celle d\u2019Hassen Mansourde la Maison Degrange \u00e0 Cannes. Ce dernier succ\u00e8de \u00e0 Denis Petesic, propri\u00e9taire de la boulangerie \u00ab\u2009Aux saveurs retrouv\u00e9es\u2009\u00bb \u00e0 Vence, vainqueur en 2024.<\/p>\n<p>Un couple arriv\u00e9 il y a presque trois ans de Paris<\/p>\n<p class=\" wall-content\">La boulangerie Lou \u00e0 Nice est tenue par un couple\u2009: Karima et Nordine Tiouri. La g\u00e9rante et le boulanger-p\u00e2tissier tourier depuis 15\u00a0ans ont d\u00e9barqu\u00e9 de Paris <b>il y a moins de trois ans, <\/b>en avril 2023, pour s\u2019installer dans la capitale azur\u00e9enne. \u00ab\u2009C\u2019\u00e9tait un choix de vie. On n\u2019avait que quatre murs, on a tout cr\u00e9\u00e9\u2009\u00bb, confie \u00e0 actu Nice Karima Tiouri, g\u00e9rante de la boulangerie avec son mari.<\/p>\n<p class=\" wall-content\">Le couple souhaite perp\u00e9tuer la tradition de la galette des rois. Une p\u00e9riode charni\u00e8re qui succ\u00e8de celle des b\u00fbches de No\u00ebl.<\/p>\n<p class=\" wall-content\">Chez Lou, Karima et son mari Nordine restent fid\u00e8les aux classiques de la galette mais apportent une touche sp\u00e9ciale pour ravir les papilles de leurs clients et se <strong>d\u00e9marquer<\/strong> de la concurrence.<\/p>\n<p>    <a href=\"https:\/\/www.facebook.com\/plugins\/post.php?href=https%3A%2F%2Fwww.facebook.com%2Fboulangerielou%2Fposts%2Fpfbid02kwgA6SzzEVGRL5GiJuB2nLpS2dhwL56oGbMgCW9BokHXNypCUUydQBGtjeKXgRDdl&amp;show_text=true&amp;width=350\" title=\"Ouvrie le lien\" target=\"_blank\" rel=\"noopener\">Cliquez ici pour visualiser le contenu<\/a><\/p>\n<p>Votre r\u00e9gion, votre actu !<\/p>\n<p>Recevez chaque jour les infos qui comptent pour vous.<\/p>\n<p>\t<a href=\"https:\/\/actu.fr\/newsletter\" class=\"ac-btn ac-btn--corner ac-btn--medium ac-btn--blue800\" target=\"_blank\" rel=\"noopener\">S&rsquo;incrire<\/a><br \/>\nGalette \u00e0 la p\u00e2te feuillet\u00e9e invers\u00e9e \u00ab\u2009tr\u00e8s g\u00e9n\u00e9reuse\u2009\u00bb<\/p>\n<p class=\" wall-content\">L\u2019an dernier, le couple avait d\u00e9j\u00e0 tent\u00e9 sa chance au concours d\u00e9partemental mais n\u2019avait pas \u00e9t\u00e9 retenu par les finalistes. Alors Nordine Tiouri a d\u00e9cid\u00e9 de modifier sa p\u00e2te. <br \/>\u00ab\u2009Nous proposons de la frangipane traditionnelle, avec une p\u00e2te feuillet\u00e9e invers\u00e9e, qui diff\u00e8re de celle utilis\u00e9e g\u00e9n\u00e9ralement en boulangerie\u2009\u00bb, livre Karima Tiouri. Cette technique qui place le beurre \u00e0 l\u2019ext\u00e9rieur, donne une p\u00e2te super croustillante, qui l\u00e8ve beaucoup mieux que la p\u00e2te feuillet\u00e9e classique.<\/p>\n<p class=\" wall-content\">Les ingr\u00e9dients utilis\u00e9s sont <strong>de qualit\u00e9<\/strong>. Beurre AOP de Provence, frangipane \u00e0 l\u2019amande blanche et l\u2019amande grise\u2026 Cette galette, tr\u00e8s copieuse et enti\u00e8rement faite maison, fait saliver.<\/p>\n<blockquote class=\"ac-article-quote wall-content\">\n<p>Une galette pour 4 personnes fait \u00e0 peu pr\u00e8s 500 grammes. Divis\u00e9e, vous avez de quoi manger, 120-125 grammes par personne. On a tous \u00e9t\u00e9 frustr\u00e9s par des galettes trop peu garnies \u00e0 la d\u00e9coupe. Ce n&rsquo;est pas le cas chez nous. Mon mari aime remplir les ventres, il est g\u00e9n\u00e9reux.<\/p>\n<p>    <strong>Karima Tiouri<\/strong><br \/>\n        G\u00e9rante Boulangerie Lou \u00e0 Nice    <\/p><\/blockquote>\n<p class=\" wall-content\">La boulangerie Lou propose \u00e9galement une brioche des rois proven\u00e7ale aux fruits confits \u00e0 la fleur d\u2019oranger.<\/p>\n<p class=\" wall-content\"><a href=\"https:\/\/www.instagram.com\/reel\/DS72--NjLjP\/embed\" title=\"Ouvrir le lien sur Instagram\" target=\"_blank\" rel=\"noopener\">Visualiser le contenu sur Instagram<\/a><\/p>\n<p>    <img   decoding=\"async\" loading=\"lazy\" src=\"https:\/\/www.europesays.com\/fr\/wp-content\/uploads\/2026\/01\/galette-rois-actu-nice-1-1-960x640.png\" alt=\"Galette boulangerie lou\" width=\"960\" height=\"640\"\/><br \/>\n    La pr\u00e9paration de la galette aux amandes de la boulangerie Lou \u00e0 Nice. (\u00a9Capture d\u2019\u00e9cran Instagram Boulangerie Lou)Un coup de boost<\/p>\n<p class=\" wall-content\">Pour la boulangerie Lou, cette 2e place au concours de la meilleure galette des rois des Alpes-Maritimes devrait \u00eatre un <strong>v\u00e9ritable boost<\/strong> de ventes. En effet, Eric Hsu, bas\u00e9 \u00e0 Cagnes-sur-Mer, laur\u00e9at d\u00e9partemental de la meilleure galette \u00e0 la frangipane en 2023, puis de Provence-Alpes-C\u00f4te d\u2019Azur en 2024, a profit\u00e9 de ce coup de projecteur. Il a vendu plus du triple de galettes en un an (3500 contre 700).<\/p>\n<p class=\" wall-content\">\u00ab\u2009On n\u2019a pas encore le recul n\u00e9cessaire mais cela nous permet de nous faire conna\u00eetre un peu plus. Les gens s\u2019aper\u00e7oivent qu\u2019il y a une boulangerie \u00e0 Saint-Isidore et peuvent revenir\u2009\u00bb, appuie Karima Tiouri.<\/p>\n<p class=\" wall-content\">Karima et Nordine Tiouri veulent d\u00e9sormais voir plus haut. Ils visent la premi\u00e8re place l\u2019an prochain pour pouvoir acc\u00e9der au <strong>concours national<\/strong> de la meilleure galette \u00e0 la frangipane.<\/p>\n<p>Les crit\u00e8res du concours<\/p>\n<p>Tous les les boulangers artisans qui le souhaitent s&rsquo;inscrivent aupr\u00e8s de l&rsquo;antenne d\u00e9partementale de la conf\u00e9d\u00e9ration.  Les galettes doivent faire 30 cm de diam\u00e8tre. Le jury est compos\u00e9 de quatre professionnels reconnus localement et certains meilleurs ouvriers de France qui d\u00e9partagent les cr\u00e9ations. L&rsquo;esth\u00e9tique et bien s\u00fbr le go\u00fbt sont jug\u00e9s.<\/p>\n<p class=\" wall-content\">Personnalisez votre actualit\u00e9 en ajoutant vos villes et m\u00e9dias en favori avec <a href=\"https:\/\/moncompte.actu.fr\" title=\"D\u00e9couvez Mon Actu\" rel=\"nofollow noopener\" data-trk=\"{&quot;cta&quot;:{&quot;action&quot;:&quot;https:\\\/\\\/moncompte.actu.fr&quot;,&quot;category&quot;:&quot;mon compte&quot;,&quot;from&quot;:&quot;article footer&quot;,&quot;name&quot;:&quot;Mon actu&quot;,&quot;type&quot;:&quot;cta&quot;}}\" target=\"_blank\">Mon Actu<\/a>.<\/p>\n<p>                    <script async src=\"\/\/www.instagram.com\/embed.js\"><\/script><\/p>\n","protected":false},"excerpt":{"rendered":"Par Arthur Frand Publi\u00e9 le 8 janv. 2026 \u00e0 6h34 Apr\u00e8s les f\u00eates, le mois de janvier met&hellip;\n","protected":false},"author":2,"featured_media":648842,"comment_status":"","ping_status":"","sticky":false,"template":"","format":"standard","meta":{"footnotes":""},"categories":[2819],"tags":[1111,11,1477,215,1777,674,1011,27,12,2401,882,25,104],"class_list":{"0":"post-648841","1":"post","2":"type-post","3":"status-publish","4":"format-standard","5":"has-post-thumbnail","7":"category-nice","8":"tag-actu","9":"tag-actualites","10":"tag-artisanat","11":"tag-commerce","12":"tag-eu","13":"tag-europe","14":"tag-fr","15":"tag-france","16":"tag-news","17":"tag-nice","18":"tag-provence-alpes-cote-dazur","19":"tag-republique-francaise","20":"tag-societe"},"share_on_mastodon":{"url":"https:\/\/pubeurope.com\/@fr\/115858232145487221","error":""},"_links":{"self":[{"href":"https:\/\/www.europesays.com\/fr\/wp-json\/wp\/v2\/posts\/648841","targetHints":{"allow":["GET"]}}],"collection":[{"href":"https:\/\/www.europesays.com\/fr\/wp-json\/wp\/v2\/posts"}],"about":[{"href":"https:\/\/www.europesays.com\/fr\/wp-json\/wp\/v2\/types\/post"}],"author":[{"embeddable":true,"href":"https:\/\/www.europesays.com\/fr\/wp-json\/wp\/v2\/users\/2"}],"replies":[{"embeddable":true,"href":"https:\/\/www.europesays.com\/fr\/wp-json\/wp\/v2\/comments?post=648841"}],"version-history":[{"count":0,"href":"https:\/\/www.europesays.com\/fr\/wp-json\/wp\/v2\/posts\/648841\/revisions"}],"wp:featuredmedia":[{"embeddable":true,"href":"https:\/\/www.europesays.com\/fr\/wp-json\/wp\/v2\/media\/648842"}],"wp:attachment":[{"href":"https:\/\/www.europesays.com\/fr\/wp-json\/wp\/v2\/media?parent=648841"}],"wp:term":[{"taxonomy":"category","embeddable":true,"href":"https:\/\/www.europesays.com\/fr\/wp-json\/wp\/v2\/categories?post=648841"},{"taxonomy":"post_tag","embeddable":true,"href":"https:\/\/www.europesays.com\/fr\/wp-json\/wp\/v2\/tags?post=648841"}],"curies":[{"name":"wp","href":"https:\/\/api.w.org\/{rel}","templated":true}]}}