{"id":648843,"date":"2026-01-08T07:11:11","date_gmt":"2026-01-08T07:11:11","guid":{"rendered":"https:\/\/www.europesays.com\/fr\/648843\/"},"modified":"2026-01-08T07:11:11","modified_gmt":"2026-01-08T07:11:11","slug":"nice-une-messe-a-la-memoire-de-brigitte-bardot-figure-de-la-cause-animale","status":"publish","type":"post","link":"https:\/\/www.europesays.com\/fr\/648843\/","title":{"rendered":"Nice\u00a0: une messe \u00e0 la m\u00e9moire de Brigitte Bardot, figure de la cause animale"},"content":{"rendered":"<p class=\"PopSlotParagraph qg-tx2 qg-xtra-lh svelte-1r0pyek\">Dans l\u2019\u00e9glise, des anonymes, des politiques et m\u00eame quelques animaux se sont retrouv\u00e9s pour un temps de recueillement. Tous sont venus saluer la m\u00e9moire d\u2019<strong>une femme qui a marqu\u00e9 plusieurs g\u00e9n\u00e9rations<\/strong>, bien au-del\u00e0 de sa carri\u00e8re au cin\u00e9ma.<\/p>\n<p class=\"PopSlotParagraph qg-tx2 qg-xtra-lh svelte-1r0pyek\">La messe, dite \u00ab\u00a0d\u2019intention\u00a0\u00bb, a \u00e9t\u00e9 c\u00e9l\u00e9br\u00e9e par le fr\u00e8re <strong>Yves-Marie Lequin<\/strong>, aum\u00f4nier des artistes du dioc\u00e8se de Nice. Une c\u00e9l\u00e9bration d\u00e9di\u00e9e \u00e0 Brigitte Bardot, pour laquelle les fid\u00e8les \u00e9taient invit\u00e9s \u00e0 prier. Pour le religieux, cet hommage \u00e9tait aussi l\u2019occasion de rappeler une dimension plus intime de l\u2019ancienne actrice\u00a0: <strong>sa spiritualit\u00e9<\/strong>.<\/p>\n<p class=\"PopSlotParagraph qg-tx2 qg-xtra-lh svelte-1r0pyek\">\u00c0 l\u2019origine de cette messe, <strong>plusieurs associations engag\u00e9es pour la protection animale<\/strong> souhaitaient rendre un hommage fid\u00e8le \u00e0 son combat. Un engagement que Brigitte Bardot n\u2019a jamais reni\u00e9 et qu\u2019elle a port\u00e9 tout au long de sa vie.<\/p>\n","protected":false},"excerpt":{"rendered":"Dans l\u2019\u00e9glise, des anonymes, des politiques et m\u00eame quelques animaux se sont retrouv\u00e9s pour un temps de recueillement.&hellip;\n","protected":false},"author":2,"featured_media":648844,"comment_status":"","ping_status":"","sticky":false,"template":"","format":"standard","meta":{"footnotes":""},"categories":[2819],"tags":[1111,11,1777,674,1011,27,12,2401,882,25],"class_list":{"0":"post-648843","1":"post","2":"type-post","3":"status-publish","4":"format-standard","5":"has-post-thumbnail","7":"category-nice","8":"tag-actu","9":"tag-actualites","10":"tag-eu","11":"tag-europe","12":"tag-fr","13":"tag-france","14":"tag-news","15":"tag-nice","16":"tag-provence-alpes-cote-dazur","17":"tag-republique-francaise"},"share_on_mastodon":{"url":"https:\/\/pubeurope.com\/@fr\/115858235870671660","error":""},"_links":{"self":[{"href":"https:\/\/www.europesays.com\/fr\/wp-json\/wp\/v2\/posts\/648843","targetHints":{"allow":["GET"]}}],"collection":[{"href":"https:\/\/www.europesays.com\/fr\/wp-json\/wp\/v2\/posts"}],"about":[{"href":"https:\/\/www.europesays.com\/fr\/wp-json\/wp\/v2\/types\/post"}],"author":[{"embeddable":true,"href":"https:\/\/www.europesays.com\/fr\/wp-json\/wp\/v2\/users\/2"}],"replies":[{"embeddable":true,"href":"https:\/\/www.europesays.com\/fr\/wp-json\/wp\/v2\/comments?post=648843"}],"version-history":[{"count":0,"href":"https:\/\/www.europesays.com\/fr\/wp-json\/wp\/v2\/posts\/648843\/revisions"}],"wp:featuredmedia":[{"embeddable":true,"href":"https:\/\/www.europesays.com\/fr\/wp-json\/wp\/v2\/media\/648844"}],"wp:attachment":[{"href":"https:\/\/www.europesays.com\/fr\/wp-json\/wp\/v2\/media?parent=648843"}],"wp:term":[{"taxonomy":"category","embeddable":true,"href":"https:\/\/www.europesays.com\/fr\/wp-json\/wp\/v2\/categories?post=648843"},{"taxonomy":"post_tag","embeddable":true,"href":"https:\/\/www.europesays.com\/fr\/wp-json\/wp\/v2\/tags?post=648843"}],"curies":[{"name":"wp","href":"https:\/\/api.w.org\/{rel}","templated":true}]}}