{"id":648851,"date":"2026-01-08T07:16:09","date_gmt":"2026-01-08T07:16:09","guid":{"rendered":"https:\/\/www.europesays.com\/fr\/648851\/"},"modified":"2026-01-08T07:16:09","modified_gmt":"2026-01-08T07:16:09","slug":"cest-un-projet-ambitieux-qui-parle-a-toutes-les-generations-les-puces-des-couturieres-font-leur-retour-a-toulouse","status":"publish","type":"post","link":"https:\/\/www.europesays.com\/fr\/648851\/","title":{"rendered":"\u00ab\u00a0C\u2019est un projet ambitieux qui parle \u00e0 toutes les g\u00e9n\u00e9rations\u00a0\u00bb\u00a0: les Puces des couturi\u00e8res font leur retour \u00e0 Toulouse"},"content":{"rendered":"<p>\n                                                                    l&rsquo;essentiel<br \/>\n                                                                Les Puces des Couturi\u00e8res, \u00e9v\u00e9nement phare de la sc\u00e8ne cr\u00e9ative toulousaine, reviennent avec une cinquantaine de stands et neuf ateliers. Un rendez-vous incontournable pour les passionn\u00e9s de couture et de loisirs cr\u00e9atifs. Entr\u00e9e libre.\n                            <\/p>\n<p>Le Foyer d\u2019\u00c9ducation Populaire \u00c9tienne Billi\u00e8res (Fepeb) vous donne rendez-vous, le dimanche 18\u00a0janvier de 9\u00a0h \u00e0 16\u00a0h, \u00e0 la Maison de quartier Fontaine-Lestang, pour cette nouvelle \u00e9dition des Puces des Couturi\u00e8res. Organis\u00e9 par des habitants b\u00e9n\u00e9voles, cet \u00e9v\u00e9nement unique \u00e0 Toulouse allie vide-greniers et lieu d\u2019inspiration, d\u2019\u00e9changes et de rencontres, pour les amateurs de couture ou loisirs cr\u00e9atifs de toutes les g\u00e9n\u00e9rations. Cette ann\u00e9e, une cinquantaine de stands vous attendent, proposant une s\u00e9lection vari\u00e9e d\u2019articles \u00e0 petits prix\u00a0: tissus, cuirs, boutons, galons, laine, perles, dentelles, patrons, revues et bien d\u2019autres mat\u00e9riaux.<\/p>\n<p>En parall\u00e8le, neuf ateliers cr\u00e9atifs rythmeront la journ\u00e9e. Avec l\u2019Atelier Maison et Marie Melis, coloriste v\u00e9g\u00e9tale, vous d\u00e9couvrirez les secrets des teintures naturelles\u00a0: empreintes v\u00e9g\u00e9tales, peinture au lait de soja, teinture aux pelures d\u2019oignons jaunes, et bien d\u2019autres techniques. Pour sa premi\u00e8re participation, La Maille Rose animera des ateliers tricot et crochet pour tous les niveaux, ainsi qu\u2019un stand \u00ab\u00a0vide ton stash\u00a0\u00bb de mat\u00e9riel de r\u00e9cup\u00e9ration. Enfin, Les Trouvailles de Zaze vous initieront \u00e0 l\u2019art du Boro et aux diff\u00e9rents points de broderie.<\/p>\n<p>Les inscriptions aux ateliers sont encore possibles directement aupr\u00e8s de ces associations. Un espace gourmand sera \u00e9galement propos\u00e9, avec des boissons chaudes et p\u00e2tisseries maison, pour une pause conviviale offrant un contexte propice au partage d\u2019id\u00e9es et de savoir-faire.<\/p>\n<p>Un projet ambitieux m\u00ealant toutes les g\u00e9n\u00e9rations<\/p>\n<p>Avec plus de 600 visiteurs, l\u2019an dernier, les Puces des Couturi\u00e8res, cr\u00e9\u00e9es par Neva et Jacky Gotthilf, sont devenues un incontournable de la sc\u00e8ne cr\u00e9ative toulousaine. Apr\u00e8s dix ans d\u2019engagement, ils ont pass\u00e9 le relais aux jeunes. L\u00e9a Sionneau porte d\u00e9sormais le projet avec l\u2019aide de Sonia Audousset et du Fepeb.<\/p>\n<p>\u00ab\u00a0C\u2019est un projet ambitieux qui parle \u00e0 toutes les g\u00e9n\u00e9rations. Mon objectif est de le faire rayonner et de d\u00e9velopper une v\u00e9ritable communaut\u00e9 autour de la couture dans l\u2019agglom\u00e9ration toulousaine\u00a0\u00bb, explique L\u00e9a.<\/p>\n<p>Pour le Fepeb, association historique cr\u00e9\u00e9e en 1937 afin de promouvoir l\u2019\u00e9ducation populaire et la culture \u00e0 Toulouse, les Puces des Couturi\u00e8res restent un des \u00e9v\u00e9nements phares, permettant de renforcer les liens entre les habitants tout en c\u00e9l\u00e9brant la cr\u00e9ativit\u00e9 locale.<\/p>\n<p>Puces des Couturi\u00e8res \u2013 Entr\u00e9e libre \u2013 Maison de quartier Fontaine-Lestang, 59 rue Vestrepain \u00e0 Toulouse \u2013 M\u00e9tro Fontaine-Lestang \u2013 Tram D\u00e9odat de S\u00e9verac \u2013 Parking v\u00e9los<\/p>\n","protected":false},"excerpt":{"rendered":"l&rsquo;essentiel Les Puces des Couturi\u00e8res, \u00e9v\u00e9nement phare de la sc\u00e8ne cr\u00e9ative toulousaine, reviennent avec une cinquantaine de stands&hellip;\n","protected":false},"author":2,"featured_media":648852,"comment_status":"","ping_status":"","sticky":false,"template":"","format":"standard","meta":{"footnotes":""},"categories":[2816],"tags":[1111,11,1777,674,1011,27,329,2722,73486,12,2680,25,2312,69121],"class_list":{"0":"post-648851","1":"post","2":"type-post","3":"status-publish","4":"format-standard","5":"has-post-thumbnail","7":"category-toulouse","8":"tag-actu","9":"tag-actualites","10":"tag-eu","11":"tag-europe","12":"tag-fr","13":"tag-france","14":"tag-france-monde","15":"tag-haute-garonne","16":"tag-mode-accessoires-shopping","17":"tag-news","18":"tag-occitanie","19":"tag-republique-francaise","20":"tag-toulouse","21":"tag-vie-pratique-conso"},"share_on_mastodon":{"url":"https:\/\/pubeurope.com\/@fr\/115858255645429170","error":""},"_links":{"self":[{"href":"https:\/\/www.europesays.com\/fr\/wp-json\/wp\/v2\/posts\/648851","targetHints":{"allow":["GET"]}}],"collection":[{"href":"https:\/\/www.europesays.com\/fr\/wp-json\/wp\/v2\/posts"}],"about":[{"href":"https:\/\/www.europesays.com\/fr\/wp-json\/wp\/v2\/types\/post"}],"author":[{"embeddable":true,"href":"https:\/\/www.europesays.com\/fr\/wp-json\/wp\/v2\/users\/2"}],"replies":[{"embeddable":true,"href":"https:\/\/www.europesays.com\/fr\/wp-json\/wp\/v2\/comments?post=648851"}],"version-history":[{"count":0,"href":"https:\/\/www.europesays.com\/fr\/wp-json\/wp\/v2\/posts\/648851\/revisions"}],"wp:featuredmedia":[{"embeddable":true,"href":"https:\/\/www.europesays.com\/fr\/wp-json\/wp\/v2\/media\/648852"}],"wp:attachment":[{"href":"https:\/\/www.europesays.com\/fr\/wp-json\/wp\/v2\/media?parent=648851"}],"wp:term":[{"taxonomy":"category","embeddable":true,"href":"https:\/\/www.europesays.com\/fr\/wp-json\/wp\/v2\/categories?post=648851"},{"taxonomy":"post_tag","embeddable":true,"href":"https:\/\/www.europesays.com\/fr\/wp-json\/wp\/v2\/tags?post=648851"}],"curies":[{"name":"wp","href":"https:\/\/api.w.org\/{rel}","templated":true}]}}