{"id":648853,"date":"2026-01-08T07:17:10","date_gmt":"2026-01-08T07:17:10","guid":{"rendered":"https:\/\/www.europesays.com\/fr\/648853\/"},"modified":"2026-01-08T07:17:10","modified_gmt":"2026-01-08T07:17:10","slug":"municipales-2026-a-toulouse-nadia-pellefigue-absente-de-la-competition","status":"publish","type":"post","link":"https:\/\/www.europesays.com\/fr\/648853\/","title":{"rendered":"Municipales 2026 \u00e0 Toulouse\u00a0: Nadia Pellefigue absente de la comp\u00e9tition"},"content":{"rendered":"<p>\n                                                                    l&rsquo;essentiel<br \/>\n                                                                Depuis sa d\u00e9claration de candidature en f\u00e9vrier\u00a02025, Nadia Pellefigue, t\u00eate de liste du PS aux municipales 2020, est rest\u00e9e silencieuse. \u00c0 deux mois du scrutin, sa participation para\u00eet improbable.\n                            <\/p>\n<p>Nadia Pellefigue, qui a port\u00e9 les couleurs d\u2019une union entre le PS, le PCF, le PRG et des citoyens regroup\u00e9s dans son association UNE aux municipales de 2020, est-elle toujours en lice dans le nouveau match de mars\u00a02026\u00a0? La vice-pr\u00e9sidente du conseil r\u00e9gional avait d\u00e9clar\u00e9 sa candidature le 14\u00a0f\u00e9vrier 2025. Celle qui avait totalis\u00e9 18,6\u00a0% des voix au premier tour, disait son envie de se battre \u00e0 la t\u00eate d\u2019une liste \u00ab\u00a0pas de gauche ou de droite\u00a0\u00bb mais \u00ab\u00a0pour Toulouse\u00a0\u00bb. Trois jours plus t\u00f4t, Carole Delga avait d\u00e9finitivement \u00e9cart\u00e9 l\u2019id\u00e9e de concourir.<\/p>\n<p>Mais Nadia Pellefigue, qui a quitt\u00e9 le PS en 2022 apr\u00e8s les l\u00e9gislatives de la Nupes, est rapidement apparue isol\u00e9e. D\u00e8s la d\u00e9claration de candidature, Carole Delga a affirm\u00e9 ne pas soutenir une d\u00e9marche \u00ab\u00a0individuelle\u00a0\u00bb et rappel\u00e9 son attachement \u00ab\u00a0\u00e0 une candidature d\u2019union des forces de gauche\u00a0\u00bb.<\/p>\n<p>Faux suspense<\/p>\n<p>Fin ao\u00fbt, Nadia Pellefigue, que nous avions sollicit\u00e9e, nous assurait avoir \u00ab\u00a0toujours la volont\u00e9 d\u2019\u00eatre utile aux Toulousains\u00a0\u00bb mais vouloir laisser passer la rentr\u00e9e. Depuis, les mois ont fil\u00e9 et la candidate ne r\u00e9pond plus \u00e0 cette question. Elle maintient ainsi ce qui est sans doute un faux suspense car, si le d\u00e9p\u00f4t de liste est autoris\u00e9 jusqu\u2019au 16\u00a0f\u00e9vrier, est-il encore possible mat\u00e9riellement de concourir\u00a0? Et avec quelle \u00e9quipe\u00a0?<\/p>\n<p>D\u00e9but d\u00e9cembre, le n\u00b0\u00a02 de sa liste, Michel Lacroix, s\u2019est, lui, engag\u00e9 avec Jean-Luc Moudenc. Une position sur laquelle Nadia Pellefigue n\u2019a souhait\u00e9 faire \u00ab\u00a0aucun commentaire\u00a0\u00bb. Pendant les vacances, Fran\u00e7ois Brian\u00e7on (PS), qui conduit une liste de neuf formations de gauche, devait la rencontrer. Le rendez-vous n\u2019a pas eu lieu.<\/p>\n<p>Nadia Pellefigue poste pourtant r\u00e9guli\u00e8rement des messages sur les r\u00e9seaux sociaux o\u00f9 elle appara\u00eet au travail\u00a0: \u00e0 Bruxelles, au Quai d\u2019Orsay, dans les grandes \u00e9coles toulousaines ou au lyc\u00e9e Jos\u00e9phine-Baker. Mais jamais sur le terrain des municipales.<\/p>\n","protected":false},"excerpt":{"rendered":"l&rsquo;essentiel Depuis sa d\u00e9claration de candidature en f\u00e9vrier\u00a02025, Nadia Pellefigue, t\u00eate de liste du PS aux municipales 2020,&hellip;\n","protected":false},"author":2,"featured_media":648854,"comment_status":"","ping_status":"","sticky":false,"template":"","format":"standard","meta":{"footnotes":""},"categories":[2816],"tags":[1111,11,1777,674,1011,27,329,2722,3434,12,2680,316,25,2312,37919],"class_list":{"0":"post-648853","1":"post","2":"type-post","3":"status-publish","4":"format-standard","5":"has-post-thumbnail","7":"category-toulouse","8":"tag-actu","9":"tag-actualites","10":"tag-eu","11":"tag-europe","12":"tag-fr","13":"tag-france","14":"tag-france-monde","15":"tag-haute-garonne","16":"tag-municipales-2026","17":"tag-news","18":"tag-occitanie","19":"tag-politique","20":"tag-republique-francaise","21":"tag-toulouse","22":"tag-u00c9lections"},"share_on_mastodon":{"url":"https:\/\/pubeurope.com\/@fr\/115858259452544353","error":""},"_links":{"self":[{"href":"https:\/\/www.europesays.com\/fr\/wp-json\/wp\/v2\/posts\/648853","targetHints":{"allow":["GET"]}}],"collection":[{"href":"https:\/\/www.europesays.com\/fr\/wp-json\/wp\/v2\/posts"}],"about":[{"href":"https:\/\/www.europesays.com\/fr\/wp-json\/wp\/v2\/types\/post"}],"author":[{"embeddable":true,"href":"https:\/\/www.europesays.com\/fr\/wp-json\/wp\/v2\/users\/2"}],"replies":[{"embeddable":true,"href":"https:\/\/www.europesays.com\/fr\/wp-json\/wp\/v2\/comments?post=648853"}],"version-history":[{"count":0,"href":"https:\/\/www.europesays.com\/fr\/wp-json\/wp\/v2\/posts\/648853\/revisions"}],"wp:featuredmedia":[{"embeddable":true,"href":"https:\/\/www.europesays.com\/fr\/wp-json\/wp\/v2\/media\/648854"}],"wp:attachment":[{"href":"https:\/\/www.europesays.com\/fr\/wp-json\/wp\/v2\/media?parent=648853"}],"wp:term":[{"taxonomy":"category","embeddable":true,"href":"https:\/\/www.europesays.com\/fr\/wp-json\/wp\/v2\/categories?post=648853"},{"taxonomy":"post_tag","embeddable":true,"href":"https:\/\/www.europesays.com\/fr\/wp-json\/wp\/v2\/tags?post=648853"}],"curies":[{"name":"wp","href":"https:\/\/api.w.org\/{rel}","templated":true}]}}