{"id":648857,"date":"2026-01-08T07:20:09","date_gmt":"2026-01-08T07:20:09","guid":{"rendered":"https:\/\/www.europesays.com\/fr\/648857\/"},"modified":"2026-01-08T07:20:09","modified_gmt":"2026-01-08T07:20:09","slug":"apres-la-neige-la-tempete-goretti-va-frapper-marseille-et-les-bouches-du-rhone","status":"publish","type":"post","link":"https:\/\/www.europesays.com\/fr\/648857\/","title":{"rendered":"Apr\u00e8s la neige, la temp\u00eate Goretti va frapper Marseille et les Bouches-du-Rh\u00f4ne"},"content":{"rendered":"<p>                    Par<br \/>\n        <strong><br \/>\n            <a href=\"https:\/\/actu.fr\/auteur\/thibault-nadal-actu-fr\" title=\"Consulter tous les articles de Thibault Nadal\" target=\"_blank\" rel=\"noopener\">Thibault Nadal<\/a><br \/>\n                    <\/strong><\/p>\n<p>        Publi\u00e9 le<\/p>\n<p>            8 janv. 2026 \u00e0 6h04        <\/p>\n<p>C\u2019est un d\u00e9but d\u2019ann\u00e9e difficile sur le plan de <a href=\"https:\/\/actu.fr\/marseille\/meteo\" target=\"_blank\" rel=\"noopener\">la m\u00e9t\u00e9o<\/a>. Alors qu\u2019un grand ciel bleu truste au-dessus de nos t\u00eates, <a href=\"https:\/\/actu.fr\/provence-alpes-cote-d-azur\/marseille_13055\/meteo-a-marseille-mistral-glacial-les-temperatures-chutent-encore-voici-jusqu-a-quand_63647202.html\" target=\"_blank\" rel=\"noopener\">les temp\u00e9ratures, elles, sont glaciales<\/a>, avec <strong>pr\u00e8s de -10\u00a0\u00b0C ressentis<\/strong> \u00e0 <a href=\"https:\/\/actu.fr\/marseille\/\" target=\"_blank\" rel=\"noopener\">Marseille<\/a> pour cette premi\u00e8re semaine de 2026.<\/p>\n<p class=\" wall-content\">De <a href=\"https:\/\/actu.fr\/societe\/meteo-les-images-de-la-neige-a-marseille-et-dans-les-bouches-du-rhone_63661979.html\" target=\"_blank\" rel=\"noopener\">la neige est m\u00eame tomb\u00e9e sur l\u2019est des Bouches-du-Rh\u00f4ne<\/a> ce mercredi 7\u00a0janvier 2026, provoquant <a href=\"https:\/\/actu.fr\/societe\/pres-de-marseille-de-grosses-chutes-de-neige-l-a8-paralysee-apres-des-accidents_63661675.html\" target=\"_blank\" rel=\"noopener\">une pagaille monstre sur les routes<\/a>. Et <strong>ce n\u2019est pas encore termin\u00e9<\/strong> puisque c\u2019est d\u00e9sormais <a href=\"https:\/\/actu.fr\/meteo\/la-tempete-goretti-va-frapper-la-france-cette-semaine-des-vents-violents-jusqu-a-140-km-h-a-quoi-s-attendre_63657448.html\" target=\"_blank\" rel=\"noopener\">la temp\u00eate Goretti<\/a> qui s\u2019appr\u00eate \u00e0 toucher <a href=\"https:\/\/actu.fr\/provence-alpes-cote-d-azur\/bouches-du-rhone_13\" target=\"_blank\" rel=\"noopener\">le d\u00e9partement<\/a>.<\/p>\n<p class=\" wall-content\">Voici les pr\u00e9visions.<\/p>\n<p>Des premi\u00e8res rafales ce jeudi<\/p>\n<p class=\" wall-content\">La temp\u00eate Goretti va <strong>arriver d\u00e8s ce jeudi 8\u00a0janvier<\/strong> sur le nord-ouest de la France avec des rafales pouvant aller jusqu\u2019\u00e0 140\u00a0km\/h, notamment sur le littoral breton.<\/p>\n<p class=\" wall-content\">Dans les Bouches-du-Rh\u00f4ne, les premi\u00e8res bourrasques devraient arriver par l\u2019ouest en milieu d\u2019apr\u00e8s-midi avec <strong>des rafales estim\u00e9es \u00e0 45\u00a0km\/h \u00e0 Port-Saint-Louis-du-Rh\u00f4ne<\/strong>.<\/p>\n<p>Le pic pr\u00e9vu vendredi<\/p>\n<p class=\" wall-content\">Dans la nuit de jeudi \u00e0 vendredi, le vent touchera l\u2019ensemble du littoral m\u00e9diterran\u00e9en avec des bourrasques soufflant jusqu\u2019\u00e0 45\u00a0km\/h.<\/p>\n<p class=\" wall-content\">La journ\u00e9e de vendredi, elle, sera marqu\u00e9e par des fortes rafales allant <strong>jusqu\u2019\u00e0 70\u00a0km\/h \u00e0 Saintes-Maries-de-la-Mer ou \u00e0 Marseille<\/strong>. Dans l\u2019ensemble, le littoral sera plus touch\u00e9 que l\u2019int\u00e9rieur des terres.<\/p>\n<p>Votre r\u00e9gion, votre actu !<\/p>\n<p>Recevez chaque jour les infos qui comptent pour vous.<\/p>\n<p>\t<a href=\"https:\/\/actu.fr\/newsletter\" class=\"ac-btn ac-btn--corner ac-btn--medium ac-btn--blue800\" target=\"_blank\" rel=\"noopener\">S&rsquo;incrire<\/a><br \/>\nLes v\u0153ux de Beno\u00eet Payan report\u00e9s<\/p>\n<p class=\" wall-content\">Le vent restera encore quelques jours en Provence, puisque la journ\u00e9e de samedi sera aussi balay\u00e9e par d\u2019importantes bourrasques\u2009: jusqu\u2019\u00e0 65\u00a0km\/h \u00e0 Marseille.<\/p>\n<p class=\" wall-content\">En raison de ces conditions, la d\u00e9cision a \u00e9t\u00e9 prise d\u2019annuler les v\u0153ux du maire (DVG), <a href=\"https:\/\/actu.fr\/tag\/benoit-payan\" target=\"_blank\" rel=\"noopener\">Beno\u00eet Payan<\/a> qui devait se tenir ce samedi \u00e0 l\u2019H\u00f4tel de Ville.<\/p>\n<p class=\" wall-content\">Ce vent sera toujours aussi <strong>glacial<\/strong>, puisque les temp\u00e9ratures ressenties seront l\u00e9g\u00e8rement sup\u00e9rieures \u00e0 0\u00a0\u00b0C. Mais une remont\u00e9e du mercure est attendue dans les prochains jours. Mais cela va s\u2019accompagner du passage <strong>plusieurs averses<\/strong>.<\/p>\n<p class=\" wall-content\">Personnalisez votre actualit\u00e9 en ajoutant vos villes et m\u00e9dias en favori avec <a href=\"https:\/\/moncompte.actu.fr\" title=\"D\u00e9couvez Mon Actu\" rel=\"nofollow noopener\" data-trk=\"{&quot;cta&quot;:{&quot;action&quot;:&quot;https:\\\/\\\/moncompte.actu.fr&quot;,&quot;category&quot;:&quot;mon compte&quot;,&quot;from&quot;:&quot;article footer&quot;,&quot;name&quot;:&quot;Mon actu&quot;,&quot;type&quot;:&quot;cta&quot;}}\" target=\"_blank\">Mon Actu<\/a>.<\/p>\n","protected":false},"excerpt":{"rendered":"Par Thibault Nadal Publi\u00e9 le 8 janv. 2026 \u00e0 6h04 C\u2019est un d\u00e9but d\u2019ann\u00e9e difficile sur le plan&hellip;\n","protected":false},"author":2,"featured_media":648858,"comment_status":"","ping_status":"","sticky":false,"template":"","format":"standard","meta":{"footnotes":""},"categories":[2814],"tags":[1111,11,1777,674,1011,27,884,2487,2357,12,882,25,75296],"class_list":{"0":"post-648857","1":"post","2":"type-post","3":"status-publish","4":"format-standard","5":"has-post-thumbnail","7":"category-marseille","8":"tag-actu","9":"tag-actualites","10":"tag-eu","11":"tag-europe","12":"tag-fr","13":"tag-france","14":"tag-marseille","15":"tag-meteo","16":"tag-meteo-france","17":"tag-news","18":"tag-provence-alpes-cote-dazur","19":"tag-republique-francaise","20":"tag-tempete-goretti"},"share_on_mastodon":{"url":"https:\/\/pubeurope.com\/@fr\/115858271399378255","error":""},"_links":{"self":[{"href":"https:\/\/www.europesays.com\/fr\/wp-json\/wp\/v2\/posts\/648857","targetHints":{"allow":["GET"]}}],"collection":[{"href":"https:\/\/www.europesays.com\/fr\/wp-json\/wp\/v2\/posts"}],"about":[{"href":"https:\/\/www.europesays.com\/fr\/wp-json\/wp\/v2\/types\/post"}],"author":[{"embeddable":true,"href":"https:\/\/www.europesays.com\/fr\/wp-json\/wp\/v2\/users\/2"}],"replies":[{"embeddable":true,"href":"https:\/\/www.europesays.com\/fr\/wp-json\/wp\/v2\/comments?post=648857"}],"version-history":[{"count":0,"href":"https:\/\/www.europesays.com\/fr\/wp-json\/wp\/v2\/posts\/648857\/revisions"}],"wp:featuredmedia":[{"embeddable":true,"href":"https:\/\/www.europesays.com\/fr\/wp-json\/wp\/v2\/media\/648858"}],"wp:attachment":[{"href":"https:\/\/www.europesays.com\/fr\/wp-json\/wp\/v2\/media?parent=648857"}],"wp:term":[{"taxonomy":"category","embeddable":true,"href":"https:\/\/www.europesays.com\/fr\/wp-json\/wp\/v2\/categories?post=648857"},{"taxonomy":"post_tag","embeddable":true,"href":"https:\/\/www.europesays.com\/fr\/wp-json\/wp\/v2\/tags?post=648857"}],"curies":[{"name":"wp","href":"https:\/\/api.w.org\/{rel}","templated":true}]}}