{"id":648859,"date":"2026-01-08T07:21:20","date_gmt":"2026-01-08T07:21:20","guid":{"rendered":"https:\/\/www.europesays.com\/fr\/648859\/"},"modified":"2026-01-08T07:21:20","modified_gmt":"2026-01-08T07:21:20","slug":"shadow-ce-malinois-vif-joueur-loyal-vous-attend-a-la-spa-de-marseille","status":"publish","type":"post","link":"https:\/\/www.europesays.com\/fr\/648859\/","title":{"rendered":"Shadow, ce malinois vif, joueur, loyal, vous attend \u00e0 la SPA de Marseille"},"content":{"rendered":"<p>Shadow est un malinoise de 3 ans, vif, joueur, loyal. Il vous attend \u00e0 la SPA de Marseille. Chaque matin, \u00e0 6h45, ICI Provence donne un p&rsquo;tit coup de patte aux refuges de notre r\u00e9gion.<\/p>\n<p>Shadow est un jeune chien, de 3 ans, il aboie beaucoup dans mon box mais c\u2019est pour attirer l\u2019attention. Il a malheureusement une double dysplasie mais n&rsquo;a pas besoin d&rsquo;op\u00e9ration pour l&rsquo;instant, mais il pourrait en souffrir par la suite et des frais pourront \u00eatre n\u00e9cessaires.<\/p>\n<p>Shadow est un chien tr\u00e8s \u00e0 l&rsquo;\u00e9coute<\/p>\n<p><a target=\"_blank\" rel=\"nofollow noopener noreferrer\" class=\"IciLink ici-link IciArticleLink g-ici-body-regular-1 underline brand svelte-1chfe2s\" href=\"https:\/\/www.spa-marseille.com\/fiche-7139\/chien\/shadow\">Shadow<\/a>\u00a0peut vivre avec des enfants, mais pas trop petits parce qu&rsquo;il est lui-m\u00eame un jeune toutou et peut \u00eatre un peu brusque parfois.<\/p>\n<p>Il a besoin de quelqu&rsquo;un qui connaisse bien, m\u00eame tr\u00e8s bien les malinois, et qui soit pr\u00e8s \u00e0 s&rsquo;investir \u00e0 ses c\u00f4t\u00e9s.<\/p>\n<p>Il a \u00e9norm\u00e9ment d&rsquo;amour \u00e0 donner. Il sait \u00eatre doux, prend les friandises avec d\u00e9licatesse. Il conna\u00eet le assis, sait donner la patte, il pourrait m\u00eame avoir un tr\u00e8s bon rappel. Il a \u00e9t\u00e9 promen\u00e9 en for\u00eat avec ses tatas et a \u00e9t\u00e9 tr\u00e8s sage.<\/p>\n<p>Envie de l&rsquo;adopter\u00a0?<\/p>\n<p><a target=\"_blank\" rel=\"nofollow noopener noreferrer\" class=\"IciLink ici-link IciArticleLink g-ici-body-regular-1 underline brand svelte-1chfe2s\" href=\"https:\/\/www.spa-marseille.com\/fiche-7139\/chien\/shadow\">Shadow<\/a>\u00a0vous attend au\u00a0<a target=\"_blank\" rel=\"nofollow noopener noreferrer\" class=\"IciLink ici-link IciArticleLink g-ici-body-regular-1 underline brand svelte-1chfe2s\" href=\"https:\/\/www.spa-marseille.com\/\">refuge SPA de Marseille-Provence<\/a>, 31 mont\u00e9e du Commandant de Robien, \u00e0 La Valentine, dans le 11\u00e8me arrondissement. Le refuge vous r\u00e9pond au 04 91 45 63 51.\u00a0Entr\u00e9e libre du mardi au samedi de 12h \u00e0 17h.<\/p>\n","protected":false},"excerpt":{"rendered":"Shadow est un malinoise de 3 ans, vif, joueur, loyal. Il vous attend \u00e0 la SPA de Marseille.&hellip;\n","protected":false},"author":2,"featured_media":648860,"comment_status":"","ping_status":"","sticky":false,"template":"","format":"standard","meta":{"footnotes":""},"categories":[2814],"tags":[1111,11,1777,674,1011,27,884,12,882,25],"class_list":{"0":"post-648859","1":"post","2":"type-post","3":"status-publish","4":"format-standard","5":"has-post-thumbnail","7":"category-marseille","8":"tag-actu","9":"tag-actualites","10":"tag-eu","11":"tag-europe","12":"tag-fr","13":"tag-france","14":"tag-marseille","15":"tag-news","16":"tag-provence-alpes-cote-dazur","17":"tag-republique-francaise"},"share_on_mastodon":{"url":"https:\/\/pubeurope.com\/@fr\/115858275251534433","error":""},"_links":{"self":[{"href":"https:\/\/www.europesays.com\/fr\/wp-json\/wp\/v2\/posts\/648859","targetHints":{"allow":["GET"]}}],"collection":[{"href":"https:\/\/www.europesays.com\/fr\/wp-json\/wp\/v2\/posts"}],"about":[{"href":"https:\/\/www.europesays.com\/fr\/wp-json\/wp\/v2\/types\/post"}],"author":[{"embeddable":true,"href":"https:\/\/www.europesays.com\/fr\/wp-json\/wp\/v2\/users\/2"}],"replies":[{"embeddable":true,"href":"https:\/\/www.europesays.com\/fr\/wp-json\/wp\/v2\/comments?post=648859"}],"version-history":[{"count":0,"href":"https:\/\/www.europesays.com\/fr\/wp-json\/wp\/v2\/posts\/648859\/revisions"}],"wp:featuredmedia":[{"embeddable":true,"href":"https:\/\/www.europesays.com\/fr\/wp-json\/wp\/v2\/media\/648860"}],"wp:attachment":[{"href":"https:\/\/www.europesays.com\/fr\/wp-json\/wp\/v2\/media?parent=648859"}],"wp:term":[{"taxonomy":"category","embeddable":true,"href":"https:\/\/www.europesays.com\/fr\/wp-json\/wp\/v2\/categories?post=648859"},{"taxonomy":"post_tag","embeddable":true,"href":"https:\/\/www.europesays.com\/fr\/wp-json\/wp\/v2\/tags?post=648859"}],"curies":[{"name":"wp","href":"https:\/\/api.w.org\/{rel}","templated":true}]}}