{"id":648863,"date":"2026-01-08T07:23:13","date_gmt":"2026-01-08T07:23:13","guid":{"rendered":"https:\/\/www.europesays.com\/fr\/648863\/"},"modified":"2026-01-08T07:23:13","modified_gmt":"2026-01-08T07:23:13","slug":"lyon-les-visages-des-nouveaux-decideurs","status":"publish","type":"post","link":"https:\/\/www.europesays.com\/fr\/648863\/","title":{"rendered":"Lyon. Les visages des nouveaux d\u00e9cideurs &#8211;"},"content":{"rendered":"<p><strong>Texte\u00a0: Marc de Jouvencel \u2013<\/strong> Grandes entreprises, PME, administrations, institutions, commerces voici vos nouveaux interlocuteurs d\u00e9sormais aux manettes dans la m\u00e9tropole de Lyon et le d\u00e9partement du Rh\u00f4ne.<\/p>\n<p><strong>CORPS CONSULAIRE<br \/><\/strong>L\u2019Assembl\u00e9e g\u00e9n\u00e9rale annuelle du Corps Consulaire de Lyon s\u2019est tenue dans les salons du Cercle de L\u2019Union, mercredi 26 novembre 2025 Le nouveau bureau a pris ses fonctions le 1er janvier 2026 (photo ci-dessus).<br \/>Doyen\u00a0: <strong>Lambert Aka<\/strong>, Consul G\u00e9n\u00e9ral de C\u00f4te d\u2019Ivoire<br \/>Secr\u00e9taire G\u00e9n\u00e9ral <strong>Hugues Pouzet<\/strong>, Consul honoraire d\u2019Estonie<br \/>1er vice-doyen <strong>Sory Ibrahima Diakite<\/strong>, Consul G\u00e9n\u00e9ral du Mali<br \/>2eme vice-doyen <strong>Narin\u00e9 Nikolyan<\/strong>, Consul G\u00e9n\u00e9ral d\u2019Arm\u00e9nie<br \/>3eme vice-doyen <strong>Chiara Petracca<\/strong>, Consul G\u00e9n\u00e9ral d\u2019Italie<br \/>Charg\u00e9e du Protocole\u00a0: <strong>Marie-Christine Herrbach<\/strong> Consul honoraire du Luxembourg<br \/>Tr\u00e9sorier\u00a0: <strong>Jean-Paul Muchada<\/strong>, Consul honoraire d\u2019Uruguay<br \/>Charg\u00e9 des relations ext\u00e9rieures\u00a0: <strong>Rolland Martin<\/strong>, Consul honoraire de Cor\u00e9e du Sud<\/p>\n<p><strong>BARREAU DE LYON<br \/><\/strong>Deux nouveaux visages repr\u00e9sentent les avocats depuis le 1er janvier 2026. <strong>Hubert Morttemard de Boisse<\/strong> et <strong>Florence Wischer<\/strong> ont \u00e9t\u00e9 \u00e9lus B\u00e2tonnier et Vice-B\u00e2tonnier du Barreau de Lyon pour le prochain mandat 2026-2027. Ils succ\u00e8dent \u00e0 <strong>Alban Pousset-Boug\u00e8re<\/strong> et <strong>Sara Kebir<\/strong>.<\/p>\n<p><strong><img loading=\"lazy\" decoding=\"async\" class=\"alignnone size-full wp-image-168578\" src=\"data:image\/svg+xml,%3Csvg%20xmlns=\" http:=\"\" alt=\"\" width=\"807\" height=\"900\" data-lazy- data-lazy- data-lazy-src=\"https:\/\/www.europesays.com\/fr\/wp-content\/uploads\/2026\/01\/04-Renaud-Pfeffer-et-Edgar-Grospiron-1.jpg\"\/><\/strong><\/p>\n<p><strong>COJOP Alpes Fran\u00e7aises 2030<\/strong><br \/>Le COJOP Alpes Fran\u00e7aises 2030 a lanc\u00e9, en pr\u00e9sence de son pr\u00e9sident <strong>Edgar Grospiron<\/strong> et de son directeur g\u00e9n\u00e9ral Cyril Linette, de la ministre des Sports, Marina Ferrari et des pr\u00e9sidents de r\u00e9gion <strong>Renaud Muselier<\/strong> et <strong>Fabrice Pannekoucke<\/strong>, son Comit\u00e9 des territoires Alpes Fran\u00e7aises 2030, une instance statutaire destin\u00e9e \u00e0 renforcer la coordination entre les acteurs territoriaux engag\u00e9s dans l\u2019organisation des Jeux. Deux co-pr\u00e9sidents ont \u00e9t\u00e9 d\u00e9sign\u00e9s\u00a0:<br \/><strong>Eliane Barreille<\/strong>, pr\u00e9sidente du d\u00e9partement des Alpes-de-Haute-Provence<br \/><strong>Renaud Pfeffer<\/strong>, vice-pr\u00e9sident de la r\u00e9gion Auvergne\u2013Rh\u00f4ne-Alpes, en charge du sport et de la s\u00e9curit\u00e9 (photo ci-dessus avec Edgar Grospiron)<\/p>\n<p><strong>INOVEA<br \/><\/strong>Des r\u00e9seaux num\u00e9riques \u00e0 la relation humaine. L\u2019ancien directeur r\u00e9gional de Numericable fait le grand saut en cr\u00e9ant son agence de conseil en patrimoine. <strong>Jean-Pierre Cristofari<\/strong> a int\u00e9gr\u00e9 Inov\u00e9a. Fond\u00e9 en 2017 par 4 conseillers en gestion de patrimoine, Inov\u00e9a est un r\u00e9seau ind\u00e9pendant d\u2019ambassadeurs, de consultants et de conseillers en gestion de patrimoine (solution retraite, \u00e9tudes des enfants, immobilier, transmission). Comme son mentor <strong>Nicolas Puydebois<\/strong>, ancien gardien de l\u2019OL, JPC se dit \u00ab\u00a0ravi d\u2019accompagner ses clients dans leur projet de vie. Une relation directe avec des valeurs\u00a0\u00bb.<\/p>\n<p><img loading=\"lazy\" decoding=\"async\" class=\"alignnone size-full wp-image-168576\" src=\"data:image\/svg+xml,%3Csvg%20xmlns=\" http:=\"\" alt=\"\" width=\"900\" height=\"675\" data-lazy- data-lazy- data-lazy-src=\"https:\/\/www.europesays.com\/fr\/wp-content\/uploads\/2026\/01\/02-Hot-Club-Jazz-de-Lyon.jpg\"\/><\/p>\n<p><strong>HOT CLUB DE LYON<br \/><\/strong>L\u2019Assembl\u00e9e G\u00e9n\u00e9rale Ordinaire du Hot Club de Lyon a renouvel\u00e9 sa confiance \u00e0 <strong>Ludwig Laisn\u00e9<\/strong> en tant que Pr\u00e9sident du Hot Club de Lyon, le plus vieux club de jazz d\u2019Europe encore en activit\u00e9 et qui soufflera ses 80 bougies en 2026 (photo ci-dessus).<\/p>\n<p><strong>\u00a0<\/strong><strong>Pr\u00e9c\u00e9demment<\/strong><\/p>\n<p><strong>DEUTZ<br \/><\/strong>La c\u00e9l\u00e8bre maison de champagne a, depuis une ann\u00e9e, un nouveau visage en la personne de <strong>Caroline Grotowski<\/strong>. La belle ambassadrice fait parler ses 18 ans d\u2019exp\u00e9rience (15 ans chez Chocolats Weiss et 3 ans chez Pernod Ricard France) pour faire mousser Deutz mais \u00e9galement les vins Delas Fr\u00e8res via sa soci\u00e9t\u00e9 baptis\u00e9e \u00ab\u00a0Caroline \u00e0 table.\u00a0\u00bb<\/p>\n<p><strong>CESI<br \/><\/strong>L\u2019\u00e9cole d\u2019ing\u00e9nieurs CESI annonce la nomination de <strong>Fr\u00e9d\u00e9ric Gauthier<\/strong> au poste de Directeur r\u00e9gional pour la r\u00e9gion Sud-Est. Cette nomination, effective depuis le 1er juillet, vient renforcer l\u2019ambition de CESI de poursuivre son ancrage territorial dans une r\u00e9gion strat\u00e9gique, tout en soutenant la dynamique de d\u00e9veloppement engag\u00e9e ces derni\u00e8res ann\u00e9es.<\/p>\n<p><strong>R\u00c9GION AUVERGNE RHONE-ALPES<br \/>J\u00e9r\u00f4me Moroge<\/strong> a \u00e9t\u00e9 \u00e9lu vice-pr\u00e9sident de la R\u00e9gion Auvergne-Rh\u00f4ne-Alpes. Jusqu\u2019\u00e0 pr\u00e9sent conseiller r\u00e9gional d\u00e9l\u00e9gu\u00e9 au num\u00e9rique, le maire d\u2019Oullins \u2013 Pierre-B\u00e9nite succ\u00e8de \u00e0 <strong>Jacques Blanchet<\/strong>, qui \u00e9tait membre de l\u2019ex\u00e9cutif r\u00e9gional depuis 2016 et vice-pr\u00e9sident depuis 2022.<\/p>\n<p><strong>VILLE DE MEYZIEU<br \/>Pierre Schaegis<\/strong> a \u00e9t\u00e9 nomm\u00e9 directeur de cabinet du maire de Meyzieu. Cet Alsacien de 31 ans a d\u00e9but\u00e9 sa carri\u00e8re aupr\u00e8s de Laurent Wauquiez dont il a \u00e9t\u00e9 conseiller de 2018 \u00e0 2022. Il a ensuite pris les fonctions de directeur de cabinet de Nicolas Lacroix et directeur de la communication du Conseil d\u00e9partemental de la Haute-Marne de 2022 \u00e0 juin 2025. Le poste \u00e9tait pr\u00e9alablement occup\u00e9 par <strong>Bastien Joint<\/strong>, \u00e9lu maire de Caluire.<\/p>\n<p><strong>AUVERGNE RHONE-ALPES TOURISME<br \/><\/strong><strong>Geoffrey Mercier<\/strong> succ\u00e8de \u00e0 <strong>Romain Vuillerminaz<\/strong> au poste de directeur g\u00e9n\u00e9ral d\u2019Auvergne-Rh\u00f4ne-Alpes Tourisme. Directeur de cabinet adjoint du pr\u00e9sident de R\u00e9gion, il a \u00e9t\u00e9 pendant 10 ans charg\u00e9 des relations et de la strat\u00e9gie m\u00e9dias nationaux. Un job qui lui a permis de sillonner tous les territoires de la r\u00e9gion en compagnie de <strong>Laurent Wauquiez<\/strong> puis de <strong>Fabrice Pannekoucke<\/strong> qui vient de nommer une nouvelle dircab : <strong>Laura Vachez<\/strong>.<\/p>\n<p><strong>CONSEIL M\u00c9TROPOLITAIN<br \/>Gilles Gascon<\/strong>, maire de Saint-Priest, pr\u00e9sident du groupe La M\u00e9tro Positive, vient d\u2019accueillir <strong>Andr\u00e9a Orlando<\/strong>, nouveau conseiller m\u00e9tropolitain de la circonscription Plateau nord. Conseiller municipal de Sathonay-Camp, il est dipl\u00f4m\u00e9 d\u2019un Master 2 en droit public \u00e0 l\u2019universit\u00e9 Panth\u00e9on-Assas \u00e0 Paris.<\/p>\n<p><strong>AIN TOURISME<br \/><\/strong>Aintourisme, pr\u00e9sid\u00e9 par <strong>Damien Abad<\/strong>, annonce le recrutement de <strong>Christophe Lavaut<\/strong> au poste de directeur. Il a pris ses fonctions \u00e0 temps plein le 3 novembre 2025 pour succ\u00e9der \u00e0 <strong>Emmanuel Visentin<\/strong> qui reste \u00e0 la t\u00eate du Parc des Oiseaux. Dans l\u2019intervalle, l\u2019int\u00e9rim \u00e9tait assur\u00e9 par <strong>Lo\u00efc Bouali<\/strong>, directeur adjoint.<\/p>\n<p><strong>WTW ASSURANCES<br \/><\/strong>Rejeton styl\u00e9 d\u2019une grande famille d\u2019assureurs lyonnais qui avait pignon boulevard des Belges, <strong>Emmanuel Perouse<\/strong> vole depuis une vingtaine d\u2019ann\u00e9es de ses propres ailes. Install\u00e9 \u00e0 Londres, il vient d\u2019\u00eatre nomm\u00e9 director broking dans la division \u00ab\u00a0General and Corporate Aviation\u00a0\u00bb de la compagnie internationale de courtage en assurance Willis Towers Watson (WTW).<\/p>\n<p><strong>CORPS CONSULAIRE DE LYON<br \/><\/strong>Le Bureau du Corps Consulaire annonce les nominations suivantes\u00a0:<br \/>Molly Barbee Mayfield a \u00e9t\u00e9 nomm\u00e9e Consul des Etats-Unis d\u2019Am\u00e9rique \u00e0 Lyon<br \/>Amal Kaoua a \u00e9t\u00e9 nomm\u00e9e Consul g\u00e9n\u00e9ral d\u2019Irlande \u00e0 Lyon<br \/>Jo\u00e3o Marco de Deus a \u00e9t\u00e9 nomm\u00e9 Consul g\u00e9n\u00e9ral du Portugal \u00e0 Lyon<br \/>Dorottya Novak a \u00e9t\u00e9 nomm\u00e9e Consul de Hongrie\u00a0\u00e0 Lyon<br \/>Roger Forneris a \u00e9t\u00e9 nomm\u00e9 Consul (AH) du Kosovo<\/p>\n<p>Bio express de<strong> Molly Mayfield Barbbe<\/strong>, consul des \u00c9tats-Unis d\u2019Am\u00e9rique \u00e0 Lyon. Avant son affectation dans la capitale des Gaules, elle a servi comme chef de cabinet \u00e0 la Mission des \u00c9tats-Unis aupr\u00e8s de l\u2019Union Europ\u00e9enne \u00e0 Bruxelles (2022-2025). Originaire du Colorado, Molly a rejoint le D\u00e9partement d\u2019\u00c9tat en 2011, avec une premi\u00e8re affectation \u00e0 Bagdad o\u00f9 elle s\u2019occupait des services aux citoyens am\u00e9ricains.<\/p>\n<p><strong>ESDES<br \/><\/strong>Le recteur <strong>Gr\u00e9gory Woimb\u00e9e<\/strong> a nomm\u00e9 <strong>William Hurst<\/strong> au poste de directeur g\u00e9n\u00e9ral de l\u2019ESDES Business School. Il devient \u00e9galement doyen du p\u00f4le facultaire Sciences \u00c9conomiques et Management de l\u2019UCLy. Depuis ao\u00fbt 2018, William Hurst \u00e9tait directeur g\u00e9n\u00e9ral du Groupe EDC Paris, comprenant EDC Paris Business School, Sup de Luxe et Sports Management School appartenant \u00e0 Planeta Formation &amp; Universit\u00e9s. Il a pris ses fonctions \u00e0 Lyon le 1er septembre 2025.<\/p>\n<p><strong>BREMENS NOTAIRES<br \/><\/strong>Arriv\u00e9 chez Bremens en 2020, en sortie de confinement, apr\u00e8s un passage \u00e0 Londres chez un property manager, <strong>St\u00e9phane Grzembowski<\/strong> s\u2019est rapidement investi dans le traitement des dossiers et la vie de l\u2019entreprise. Sp\u00e9cialis\u00e9 dans la vente d\u2019actifs r\u00e9sidentiels g\u00e9r\u00e9s, de b\u00e2timents tertiaires ou de retail, St\u00e9phane a su rapidement se montrer \u00e0 la hauteur des enjeux et des exigences des clients professionnels qu\u2019il accompagne par sa rigueur. Sa nomination est le juste retour d\u2019un engagement quotidien dans l\u2019exercice de son m\u00e9tier.<\/p>\n<p><strong>CPME du Rh\u00f4ne<br \/><\/strong>Le P\u00f4le Jeunes du syndicat patronal pr\u00e9sid\u00e9 par <strong>Franck Morize<\/strong> accueille \u00e0 sa pr\u00e9sidence <strong>Jean Bergue<\/strong>, dirigeant de C\u00e9lestin Nettoyage. Cet espace de soutien et d\u2019engagement au service des jeunes chefs d\u2019entreprise poursuit sa dynamique et les invite \u00e0 se retrouver tout au long de l\u2019ann\u00e9e autour de moments d\u00e9di\u00e9s au partage d\u2019exp\u00e9riences, au d\u00e9veloppement du r\u00e9seau, et \u00e0 l\u2019engagement.<\/p>\n<p><strong>CHAMBRE DE COMMERCE DE LYON<br \/><\/strong>Directeur g\u00e9n\u00e9ral des services du D\u00e9partement du Rh\u00f4ne depuis 6 ans, <strong>Jean-Marie Martino<\/strong> a \u00e9t\u00e9 nomm\u00e9 directeur g\u00e9n\u00e9ral de la CCI Lyon M\u00e9tropole Saint-Etienne Roanne, \u00e0 compter du 1er septembre 2026. Il succ\u00e8de \u00e0 <strong>Nicolas Bonnet<\/strong>, nomm\u00e9 directeur g\u00e9n\u00e9ral de CCI France.<\/p>\n","protected":false},"excerpt":{"rendered":"Texte\u00a0: Marc de Jouvencel \u2013 Grandes entreprises, PME, administrations, institutions, commerces voici vos nouveaux interlocuteurs d\u00e9sormais aux manettes&hellip;\n","protected":false},"author":2,"featured_media":648864,"comment_status":"","ping_status":"","sticky":false,"template":"","format":"standard","meta":{"footnotes":""},"categories":[1889],"tags":[4257,1111,11,2430,1777,674,1011,27,2428,12,75410,25],"class_list":{"0":"post-648863","1":"post","2":"type-post","3":"status-publish","4":"format-standard","5":"has-post-thumbnail","7":"category-lyon","8":"tag-0top","9":"tag-actu","10":"tag-actualites","11":"tag-auvergne-rhone-alpes","12":"tag-eu","13":"tag-europe","14":"tag-fr","15":"tag-france","16":"tag-lyon","17":"tag-news","18":"tag-nominations-lyon","19":"tag-republique-francaise"},"share_on_mastodon":{"url":"https:\/\/pubeurope.com\/@fr\/115858283057011888","error":""},"_links":{"self":[{"href":"https:\/\/www.europesays.com\/fr\/wp-json\/wp\/v2\/posts\/648863","targetHints":{"allow":["GET"]}}],"collection":[{"href":"https:\/\/www.europesays.com\/fr\/wp-json\/wp\/v2\/posts"}],"about":[{"href":"https:\/\/www.europesays.com\/fr\/wp-json\/wp\/v2\/types\/post"}],"author":[{"embeddable":true,"href":"https:\/\/www.europesays.com\/fr\/wp-json\/wp\/v2\/users\/2"}],"replies":[{"embeddable":true,"href":"https:\/\/www.europesays.com\/fr\/wp-json\/wp\/v2\/comments?post=648863"}],"version-history":[{"count":0,"href":"https:\/\/www.europesays.com\/fr\/wp-json\/wp\/v2\/posts\/648863\/revisions"}],"wp:featuredmedia":[{"embeddable":true,"href":"https:\/\/www.europesays.com\/fr\/wp-json\/wp\/v2\/media\/648864"}],"wp:attachment":[{"href":"https:\/\/www.europesays.com\/fr\/wp-json\/wp\/v2\/media?parent=648863"}],"wp:term":[{"taxonomy":"category","embeddable":true,"href":"https:\/\/www.europesays.com\/fr\/wp-json\/wp\/v2\/categories?post=648863"},{"taxonomy":"post_tag","embeddable":true,"href":"https:\/\/www.europesays.com\/fr\/wp-json\/wp\/v2\/tags?post=648863"}],"curies":[{"name":"wp","href":"https:\/\/api.w.org\/{rel}","templated":true}]}}