{"id":648865,"date":"2026-01-08T07:25:11","date_gmt":"2026-01-08T07:25:11","guid":{"rendered":"https:\/\/www.europesays.com\/fr\/648865\/"},"modified":"2026-01-08T07:25:11","modified_gmt":"2026-01-08T07:25:11","slug":"tempete-goretti-la-manche-en-vigilance-rouge-au-vent-24-departements-en-orange-de-latlantique-a-lile-de-france","status":"publish","type":"post","link":"https:\/\/www.europesays.com\/fr\/648865\/","title":{"rendered":"Temp\u00eate Goretti\u00a0: la Manche en vigilance rouge au vent, 24 d\u00e9partements en orange de l&rsquo;Atlantique \u00e0 l&rsquo;\u00cele-de-France"},"content":{"rendered":"<p>La Manche est plac\u00e9e en vigilance rouge au vent, \u00e0 partir de 21h ce jeudi par M\u00e9t\u00e9o-France. 24 d\u00e9partements de la fa\u00e7ade Ouest ainsi que l&rsquo;\u00cele-de-France sont en alerte orange d\u00e8s 16h en raison du passage de la temp\u00eate Goretti.\n<\/p>\n<p>Apr\u00e8s la neige, la temp\u00eate\u00a0! Goretti, c&rsquo;est son nom, devrait d\u00e9ferler sur la France ce jeudi, \u00e0 partir de la fa\u00e7ade atlantique. Dans son bulletin publi\u00e9 \u00e0 6h, M\u00e9t\u00e9o-France a plac\u00e9 <a class=\"IciLink ici-link IciArticleLink g-ici-body-regular-1 underline brand svelte-1chfe2s\" href=\"https:\/\/www.francebleu.fr\/infos\/meteo\/tempete-goretti-la-manche-en-vigilance-rouge-au-vent-des-rafales-jusqu-a-160-km-h-attendues-sur-la-cote-6868350\" target=\"_blank\" rel=\"noopener\">la Manche<\/a>\u00a0en vigilance rouge au vent \u00e0 partir de 21h. Des rafales de 150 \u00e0 160 km\/h sont attendues sur la c\u00f4te, et 130 \u00e0 140 km\/h dans les terres.<\/p>\n<p>En dehors de cette mesure, 24 autres d\u00e9partements entreront progressivement en vigilance orange \u00e0 partir de 16h.<\/p>\n<p> <img decoding=\"async\" src=\"https:\/\/www.europesays.com\/fr\/wp-content\/uploads\/2026\/01\/1767857111_888_1280.jpeg\" alt=\"illustration agrandir l'image\" style=\"--_image-preview:url('data:image\/jpeg;base64,\/9j\/2wBDACgcHiMeGSgjISMtKygwPGRBPDc3PHtYXUlkkYCZlo+AjIqgtObDoKrarYqMyP\/L2u71\/\/\/\/m8H\/\/\/\/6\/+b9\/\/j\/2wBDASstLTw1PHZBQXb4pYyl+Pj4+Pj4+Pj4+Pj4+Pj4+Pj4+Pj4+Pj4+Pj4+Pj4+Pj4+Pj4+Pj4+Pj4+Pj4+Pj4+Pj\/wAARCAAqACEDASIAAhEBAxEB\/8QAGAAAAwEBAAAAAAAAAAAAAAAAAAECAwX\/xAAWEAEBAQAAAAAAAAAAAAAAAAAAARH\/xAAXAQADAQAAAAAAAAAAAAAAAAAAAQID\/8QAFxEBAQEBAAAAAAAAAAAAAAAAAAERAv\/aAAwDAQACEQMRAD8A6xaVpai01aqVnqpUzoYoFoVoRU1VLEdAlQpFSIkMwA0wiwYoLsJOKkBlgGAweB\/\/2Q==');\" loading=\"lazy\" fetchpriority=\"low\" class=\"svelte-1cksh76 rounded\" onload=\"this.__e=event\" onerror=\"this.__e=event\"\/> Des rafales de vent allant jusqu&rsquo;\u00e0 160 kmh\/h sont attendues. \u00a9 Aucun(e)  <\/p>\n<p>Dans le d\u00e9tail, le d\u00e9partement normand de la Manche passe en vigilance rouge au vent dans la nuit de jeudi \u00e0 vendredi (de 21h \u00e0 3h du matin).<\/p>\n<p>24 d\u00e9partements en vigilance orange<\/p>\n<p>Sur la fa\u00e7ade Ouest, 24 d\u00e9partements sont plac\u00e9s en vigilance orange vent \u00e0 partir de 16h.\u00a0 La zone concern\u00e9e va de la Charente-Maritime jusqu&rsquo;\u00e0 la Seine-Maritime, en passant par la Bretagne, la Normandie, jusqu&rsquo;aux d\u00e9partements franciliens. Dans ces d\u00e9partements, les rafales attendues sont de l&rsquo;ordre de 130 \u00e0 140 km\/h sur le littoral, et de 100 \u00e0 120 km\/h dans les terres. Concernant la r\u00e9gion parisienne, les rafales attendues sont de l&rsquo;ordre de 90 \u00e0 100 km\/h pour un \u00e9pisode qui s&rsquo;annonce durable, ces rafales pouvant se produire durant plusieurs heures.<\/p>\n<p>Dans le d\u00e9tail, voici les d\u00e9partements concern\u00e9s par la vigilance orange au vent\u00a0: Charente-Maritime, Vend\u00e9e, Deux-S\u00e8vres, Maine-et-Loire, Loire-Atlantique, Sarthe, Mayenne, Ille-et-Vilaine, Morbihan, Finist\u00e8re, C\u00f4tes-d&rsquo;Armor, Calvados, Orne, Eure-et-Loire, Eure, Seine-Maritime, Essonne, Yvelines, Oise, Paris, Val-de-Marne, Seine-et-Marne, Seine-Saint-Denis et Hauts-de-Seine.<\/p>\n<p>La SNCF pr\u00e9voit de mettre plusieurs lignes de trains \u00e0 l&rsquo;arr\u00eat<\/p>\n<p>La circulation des trains va \u00eatre suspendue en Normandie, \u00e0 partir de 19h ce jeudi soir, pour \u00ab\u00a0garantir la s\u00e9curit\u00e9 des voyageurs et du personnel\u00a0\u00bb, assure SNCF Nomad Train dans un communiqu\u00e9 que\u00a0<a class=\"IciLink ici-link IciArticleLink g-ici-body-regular-1 underline brand svelte-1chfe2s\" href=\"https:\/\/www.francebleu.fr\/infos\/meteo\/tempete-goretti-la-manche-en-vigilance-rouge-au-vent-des-rafales-jusqu-a-160-km-h-attendues-sur-la-cote-6868350\" target=\"_blank\" rel=\"noopener\">ICI Normandie<\/a>\u00a0a pu consulter.\u00a0En Normandie, dans le d\u00e9tail, les circulations seront arr\u00eat\u00e9es \u00e0 partir de 19 heures, ce jeudi, sur les lignes entre Paris &#8211; Lisieux &#8211; Caen &#8211; Cherbourg, Paris &#8211; L&rsquo;Aigle &#8211; Argentan &#8211; Granville, ainsi que sur la ligne Caen &#8211; Granville &#8211; Rennes. La circulation sera totalement interrompue sur toutes les lignes normandes, y compris sur la ligne entre Paris &#8211; Rouen &#8211; Le Havre \u00e0 partir de 22 heures ce jeudi.<\/p>\n<p>\u00ab\u00a0Une reprise tr\u00e8s progressive du trafic est envisag\u00e9e dans l\u2019apr\u00e8s\u2011midi du vendredi 9 janvier\u00a0\u00bb, assure le gestionnaire de l&rsquo;infrastructure sur son site, \u00e0 partir de 14 heures dans le Calvados, la Manche, l&rsquo;Eure et l&rsquo;Orne, 16 heures en Seine-Maritime.<\/p>\n<p>En Bretagne, plusieurs lignes du r\u00e9seau ferroviaire ne circuleront pas, ou circuleront au ralenti, rapporte\u00a0<a class=\"IciLink ici-link IciArticleLink g-ici-body-regular-1 underline brand svelte-1chfe2s\" href=\"https:\/\/www.francebleu.fr\/infos\/meteo\/tempete-goretti-la-bretagne-en-vigilance-orange-vent-a-partir-de-jeudi-apres-midi-4041143\" target=\"_blank\" rel=\"noopener\">ICI Armorique<\/a>. Quatre lignes sont totalement interrompues\u00a0: Quimper &#8211; Landerneau d\u00e8s jeudi 16h, Dol &#8211; Saint-Malo d\u00e8s jeudi 20h, Plouaret &#8211; Lannion d\u00e8s jeudi 22h et Guingamp &#8211; Paimpol d\u00e8s jeudi 19h30. La ligne Rennes &#8211; Nantes verra quant \u00e0 elle sa vitesse r\u00e9duite \u00e0 70 km\/h entre Redon et Savenay \u00e0 partir de 17h30 jeudi, entra\u00eenant quelques suppressions de trains.<\/p>\n<p>Plusieurs lignes de TER seront interrompues en Centre-Val de Loire d\u00e8s 20h jeudi, rapporte\u00a0<a class=\"IciLink ici-link IciArticleLink g-ici-body-regular-1 underline brand svelte-1chfe2s\" href=\"https:\/\/www.francebleu.fr\/infos\/meteo\/tempete-goretti-des-trains-annules-ce-jeudi-soir-en-centre-val-de-loire-7278039\" target=\"_blank\" rel=\"noopener\">ICI Touraine<\/a>.\u00a0En r\u00e9gion Centre- Val de Loire, plusieurs lignes de TER seront interrompues en soir\u00e9e. Dans le d\u00e9tail, les interruptions de trafic concernent notamment les lignes Tours &#8211; Chinon, Bourges &#8211; Montlu\u00e7on et Tours &#8211; Vierzon. Des limitations sont \u00e9galement \u00e0 pr\u00e9voir sur les axes suivants\u00a0: Tours &#8211; Ch\u00e2teau du Loir Vierzon &#8211; Saincaize Tours &#8211; Port de Piles et La Rochelle &#8211; Poitiers.<\/p>\n<p>Dans la r\u00e9gion Hauts-de-France, aucun TER ne circulera vendredi jusqu&rsquo;en milieu d&rsquo;apr\u00e8s-midi, rapporte\u00a0<a class=\"IciLink ici-link IciArticleLink g-ici-body-regular-1 underline brand svelte-1chfe2s\" href=\"https:\/\/www.francebleu.fr\/infos\/transports\/hauts-de-france-aucun-ter-ne-circulera-une-grosse-partie-de-la-journee-de-vendredi-a-cause-de-la-tempete-goretti-7515156\" target=\"_blank\" rel=\"noopener\">ICI Picardie<\/a>.<\/p>\n<p>Il est recommand\u00e9 aux voyageurs de reporter leurs trajets, de v\u00e9rifier la bonne circulation de leur train avant de se rendre en gare et de rester vigilants dans leurs d\u00e9placements.<\/p>\n<p>Trois d\u00e9partements en vigilance orange neige-verglas<\/p>\n<p>Trois d\u00e9partements sont encore concern\u00e9s par des vigilances orange neige-verglas jusqu&rsquo;\u00e0 18h. Il s&rsquo;agit de la\u00a0<a class=\"IciLink ici-link IciArticleLink g-ici-body-regular-1 underline brand svelte-1chfe2s\" href=\"https:\/\/www.francebleu.fr\/emissions\/l-info-d-ici-6h30-8h30-ici-pays-de-savoie\/vigilance-orange-on-attend-des-rafales-de-vent-et-de-neige-a-120-130km-h-en-haut-de-l-aiguille-du-midi-2440179\" target=\"_blank\" rel=\"noopener\">Haute-Savoie, de la Savoie<\/a>\u00a0et de l&rsquo;Aveyron.<\/p>\n","protected":false},"excerpt":{"rendered":"La Manche est plac\u00e9e en vigilance rouge au vent, \u00e0 partir de 21h ce jeudi par M\u00e9t\u00e9o-France. 24&hellip;\n","protected":false},"author":2,"featured_media":648866,"comment_status":"","ping_status":"","sticky":false,"template":"","format":"standard","meta":{"footnotes":""},"categories":[1592],"tags":[1111,11,1777,674,1011,27,662,12,626,25],"class_list":{"0":"post-648865","1":"post","2":"type-post","3":"status-publish","4":"format-standard","5":"has-post-thumbnail","7":"category-ile-de-france","8":"tag-actu","9":"tag-actualites","10":"tag-eu","11":"tag-europe","12":"tag-fr","13":"tag-france","14":"tag-ile-de-france","15":"tag-news","16":"tag-paris","17":"tag-republique-francaise"},"share_on_mastodon":{"url":"https:\/\/pubeurope.com\/@fr\/115858291066795487","error":""},"_links":{"self":[{"href":"https:\/\/www.europesays.com\/fr\/wp-json\/wp\/v2\/posts\/648865","targetHints":{"allow":["GET"]}}],"collection":[{"href":"https:\/\/www.europesays.com\/fr\/wp-json\/wp\/v2\/posts"}],"about":[{"href":"https:\/\/www.europesays.com\/fr\/wp-json\/wp\/v2\/types\/post"}],"author":[{"embeddable":true,"href":"https:\/\/www.europesays.com\/fr\/wp-json\/wp\/v2\/users\/2"}],"replies":[{"embeddable":true,"href":"https:\/\/www.europesays.com\/fr\/wp-json\/wp\/v2\/comments?post=648865"}],"version-history":[{"count":0,"href":"https:\/\/www.europesays.com\/fr\/wp-json\/wp\/v2\/posts\/648865\/revisions"}],"wp:featuredmedia":[{"embeddable":true,"href":"https:\/\/www.europesays.com\/fr\/wp-json\/wp\/v2\/media\/648866"}],"wp:attachment":[{"href":"https:\/\/www.europesays.com\/fr\/wp-json\/wp\/v2\/media?parent=648865"}],"wp:term":[{"taxonomy":"category","embeddable":true,"href":"https:\/\/www.europesays.com\/fr\/wp-json\/wp\/v2\/categories?post=648865"},{"taxonomy":"post_tag","embeddable":true,"href":"https:\/\/www.europesays.com\/fr\/wp-json\/wp\/v2\/tags?post=648865"}],"curies":[{"name":"wp","href":"https:\/\/api.w.org\/{rel}","templated":true}]}}