{"id":648867,"date":"2026-01-08T07:26:14","date_gmt":"2026-01-08T07:26:14","guid":{"rendered":"https:\/\/www.europesays.com\/fr\/648867\/"},"modified":"2026-01-08T07:26:14","modified_gmt":"2026-01-08T07:26:14","slug":"riviera-fuga-est-le-troisieme-etablissement-ouvert-en","status":"publish","type":"post","link":"https:\/\/www.europesays.com\/fr\/648867\/","title":{"rendered":"Riviera Fuga est le troisi\u00e8me \u00e9tablissement [ouvert en"},"content":{"rendered":"<p id=\"offerText\" class=\" keep-format p-0\">Riviera Fuga est le troisi\u00e8me \u00e9tablissement [ouvert en juin 2023] de la Fuga Family.une ambiance Riviera et une carte unique \u00e0 Paris qui reprend les sp\u00e9cialit\u00e9s de l\u2019Italie avec un twist du Japon.Plusieurs espaces au sein d&rsquo;un m\u00eame lieu : une terrasse avant et arri\u00e8re, une salle principale, un salon bas plongeant les clients au bord de l&rsquo;eau et un bar en forme d&rsquo;avocat pour d\u00e9guster les cocktails et tapas.Sortir de Paris \u00e0 Paris, c\u2019est le moment. Tes missionsLes + Fuga<\/p>\n","protected":false},"excerpt":{"rendered":"Riviera Fuga est le troisi\u00e8me \u00e9tablissement [ouvert en juin 2023] de la Fuga Family.une ambiance Riviera et une&hellip;\n","protected":false},"author":2,"featured_media":648868,"comment_status":"","ping_status":"","sticky":false,"template":"","format":"standard","meta":{"footnotes":""},"categories":[1888],"tags":[1111,1928,11,1927,1777,674,1011,27,12,1926,626,1925,25],"class_list":{"0":"post-648867","1":"post","2":"type-post","3":"status-publish","4":"format-standard","5":"has-post-thumbnail","7":"category-paris","8":"tag-actu","9":"tag-actu-paris","10":"tag-actualites","11":"tag-actualites-paris","12":"tag-eu","13":"tag-europe","14":"tag-fr","15":"tag-france","16":"tag-news","17":"tag-news-paris","18":"tag-paris","19":"tag-paris-news","20":"tag-republique-francaise"},"share_on_mastodon":{"url":"https:\/\/pubeurope.com\/@fr\/115858294994089418","error":""},"_links":{"self":[{"href":"https:\/\/www.europesays.com\/fr\/wp-json\/wp\/v2\/posts\/648867","targetHints":{"allow":["GET"]}}],"collection":[{"href":"https:\/\/www.europesays.com\/fr\/wp-json\/wp\/v2\/posts"}],"about":[{"href":"https:\/\/www.europesays.com\/fr\/wp-json\/wp\/v2\/types\/post"}],"author":[{"embeddable":true,"href":"https:\/\/www.europesays.com\/fr\/wp-json\/wp\/v2\/users\/2"}],"replies":[{"embeddable":true,"href":"https:\/\/www.europesays.com\/fr\/wp-json\/wp\/v2\/comments?post=648867"}],"version-history":[{"count":0,"href":"https:\/\/www.europesays.com\/fr\/wp-json\/wp\/v2\/posts\/648867\/revisions"}],"wp:featuredmedia":[{"embeddable":true,"href":"https:\/\/www.europesays.com\/fr\/wp-json\/wp\/v2\/media\/648868"}],"wp:attachment":[{"href":"https:\/\/www.europesays.com\/fr\/wp-json\/wp\/v2\/media?parent=648867"}],"wp:term":[{"taxonomy":"category","embeddable":true,"href":"https:\/\/www.europesays.com\/fr\/wp-json\/wp\/v2\/categories?post=648867"},{"taxonomy":"post_tag","embeddable":true,"href":"https:\/\/www.europesays.com\/fr\/wp-json\/wp\/v2\/tags?post=648867"}],"curies":[{"name":"wp","href":"https:\/\/api.w.org\/{rel}","templated":true}]}}