{"id":648869,"date":"2026-01-08T07:27:15","date_gmt":"2026-01-08T07:27:15","guid":{"rendered":"https:\/\/www.europesays.com\/fr\/648869\/"},"modified":"2026-01-08T07:27:15","modified_gmt":"2026-01-08T07:27:15","slug":"le-ministere-de-linterieur-suit-tres-attentivement-la-situation-des-barrages-policiers-contournes-et-forces-dans-la-nuit","status":"publish","type":"post","link":"https:\/\/www.europesays.com\/fr\/648869\/","title":{"rendered":"le minist\u00e8re de l&rsquo;Int\u00e9rieur \u00ab\u00a0suit tr\u00e8s attentivement la situation\u00a0\u00bb, des barrages policiers \u00ab\u00a0contourn\u00e9s et forc\u00e9s\u00a0\u00bb dans la nuit"},"content":{"rendered":"<p>Aujourd&rsquo;hui \u00e0 08h07<\/p>\n<p>Des barrages policiers \u00ab\u00a0contourn\u00e9s et forc\u00e9s\u00a0\u00bb dans la nuit par les agriculteurs, le minist\u00e8re de l&rsquo;Int\u00e9rieur \u00e9voque des risques \u00ab\u00a0totalement inconsid\u00e9r\u00e9s\u00a0\u00bb<\/p>\n<p>Le minist\u00e8re de l&rsquo;Int\u00e9rieur affirme que 20 tracteurs se trouvent effectivement actuellement dans Paris intra muros. Les autres sont aux portes de Paris.<\/p>\n<p>Au creux de la nuit, les militants de la Coordination rurale ont rejoint la capitale par petits groupes de tracteurs. Ces derniers \u00ab\u00a0ont contourn\u00e9 et forc\u00e9\u00a0\u00bb les barrages policiers, parfois en prenant des risques \u00ab\u00a0totalement inconsid\u00e9r\u00e9s\u00a0\u00bb, mis en place en grande couronne et en petite couronne selon la place Beauvau.<\/p>\n<p>Aujourd&rsquo;hui \u00e0 08h00<\/p>\n<p>Laurent Nu\u00f1ez \u00ab\u00a0suit tr\u00e8s attentivement la situation\u00a0\u00bb assure son entourage \u00e0 BFMTV<\/p>\n<p>La situation \u00e0 Paris est suivie de pr\u00e8s par les autorit\u00e9s. \u00ab\u00a0Le ministre de l&rsquo;Int\u00e9rieur suit tr\u00e8s attentivement la situation\u00a0\u00bb, assure l&rsquo;entourage de Laurent Nu\u00f1ez aupr\u00e8s de BFMTV.<\/p>\n<p>Actuellement, une centaine de tracteurs sont dans Paris mais la plupart sont bloqu\u00e9s aux portes de la capitale. Ils sont tous pris en compte par la pr\u00e9fecture de police de la capitale.<\/p>\n<p>Aujourd&rsquo;hui \u00e0 07h57<\/p>\n<p>Les agriculteurs sur la place de l&rsquo;\u00c9toile pour \u00ab\u00a0maintenir la pression sur le gouvernement\u00a0\u00bb<\/p>\n<p>D\u00e8s demain, le Premier ministre S\u00e9bastien Lecornu doit faire des annonces concernant le monde agricole. Pas assez pour les agriculteurs pr\u00e8s de l&rsquo;Arc de Triomphe qui veulent \u00ab\u00a0continuer \u00e0 maintenir la pression sur le gouvernement\u00a0\u00bb.<\/p>\n<p>\u00ab\u00a0On a du mal \u00e0 y croire, \u00e7a fait deux ans qu&rsquo;on manifeste\u00a0\u00bb, estime Hubert Ellie, pr\u00e9sident de la Coordination rurale de Charente-Maritime, qui d\u00e9nonce \u00ab\u00a0aucun acte\u00a0\u00bb de la part du gouvernement.<\/p>\n<p>Une vingtaine de tracteurs se trouvent actuellement sur la c\u00e9l\u00e8bre place parisienne.<\/p>\n<p>Aujourd&rsquo;hui \u00e0 07h49<\/p>\n<p>Une centaine de tracteurs d&rsquo;agriculteurs en col\u00e8re \u00e0 Paris<\/p>\n<p>Une centaine de tracteurs se trouvent actuellement dans Paris, indique le minist\u00e8re de l&rsquo;Int\u00e9rieur aupr\u00e8s de l&rsquo;AFP.<\/p>\n<p>Aujourd&rsquo;hui \u00e0 07h42<\/p>\n<p>Un d\u00e9p\u00f4t p\u00e9trolier bloqu\u00e9 par les agriculteurs pr\u00e8s de Bordeaux<\/p>\n<p>Les agriculteurs de la Coordination rurale bloquent \u00ab\u00a0les abords du d\u00e9p\u00f4t p\u00e9trolier DPA, situ\u00e9 sur les terrains du Grand Port Maritime de Bordeaux \u00e0 Bassens\u00a0\u00bb, indique pr\u00e9fet de la Gironde dans un communiqu\u00e9.<\/p>\n<blockquote class=\"embed embed_quote\"><p>\u00ab\u00a0Depuis 22 heures (ce mercredi, NDLR), une quarantaine d\u2019engins agricoles, de camions et de v\u00e9hicules l\u00e9gers emp\u00eachent l\u2019acc\u00e8s au site\u00a0\u00bb, poursuivent les autorit\u00e9s.<\/p><\/blockquote>\n<p>Les forces de l&rsquo;ordre se trouvent sur place alors qu&rsquo;il est demand\u00e9 aux usagers s&rsquo;\u00e9viter le secteur.<\/p>\n<p>Aujourd&rsquo;hui \u00e0 07h39<\/p>\n<p>Les agriculteurs devant l&rsquo;Arc de Triomphe<\/p>\n<p>Apr\u00e8s une \u00e9tape du c\u00f4t\u00e9 de la tour Eiffel, les agriculteurs font \u00e9tape \u00e0 l&rsquo;Arc de Triomphe sur la place de l&rsquo;\u00c9toile.<\/p>\n<p>Plusieurs d&rsquo;entre eux stationnent au c\u0153ur de Paris.<\/p>\n<p><img decoding=\"async\" loading=\"lazy\" width=\"1920\" height=\"1080\" src=\"https:\/\/www.europesays.com\/fr\/wp-content\/uploads\/2026\/01\/Les-images-des-tracteurs-d-agriculteurs-en-colere-a-Paris-le-8-janvier-2025-2212595.jpg\"  alt=\"Les images des tracteurs d'agriculteurs en col\u00e8re \u00e0 Paris, le 8 janvier 2025.\" title=\"Les images des tracteurs d'agriculteurs en col\u00e8re \u00e0 Paris, le 8 janvier 2025.\"\/>Les images des tracteurs d&rsquo;agriculteurs en col\u00e8re \u00e0 Paris, le 8 janvier 2025. \u00a9 BFMTV<\/p>\n<p>Aujourd&rsquo;hui \u00e0 07h36<\/p>\n<p>L&rsquo;A13 ferm\u00e9e entre Saint-Cloud et la porte d&rsquo;Auteuil dans l&rsquo;ouest parisien<\/p>\n<p>\u00ab\u00a0\u00c0 la suite d&rsquo;une manifestation\u00a0\u00bb,<strong> <a href=\"https:\/\/www.sytadin.fr\/\" target=\"_blank\" class=\"external_link\" rel=\"noopener\">Sytadin<\/a><\/strong>, l&rsquo;outil d&rsquo;observation du trafic en temps r\u00e9el des routes d&rsquo;\u00cele-de-France, indique que l&rsquo;autoroute A13 a \u00e9t\u00e9 coup\u00e9 dans les deux sens de circulation depuis environ 5h50 entre Saint-Cloud et la boulevard p\u00e9riph\u00e9rique (porte d&rsquo;Auteuil) pour une \u00ab\u00a0dur\u00e9e ind\u00e9termin\u00e9e\u00a0\u00bb.<\/p>\n<blockquote class=\"embed embed_quote\"><p>\u00ab\u00a0Sortie n\u00b04 obligatoire vers Saint-Cloud et Ville d&rsquo;Avray\u00a0\u00bb, pr\u00e9cise Sytadin.<\/p><\/blockquote>\n<p>Le service recommende d&rsquo;\u00e9viter d&#8217;emprunter l&rsquo;autoroute A13 en direction de Paris depuis Rocquencourt et d&rsquo;utiliser l&rsquo;A12 \u00ab\u00a0en direction de Bois-d&rsquo;Arcy, puis prendre la N12 en direction V\u00e9lizy-Villacoublay, puis continuer sur l&rsquo;A86 en direction de Cr\u00e9teil, puis prendre la N118 en direction du Pont-de S\u00e8vres (D910)\u00a0\u00bb.<\/p>\n<p>Aujourd&rsquo;hui \u00e0 07h34<\/p>\n<p>Des tracteurs devant la tour Eiffel<\/p>\n<p>D\u00e8s 6 heures environ ce matin, des dizaines d&rsquo;agriculteurs sont entr\u00e9s dans la capitale avec pour objectif de manifester et se faire entendre par le gouvernement.<\/p>\n<p>Plusieurs d&rsquo;entre eux se sont retrouv\u00e9s devant la tour Eiffel, phares allum\u00e9s dans la nuit parisienne.<\/p>\n<p><img decoding=\"async\" loading=\"lazy\" width=\"1920\" height=\"1080\" src=\"https:\/\/www.europesays.com\/fr\/wp-content\/uploads\/2026\/01\/Les-images-des-tracteurs-d-agriculteurs-en-colere-sous-la-tour-Eiffel-le-8-janvier-2025-2212531.jpg\"  alt=\"Les images des tracteurs d'agriculteurs en col\u00e8re sous la tour Eiffel, le 8 janvier 2025.&#10;\" title=\"Les images des tracteurs d'agriculteurs en col\u00e8re sous la tour Eiffel, le 8 janvier 2025.&#10;\"\/>Les images des tracteurs d&rsquo;agriculteurs en col\u00e8re sous la tour Eiffel, le 8 janvier 2025. \u00a9 BFMTV<\/p>\n<p>Aujourd&rsquo;hui \u00e0 07h34<\/p>\n<p>Les tracteurs repouss\u00e9s de certaines zones sensibles<\/p>\n<p>Mercredi, la pr\u00e9fecture de police de Paris avait pris un arr\u00eat\u00e9 pour interdire l&rsquo;acc\u00e8s des tracteurs \u00e0 certaines zones sensibles de la capitale notamment l&rsquo;\u00c9lys\u00e9e, Matignon ou encore le march\u00e9 de Rungis.<\/p>\n<p>Aujourd&rsquo;hui \u00e0 07h33<\/p>\n<p>Les agriculteurs en col\u00e8re manifestent \u00e0 Paris<\/p>\n<p>Bonjour \u00e0 tous et bienvenue dans ce direct consacr\u00e9 \u00e0 la col\u00e8re du monde agricole.<\/p>\n<p>Apr\u00e8s une fin d&rsquo;ann\u00e9e marqu\u00e9e par de nombreuses contestations et blocages, notamment dans le Sud-Ouest du pays, les agriculteurs poursuivent aujourd&rsquo;hui \u00e0 Paris leur mobilisation.<\/p>\n<p>Les manifestants d\u00e9noncent encore la signature de l&rsquo;accord de libre-\u00e9change du Mercosur et la gestion de l&rsquo;\u00e9pid\u00e9mie de <strong><a href=\"https:\/\/www.bfmtv.com\/police-justice\/vaucluse-haute-garonne-lot-carte-de-nouveaux-blocages-en-cours-en-france-contre-la-gestion-de-la-dermatose-plusieurs-autoroutes-concernees_AV-202512170271.html\" title=\"CARTE. Vaucluse, Haute-Garonne, Lot... De nouveaux blocages en cours en France contre la gestion de la dermatose, plusieurs autoroutes concern\u00e9es\" class=\"internal_link\" target=\"_blank\" rel=\"noopener\">Dermatose nodulaire (DNC)<\/a><\/strong> par le gouvernement.<\/p>\n","protected":false},"excerpt":{"rendered":"Aujourd&rsquo;hui \u00e0 08h07 Des barrages policiers \u00ab\u00a0contourn\u00e9s et forc\u00e9s\u00a0\u00bb dans la nuit par les agriculteurs, le minist\u00e8re de&hellip;\n","protected":false},"author":2,"featured_media":648870,"comment_status":"","ping_status":"","sticky":false,"template":"","format":"standard","meta":{"footnotes":""},"categories":[1888],"tags":[1111,1928,11,1927,1777,674,1011,27,12,1926,626,1925,25],"class_list":{"0":"post-648869","1":"post","2":"type-post","3":"status-publish","4":"format-standard","5":"has-post-thumbnail","7":"category-paris","8":"tag-actu","9":"tag-actu-paris","10":"tag-actualites","11":"tag-actualites-paris","12":"tag-eu","13":"tag-europe","14":"tag-fr","15":"tag-france","16":"tag-news","17":"tag-news-paris","18":"tag-paris","19":"tag-paris-news","20":"tag-republique-francaise"},"share_on_mastodon":{"url":"https:\/\/pubeurope.com\/@fr\/115858299012075255","error":""},"_links":{"self":[{"href":"https:\/\/www.europesays.com\/fr\/wp-json\/wp\/v2\/posts\/648869","targetHints":{"allow":["GET"]}}],"collection":[{"href":"https:\/\/www.europesays.com\/fr\/wp-json\/wp\/v2\/posts"}],"about":[{"href":"https:\/\/www.europesays.com\/fr\/wp-json\/wp\/v2\/types\/post"}],"author":[{"embeddable":true,"href":"https:\/\/www.europesays.com\/fr\/wp-json\/wp\/v2\/users\/2"}],"replies":[{"embeddable":true,"href":"https:\/\/www.europesays.com\/fr\/wp-json\/wp\/v2\/comments?post=648869"}],"version-history":[{"count":0,"href":"https:\/\/www.europesays.com\/fr\/wp-json\/wp\/v2\/posts\/648869\/revisions"}],"wp:featuredmedia":[{"embeddable":true,"href":"https:\/\/www.europesays.com\/fr\/wp-json\/wp\/v2\/media\/648870"}],"wp:attachment":[{"href":"https:\/\/www.europesays.com\/fr\/wp-json\/wp\/v2\/media?parent=648869"}],"wp:term":[{"taxonomy":"category","embeddable":true,"href":"https:\/\/www.europesays.com\/fr\/wp-json\/wp\/v2\/categories?post=648869"},{"taxonomy":"post_tag","embeddable":true,"href":"https:\/\/www.europesays.com\/fr\/wp-json\/wp\/v2\/tags?post=648869"}],"curies":[{"name":"wp","href":"https:\/\/api.w.org\/{rel}","templated":true}]}}