{"id":648871,"date":"2026-01-08T07:28:12","date_gmt":"2026-01-08T07:28:12","guid":{"rendered":"https:\/\/www.europesays.com\/fr\/648871\/"},"modified":"2026-01-08T07:28:12","modified_gmt":"2026-01-08T07:28:12","slug":"municipales-2026-pas-de-liste-lr-a-neuilly-pour-la-premiere-fois","status":"publish","type":"post","link":"https:\/\/www.europesays.com\/fr\/648871\/","title":{"rendered":"Municipales 2026\u00a0: pas de liste LR \u00e0 Neuilly pour la premi\u00e8re fois"},"content":{"rendered":"<p class=\"\">Depuis, Jean-Christophe Fromantin, r\u00e9\u00e9lu d\u00e8s le premier tour en 2014 et 2020, a toujours fait sans l\u2019UMP, devenu LR en 2015. Avec cette petite excentricit\u00e9 typiquement neuill\u00e9enne : l\u2019opposition municipale \u00e9tait \u00e0 la fois compos\u00e9e d\u2019\u00e9lus de gauche et de R\u00e9publicains. Lesquels ont longtemps nourris une ranc\u0153ur farouche contre le maire, tout sarkozystes convaincus qu\u2019ils \u00e9taient.<\/p>\n","protected":false},"excerpt":{"rendered":"Depuis, Jean-Christophe Fromantin, r\u00e9\u00e9lu d\u00e8s le premier tour en 2014 et 2020, a toujours fait sans l\u2019UMP, devenu&hellip;\n","protected":false},"author":2,"featured_media":648872,"comment_status":"","ping_status":"","sticky":false,"template":"","format":"standard","meta":{"footnotes":""},"categories":[1888],"tags":[11,5949,1777,674,1011,27,3554,12,626,316,25],"class_list":{"0":"post-648871","1":"post","2":"type-post","3":"status-publish","4":"format-standard","5":"has-post-thumbnail","7":"category-paris","8":"tag-actualites","9":"tag-elections","10":"tag-eu","11":"tag-europe","12":"tag-fr","13":"tag-france","14":"tag-municipales","15":"tag-news","16":"tag-paris","17":"tag-politique","18":"tag-republique-francaise"},"share_on_mastodon":{"url":"https:\/\/pubeurope.com\/@fr\/115858302797312029","error":""},"_links":{"self":[{"href":"https:\/\/www.europesays.com\/fr\/wp-json\/wp\/v2\/posts\/648871","targetHints":{"allow":["GET"]}}],"collection":[{"href":"https:\/\/www.europesays.com\/fr\/wp-json\/wp\/v2\/posts"}],"about":[{"href":"https:\/\/www.europesays.com\/fr\/wp-json\/wp\/v2\/types\/post"}],"author":[{"embeddable":true,"href":"https:\/\/www.europesays.com\/fr\/wp-json\/wp\/v2\/users\/2"}],"replies":[{"embeddable":true,"href":"https:\/\/www.europesays.com\/fr\/wp-json\/wp\/v2\/comments?post=648871"}],"version-history":[{"count":0,"href":"https:\/\/www.europesays.com\/fr\/wp-json\/wp\/v2\/posts\/648871\/revisions"}],"wp:featuredmedia":[{"embeddable":true,"href":"https:\/\/www.europesays.com\/fr\/wp-json\/wp\/v2\/media\/648872"}],"wp:attachment":[{"href":"https:\/\/www.europesays.com\/fr\/wp-json\/wp\/v2\/media?parent=648871"}],"wp:term":[{"taxonomy":"category","embeddable":true,"href":"https:\/\/www.europesays.com\/fr\/wp-json\/wp\/v2\/categories?post=648871"},{"taxonomy":"post_tag","embeddable":true,"href":"https:\/\/www.europesays.com\/fr\/wp-json\/wp\/v2\/tags?post=648871"}],"curies":[{"name":"wp","href":"https:\/\/api.w.org\/{rel}","templated":true}]}}