{"id":648875,"date":"2026-01-08T07:30:17","date_gmt":"2026-01-08T07:30:17","guid":{"rendered":"https:\/\/www.europesays.com\/fr\/648875\/"},"modified":"2026-01-08T07:30:17","modified_gmt":"2026-01-08T07:30:17","slug":"en-direct-guerre-en-ukraine-des-coupures-delectricite-causees-par-des-frappes-russes","status":"publish","type":"post","link":"https:\/\/www.europesays.com\/fr\/648875\/","title":{"rendered":"EN DIRECT &#8211; Guerre en Ukraine : des coupures d&rsquo;\u00e9lectricit\u00e9 caus\u00e9es par des frappes russes"},"content":{"rendered":"<p>L\u2019\u00e9lectricit\u00e9 s&rsquo;est trouv\u00e9e coup\u00e9e dans les r\u00e9gions ukrainiennes de Dnipropetrovsk et Zaporijia (centre-est) apr\u00e8s des frappes massives de drones russes sur des infrastructures, a indiqu\u00e9 le fournisseur d&rsquo;\u00e9nergie ukrainien cette nuit.<\/p>\n<p>\u00ab\u00a0L&rsquo;ennemi a men\u00e9 une attaque massive \u00e0 l&rsquo;aide de drones contre les infrastructures \u00e9nerg\u00e9tiques de plusieurs r\u00e9gions. En cons\u00e9quence, la plupart des consommateurs des r\u00e9gions de Dnipropetrovsk et de Zaporijia, y compris les centres r\u00e9gionaux, sont priv\u00e9s d&rsquo;\u00e9lectricit\u00e9\u00a0\u00bb, a publi\u00e9 le fournisseur Ukrenergo sur Telegram vers 22H00 GMT mercredi.<\/p>\n","protected":false},"excerpt":{"rendered":"L\u2019\u00e9lectricit\u00e9 s&rsquo;est trouv\u00e9e coup\u00e9e dans les r\u00e9gions ukrainiennes de Dnipropetrovsk et Zaporijia (centre-est) apr\u00e8s des frappes massives de&hellip;\n","protected":false},"author":2,"featured_media":370590,"comment_status":"","ping_status":"","sticky":false,"template":"","format":"standard","meta":{"footnotes":""},"categories":[1591],"tags":[1111,11,1921,1887,1922,74270,12,1885,1886,132,220,1917,73921,133,1920,135,134],"class_list":{"0":"post-648875","1":"post","2":"type-post","3":"status-publish","4":"format-standard","5":"has-post-thumbnail","7":"category-russie","8":"tag-actu","9":"tag-actualites","10":"tag-article-video","11":"tag-federation-de-russie","12":"tag-info","13":"tag-les-attaques-russes-continuent","14":"tag-news","15":"tag-russia","16":"tag-russian-federation","17":"tag-russie","18":"tag-ukraine","19":"tag-ukraine-4-annee-de-guerre","20":"tag-ukraine-russie-en-marge-des-negociations","21":"tag-video","22":"tag-video-international","23":"tag-vladimir-poutine","24":"tag-volodymyr-zelensky"},"share_on_mastodon":{"url":"https:\/\/pubeurope.com\/@fr\/115858310829330931","error":""},"_links":{"self":[{"href":"https:\/\/www.europesays.com\/fr\/wp-json\/wp\/v2\/posts\/648875","targetHints":{"allow":["GET"]}}],"collection":[{"href":"https:\/\/www.europesays.com\/fr\/wp-json\/wp\/v2\/posts"}],"about":[{"href":"https:\/\/www.europesays.com\/fr\/wp-json\/wp\/v2\/types\/post"}],"author":[{"embeddable":true,"href":"https:\/\/www.europesays.com\/fr\/wp-json\/wp\/v2\/users\/2"}],"replies":[{"embeddable":true,"href":"https:\/\/www.europesays.com\/fr\/wp-json\/wp\/v2\/comments?post=648875"}],"version-history":[{"count":0,"href":"https:\/\/www.europesays.com\/fr\/wp-json\/wp\/v2\/posts\/648875\/revisions"}],"wp:featuredmedia":[{"embeddable":true,"href":"https:\/\/www.europesays.com\/fr\/wp-json\/wp\/v2\/media\/370590"}],"wp:attachment":[{"href":"https:\/\/www.europesays.com\/fr\/wp-json\/wp\/v2\/media?parent=648875"}],"wp:term":[{"taxonomy":"category","embeddable":true,"href":"https:\/\/www.europesays.com\/fr\/wp-json\/wp\/v2\/categories?post=648875"},{"taxonomy":"post_tag","embeddable":true,"href":"https:\/\/www.europesays.com\/fr\/wp-json\/wp\/v2\/tags?post=648875"}],"curies":[{"name":"wp","href":"https:\/\/api.w.org\/{rel}","templated":true}]}}