{"id":648876,"date":"2026-01-08T07:31:15","date_gmt":"2026-01-08T07:31:15","guid":{"rendered":"https:\/\/www.europesays.com\/fr\/648876\/"},"modified":"2026-01-08T07:31:15","modified_gmt":"2026-01-08T07:31:15","slug":"comment-larmee-francaise-se-prepare-a-deployer-des-milliers-de-soldats-en-cas-de-cessez-le-feu","status":"publish","type":"post","link":"https:\/\/www.europesays.com\/fr\/648876\/","title":{"rendered":"comment l\u2019arm\u00e9e fran\u00e7aise se pr\u00e9pare \u00e0 d\u00e9ployer \u00abdes milliers\u00bb de soldats en cas de cessez-le-feu"},"content":{"rendered":"<p class=\"intro \">La France est pr\u00eate \u00e0 envoyer plusieurs milliers de soldats fran\u00e7ais en Ukraine, en cas de cessez-le-feu avec la Russie. L&rsquo;arm\u00e9e fran\u00e7aise s&rsquo;y pr\u00e9pare depuis plusieurs mois. Les \u00e9tats-majors fran\u00e7ais ont fait de la Roumanie une base arri\u00e8re en cas de projection pour garantir l&rsquo;int\u00e9grit\u00e9 de la ligne de front d\u00e8s lors qu&rsquo;un accord sera trouv\u00e9.<\/p>\n<p>C&rsquo;est une des garanties de s\u00e9curit\u00e9 apport\u00e9es par <a href=\"https:\/\/www.europe1.fr\/dossiers\/emmanuel-macron\" target=\"_blank\" rel=\"noopener\">Emmanuel Macron<\/a> \u00e0 <a href=\"https:\/\/www.europe1.fr\/dossiers\/volodymyr-zelensky\" target=\"_blank\" rel=\"noopener\">Volodymyr Zelensky<\/a>. La France est pr\u00eate \u00e0 envoyer plusieurs milliers de soldats en Ukraine, en cas de cessez-le-feu avec la Russie. Les \u00e9tats-majors s&rsquo;y pr\u00e9parent depuis des mois et ont fait de la Roumanie une base arri\u00e8re en cas de projection.<\/p>\n<p>    La suite apr\u00e8s cette publicit\u00e9<\/p>\n<p>    La suite apr\u00e8s cette publicit\u00e9<\/p>\n<p>L&rsquo;ann\u00e9e derni\u00e8re, l&rsquo;\u00e9quivalent d&rsquo;une brigade a \u00e9t\u00e9 d\u00e9ploy\u00e9e en Roumanie<\/p>\n<p>L&rsquo;\u00e9picentre du dispositif fran\u00e7ais se trouve \u00e0 Cincu, au centre du pays. Au pied des Carpates, ce camp militaire abrite 1.250 soldats fran\u00e7ais, quelques centaines de Belges et d&rsquo;Espagnols. 440 v\u00e9hicules de combat, dont des chars Leclerc, des canons Caesar, des drones et des batteries anti-missiles.<\/p>\n<p>C&rsquo;est l\u00e0, en Transylvanie, \u00e0 500m d&rsquo;altitude, que l&rsquo;arm\u00e9e de terre fran\u00e7aise commande un bataillon de l&rsquo;Otan qui se pr\u00e9pare \u00e0 monter en puissance. L&rsquo;ann\u00e9e derni\u00e8re, l&rsquo;\u00e9quivalent d&rsquo;une brigade a \u00e9t\u00e9 d\u00e9ploy\u00e9e partout en <a href=\"https:\/\/www.europe1.fr\/dossiers\/roumanie\" target=\"_blank\" rel=\"noopener\">Roumanie<\/a> : 5.000 hommes issus de neuf nations, dont 2.800 Fran\u00e7ais.\u00a0<\/p>\n<p>    La suite apr\u00e8s cette publicit\u00e9<\/p>\n<p>    La suite apr\u00e8s cette publicit\u00e9<\/p>\n<p>Objectif, tester la capacit\u00e9 des Alli\u00e9s \u00e0 projeter plusieurs milliers de soldats sur le flanc Est. Une sorte de r\u00e9p\u00e9tition g\u00e9n\u00e9rale en cas de cessez-le-feu. Les premiers \u00e9l\u00e9ments fran\u00e7ais devraient arriver sur le front en moins de 24 heures, prot\u00e9g\u00e9s dans le ciel par des Rafale, d\u00e9j\u00e0 pr\u00e9positionn\u00e9s en Lituanie.\u00a0<\/p>\n<p>En juillet prochain, la France prendra le commandement a\u00e9rien et terrestre de la force de r\u00e9action alli\u00e9e. Nouvelle pointe de l&rsquo;\u00e9p\u00e9e de l&rsquo;Otan, cens\u00e9e d\u00e9ployer 100.000 soldats en 10 jours, 300.000 en un mois et jusqu&rsquo;\u00e0 500.000 en six mois en cas de crise majeure.\u00a0<\/p>\n","protected":false},"excerpt":{"rendered":"La France est pr\u00eate \u00e0 envoyer plusieurs milliers de soldats fran\u00e7ais en Ukraine, en cas de cessez-le-feu avec&hellip;\n","protected":false},"author":2,"featured_media":648877,"comment_status":"","ping_status":"","sticky":false,"template":"","format":"standard","meta":{"footnotes":""},"categories":[1590],"tags":[11,1777,674,12,220],"class_list":{"0":"post-648876","1":"post","2":"type-post","3":"status-publish","4":"format-standard","5":"has-post-thumbnail","7":"category-ukraine","8":"tag-actualites","9":"tag-eu","10":"tag-europe","11":"tag-news","12":"tag-ukraine"},"share_on_mastodon":{"url":"https:\/\/pubeurope.com\/@fr\/115858314587450319","error":""},"_links":{"self":[{"href":"https:\/\/www.europesays.com\/fr\/wp-json\/wp\/v2\/posts\/648876","targetHints":{"allow":["GET"]}}],"collection":[{"href":"https:\/\/www.europesays.com\/fr\/wp-json\/wp\/v2\/posts"}],"about":[{"href":"https:\/\/www.europesays.com\/fr\/wp-json\/wp\/v2\/types\/post"}],"author":[{"embeddable":true,"href":"https:\/\/www.europesays.com\/fr\/wp-json\/wp\/v2\/users\/2"}],"replies":[{"embeddable":true,"href":"https:\/\/www.europesays.com\/fr\/wp-json\/wp\/v2\/comments?post=648876"}],"version-history":[{"count":0,"href":"https:\/\/www.europesays.com\/fr\/wp-json\/wp\/v2\/posts\/648876\/revisions"}],"wp:featuredmedia":[{"embeddable":true,"href":"https:\/\/www.europesays.com\/fr\/wp-json\/wp\/v2\/media\/648877"}],"wp:attachment":[{"href":"https:\/\/www.europesays.com\/fr\/wp-json\/wp\/v2\/media?parent=648876"}],"wp:term":[{"taxonomy":"category","embeddable":true,"href":"https:\/\/www.europesays.com\/fr\/wp-json\/wp\/v2\/categories?post=648876"},{"taxonomy":"post_tag","embeddable":true,"href":"https:\/\/www.europesays.com\/fr\/wp-json\/wp\/v2\/tags?post=648876"}],"curies":[{"name":"wp","href":"https:\/\/api.w.org\/{rel}","templated":true}]}}