{"id":648878,"date":"2026-01-08T07:32:11","date_gmt":"2026-01-08T07:32:11","guid":{"rendered":"https:\/\/www.europesays.com\/fr\/648878\/"},"modified":"2026-01-08T07:32:11","modified_gmt":"2026-01-08T07:32:11","slug":"les-etats-unis-dicteront-la-politique-100-morts-dans-lattaque-selon-caracas","status":"publish","type":"post","link":"https:\/\/www.europesays.com\/fr\/648878\/","title":{"rendered":"les \u00c9tats-Unis \u00ab\u00a0dicteront\u00a0\u00bb la politique\u00a0; 100 morts dans l\u2019attaque, selon Caracas"},"content":{"rendered":"<p>L\u2019attaque des \u00c9tats-Unis\u00a0a fait 100 morts, selon Caracas<\/p>\n<p>L\u2019attaque au cours de laquelle les \u00c9tats-Unis ont <a href=\"https:\/\/www.la-croix.com\/international\/capture-de-maduro-au-venezuela-plongee-dans-les-coulisses-de-l-operation-choc-de-larmee-americaine-20260105\" data-tracking=\"inpage_click\" data-tracking-action=\"lire un article\" data-tracking-category=\"recirculation\" target=\"_blank\" rel=\"noopener\">captur\u00e9 Nicolas Maduro \u00e0 Caracas<\/a> a fait 100 morts, a annonc\u00e9 mercredi le ministre v\u00e9n\u00e9zu\u00e9lien de l\u2019int\u00e9rieur Diosdado Cabello, selon qui le pr\u00e9sident v\u00e9n\u00e9zu\u00e9lien d\u00e9chu et son \u00e9pouse ont \u00e9t\u00e9 bless\u00e9s pendant l\u2019op\u00e9ration.<\/p>\n<p>\u00ab\u00a0Jusqu\u2019\u00e0 pr\u00e9sent et je dis bien jusqu\u2019\u00e0 pr\u00e9sent, il y a 100 morts, 100, et un nombre similaire de bless\u00e9s. L\u2019attaque contre notre pays a \u00e9t\u00e9 terrible\u00a0\u00bb, a affirm\u00e9 Diosdado\u00a0Cabello lors de son \u00e9mission hebdomadaire \u00e0 la t\u00e9l\u00e9vision publique.<\/p>\n<p>\u00ab\u00a0Cilia (Flores, l\u2019\u00e9pouse de Maduro) a \u00e9t\u00e9 bless\u00e9e \u00e0 la t\u00eate et a re\u00e7u un coup au corps. Le\u00a0camarade Nicolas a \u00e9t\u00e9 bless\u00e9 \u00e0 une jambe. Heureusement, ils se remettent de leurs blessures\u00a0\u00bb, a-t-il ajout\u00e9.<\/p>\n<p>Trump entend \u00ab\u00a0dicter\u00a0\u00bb les d\u00e9cisions du\u00a0Venezuela<\/p>\n<p>Les \u00c9tats-Unis entendent \u00ab\u00a0dicter\u00a0\u00bb jusqu\u2019\u00e0 nouvel ordre les d\u00e9cisions des autorit\u00e9s du\u00a0Venezuela, en gardant en particulier le contr\u00f4le de la commercialisation du p\u00e9trole v\u00e9n\u00e9zu\u00e9lien pour une dur\u00e9e \u00ab\u00a0ind\u00e9termin\u00e9e\u00a0\u00bb, a fait savoir mercredi l\u2019administration Trump.<\/p>\n<p>Confirmant encore cette emprise am\u00e9ricaine, Donald Trump a affirm\u00e9 que le\u00a0Venezuela\u00a0n\u2019ach\u00e8terait que des produits fabriqu\u00e9s aux \u00c9tats-Unis avec les recettes du p\u00e9trole commercialis\u00e9 par Washington, aux termes d\u2019un accord pass\u00e9 avec Caracas.<\/p>\n<p>\u00ab\u00a0Nous restons en \u00e9troite coordination avec les autorit\u00e9s par int\u00e9rim et les \u00c9tats-Unis vont continuer \u00e0 dicter leurs d\u00e9cisions\u00a0\u00bb, a dit la porte-parole de la Maison-Blanche, Karoline Leavitt. \u00ab\u00a0Nous disposons \u00e9videmment d\u2019un effet de levier maximal\u00a0\u00bb, a-t-elle ajout\u00e9.<\/p>\n<p><a href=\"https:\/\/www.la-croix.com\/international\/apres-le-venezuela-la-colombie-dans-le-collimateur-de-donald-trump-20260105\" data-tracking=\"inpage_click\" data-tracking-action=\"lire un article\" data-tracking-category=\"recirculation\" target=\"_blank\" rel=\"noopener\">Le pr\u00e9sident colombien Gustavo Petro<\/a> et son homologue am\u00e9ricain Donald Trump, qui s\u2019invectivent depuis des mois par m\u00e9dias interpos\u00e9s, ont tenu leur tout premier entretien t\u00e9l\u00e9phonique mercredi faisant suite \u00e0 des menaces r\u00e9p\u00e9t\u00e9es de frappes am\u00e9ricaines en Colombie.<\/p>\n<p>Le minist\u00e8re colombien des affaires \u00e9trang\u00e8res a le premier fait \u00e9tat de cet \u00e9change, le premier depuis le retour du r\u00e9publicain \u00e0 la Maison-Blanche en 2025.<\/p>\n<p>Donald Trump a de son c\u00f4t\u00e9 annonc\u00e9 qu\u2019il allait recevoir son homologue colombien \u00e0 la Maison-Blanche \u00ab\u00a0dans un futur proche\u00a0\u00bb.<\/p>\n<p>Un peu plus t\u00f4t, la Colombie a dit redouter une \u00ab\u00a0catastrophe\u00a0\u00bb en Am\u00e9rique latine apr\u00e8s l\u2019attaque am\u00e9ricaine au\u00a0Venezuela. \u00ab\u00a0S\u2019il y a une crise humanitaire de grande envergure, l\u2019impact, la d\u00e9vastation, seront impossibles \u00e0 contenir. (\u2026) Nous parlons d\u2019une catastrophe que l\u2019Am\u00e9rique latine n\u2019a jamais connue\u00a0\u00bb, a d\u00e9clar\u00e9 Mauricio Jaramillo depuis Bogota.<\/p>\n<p>Une \u00ab\u00a0tache\u00a0\u00bb sans pr\u00e9c\u00e9dent dans les relations avec Washington<\/p>\n<p>La pr\u00e9sidente par int\u00e9rim du\u00a0Venezuela\u00a0<a href=\"https:\/\/www.la-croix.com\/international\/venezuela-qui-est-delcy-rodriguez-presidente-par-interim-et-ancienne-fidele-de-maduro-20260105\" data-tracking=\"inpage_click\" data-tracking-action=\"lire un article\" data-tracking-category=\"recirculation\" target=\"_blank\" rel=\"noopener\">Delcy Rodriguez<\/a> a affirm\u00e9 mercredi soir lors d\u2019une c\u00e9r\u00e9monie officielle qu\u2019il y avait \u00ab\u00a0une tache\u00a0\u00bb sur les relations avec les \u00c9tats-Unis, depuis la capture du pr\u00e9sident v\u00e9n\u00e9zu\u00e9lien Nicolas Maduro le 3\u00a0janvier par l\u2019arm\u00e9e am\u00e9ricaine.<\/p>\n<p>\u00ab\u00a0Concernant les relations entre le\u00a0Venezuela\u00a0et les \u00c9tats-Unis, la premi\u00e8re chose \u00e0 dire, c\u2019est qu\u2019il y a une tache dans nos relations qui ne s\u2019\u00e9tait jamais produite dans notre histoire\u00a0\u00bb, a affirm\u00e9 Delcy\u00a0Rodriguez, ancienne vice-pr\u00e9sidente investie lundi comme pr\u00e9sidente par int\u00e9rim.<\/p>\n<p>Delcy Rodriguez a toutefois pr\u00e9cis\u00e9 que l\u2019\u00e9change commercial avec les \u00c9tats-Unis \u00ab\u00a0n\u2019a rien d\u2019extraordinaire ni d\u2019irr\u00e9gulier\u00a0\u00bb, apr\u00e8s que la compagnie p\u00e9troli\u00e8re d\u2019\u00c9tat PDVSA a annonc\u00e9 une n\u00e9gociation pour vendre du brut aux \u00c9tats-Unis.<\/p>\n<p>Acheter des produits am\u00e9ricains avec les revenus du p\u00e9trole\u00a0v\u00e9n\u00e9zu\u00e9lien<\/p>\n<p>Donald Trump a assur\u00e9 mercredi sur son r\u00e9seau Truth Social que le\u00a0Venezuela\u00a0n\u2019ach\u00e8terait que des produits am\u00e9ricains avec les recettes tir\u00e9es du p\u00e9trole v\u00e9n\u00e9zu\u00e9lien commercialis\u00e9 par les \u00c9tats-Unis dans le cadre d\u2019un accord avec Caracas.<\/p>\n<p>\u00ab\u00a0Je viens d\u2019\u00eatre inform\u00e9 que le\u00a0Venezuela\u00a0n\u2019ach\u00e8tera que des produits fabriqu\u00e9s aux \u00c9tats-Unis avec l\u2019argent de notre nouvel accord p\u00e9trolier. Ces achats concerneront, entre autres, des produits agricoles am\u00e9ricains, et des m\u00e9dicaments am\u00e9ricains, des \u00e9quipements m\u00e9dicaux et du mat\u00e9riel pour am\u00e9liorer le r\u00e9seau \u00e9lectrique et les infrastructures \u00e9nerg\u00e9tiques\u00a0\u00bb, a \u00e9crit le pr\u00e9sident am\u00e9ricain.<\/p>\n","protected":false},"excerpt":{"rendered":"L\u2019attaque des \u00c9tats-Unis\u00a0a fait 100 morts, selon Caracas L\u2019attaque au cours de laquelle les \u00c9tats-Unis ont captur\u00e9 Nicolas&hellip;\n","protected":false},"author":2,"featured_media":648879,"comment_status":"","ping_status":"","sticky":false,"template":"","format":"standard","meta":{"footnotes":""},"categories":[1589],"tags":[11,73,1866,12,1864,1865,1863,308],"class_list":{"0":"post-648878","1":"post","2":"type-post","3":"status-publish","4":"format-standard","5":"has-post-thumbnail","7":"category-etats-unis","8":"tag-actualites","9":"tag-etats-unis","10":"tag-etats-unis-damerique","11":"tag-news","12":"tag-united-states","13":"tag-united-states-of-america","14":"tag-us","15":"tag-usa"},"share_on_mastodon":{"url":"https:\/\/pubeurope.com\/@fr\/115858318613386308","error":""},"_links":{"self":[{"href":"https:\/\/www.europesays.com\/fr\/wp-json\/wp\/v2\/posts\/648878","targetHints":{"allow":["GET"]}}],"collection":[{"href":"https:\/\/www.europesays.com\/fr\/wp-json\/wp\/v2\/posts"}],"about":[{"href":"https:\/\/www.europesays.com\/fr\/wp-json\/wp\/v2\/types\/post"}],"author":[{"embeddable":true,"href":"https:\/\/www.europesays.com\/fr\/wp-json\/wp\/v2\/users\/2"}],"replies":[{"embeddable":true,"href":"https:\/\/www.europesays.com\/fr\/wp-json\/wp\/v2\/comments?post=648878"}],"version-history":[{"count":0,"href":"https:\/\/www.europesays.com\/fr\/wp-json\/wp\/v2\/posts\/648878\/revisions"}],"wp:featuredmedia":[{"embeddable":true,"href":"https:\/\/www.europesays.com\/fr\/wp-json\/wp\/v2\/media\/648879"}],"wp:attachment":[{"href":"https:\/\/www.europesays.com\/fr\/wp-json\/wp\/v2\/media?parent=648878"}],"wp:term":[{"taxonomy":"category","embeddable":true,"href":"https:\/\/www.europesays.com\/fr\/wp-json\/wp\/v2\/categories?post=648878"},{"taxonomy":"post_tag","embeddable":true,"href":"https:\/\/www.europesays.com\/fr\/wp-json\/wp\/v2\/tags?post=648878"}],"curies":[{"name":"wp","href":"https:\/\/api.w.org\/{rel}","templated":true}]}}