{"id":648880,"date":"2026-01-08T07:33:11","date_gmt":"2026-01-08T07:33:11","guid":{"rendered":"https:\/\/www.europesays.com\/fr\/648880\/"},"modified":"2026-01-08T07:33:11","modified_gmt":"2026-01-08T07:33:11","slug":"seulement-74-f-35-pour-defendre-le-royaume-uni-en-2033","status":"publish","type":"post","link":"https:\/\/www.europesays.com\/fr\/648880\/","title":{"rendered":"seulement 74 F-35 pour d\u00e9fendre le Royaume-Uni en 2033"},"content":{"rendered":"<p>Le programme d\u2019acquisition des chasseurs\u2011bombardiers F-35 au Royaume\u2011Uni est en pleine mutation pour la prochaine d\u00e9cennie. Lanc\u00e9 sous l\u2019\u00e9gide du programme <strong>Joint Strike Fighter (JSF)<\/strong>, ce plan de modernisation devrait, selon les derni\u00e8res donn\u00e9es, se traduire par l\u2019alignement de <strong>74 F-35<\/strong> d\u2019ici <strong>2033<\/strong>, rapporte le m\u00e9dia <a href=\"https:\/\/www.opex360.com\/2026\/01\/06\/le-royaume-uni-ne-devrait-aligner-que-74-chasseurs-bombardiers-f-35-en-2033\/\" rel=\"noopener noreferrer\" target=\"_blank\">Zone Militaire<\/a>. Ce chiffre, nettement inf\u00e9rieur \u00e0 l\u2019objectif initial, soul\u00e8ve des questions sur la gestion des moyens et l\u2019avenir des capacit\u00e9s a\u00e9riennes du pays.<\/p>\n<p>Un partenaire privil\u00e9gi\u00e9 des \u00c9tats\u2011Unis<\/p>\n<p>Le Royaume\u2011Uni est le seul partenaire de premier niveau des \u00c9tats\u2011Unis dans le cadre du <strong>programme JSF<\/strong>. Ce partenariat s\u2019inscrit aussi dans une ambition plus vaste, incarn\u00e9e par le <strong>Global Combat Air Programme (GCAP)<\/strong>, projet commun visant \u00e0 d\u00e9velopper un avion de combat de sixi\u00e8me g\u00e9n\u00e9ration r\u00e9unissant le Royaume\u2011Uni, l\u2019Italie et le Japon, illustrant une <a href=\"https:\/\/armees.com\/la-debacle-belge-des-f-35-flambant-neufs-mais-inutilisables\/\" rel=\"noopener noreferrer\" target=\"_blank\">coop\u00e9ration internationale<\/a>. Pour le F-35, le r\u00f4le dominant de <strong>Lockheed Martin<\/strong> comme fournisseur pose des enjeux technologiques et strat\u00e9giques importants.<\/p>\n<p>Les objectifs de d\u00e9part et en r\u00e9alit\u00e9<\/p>\n<p>Au d\u00e9part, le Royaume\u2011Uni visait <strong>138<\/strong> chasseurs\u2011bombardiers F-35 : <strong>114<\/strong> pour la <strong>Royal Air Force (RAF)<\/strong> et <strong>24<\/strong> pour la <strong>Fleet Air Arm<\/strong>. Le minist\u00e8re de la D\u00e9fense (MoD) a depuis revu ces chiffres \u00e0 la baisse et s\u2019engage maintenant \u00e0 aligner seulement <strong>74<\/strong> appareils d\u2019ici <strong>2033<\/strong>. \u00c0 ce jour, <strong>48 F-35B<\/strong> ont \u00e9t\u00e9 command\u00e9s, dont <strong>41<\/strong> ont \u00e9t\u00e9 livr\u00e9s au <strong>12 novembre<\/strong> dernier.<\/p>\n<p>Financement et ajustements<\/p>\n<p>Les contraintes financi\u00e8res ont ralenti les acquisitions. Le MoD a reconnu des difficult\u00e9s \u00e0 financer les <strong>48<\/strong> premiers exemplaires. Des n\u00e9gociations sont en cours pour l\u2019achat de <strong>26<\/strong> avions suppl\u00e9mentaires, en plus d\u2019une annonce r\u00e9cente portant sur l\u2019acquisition de <strong>12 F-35A<\/strong>. L\u2019achat de ces F-35A permettrait de r\u00e9aliser une \u00e9conomie substantielle \u2014 jusqu\u2019\u00e0 <strong>25 %<\/strong> par appareil par rapport \u00e0 l\u2019achat de F-35B.<\/p>\n<p>Au\u2011del\u00e0 du budget, la capacit\u00e9 op\u00e9rationnelle reste un sujet s\u00e9rieux, soulignant la <a href=\"https:\/\/armees.com\/la-chine-met-la-pression-a-lamerique-et-pourrait-bien-clouer-au-sol-tous-les-f-35\/\" rel=\"noopener noreferrer\" target=\"_blank\">d\u00e9pendance technologique<\/a> du Royaume\u2011Uni vis\u2011\u00e0\u2011vis du programme F-35 mondial pour l\u2019int\u00e9gration de nouvelles capacit\u00e9s.<\/p>\n<p>Logistique : probl\u00e8mes de disponibilit\u00e9<\/p>\n<p>Les rapports r\u00e9cents du comit\u00e9 des comptes publics signalent une <a href=\"https:\/\/armees.com\/scandale-militaire-la-flotte-aerienne-britannique-essuie-encore-des-echecs\/\" rel=\"noopener noreferrer\" target=\"_blank\">disponibilit\u00e9 r\u00e9duite<\/a> de la flotte, principalement \u00e0 cause d\u2019un manque de techniciens qualifi\u00e9s et de difficult\u00e9s d\u2019approvisionnement en pi\u00e8ces d\u00e9tach\u00e9es. \u00c0 cela s\u2019ajoutent des besoins en mises \u00e0 jour logicielles, notamment <strong>Tech Refresh 3<\/strong> et le <strong>Block 4<\/strong>, sur lesquels le Royaume\u2011Uni a une marge de man\u0153uvre limit\u00e9e.<\/p>\n","protected":false},"excerpt":{"rendered":"Le programme d\u2019acquisition des chasseurs\u2011bombardiers F-35 au Royaume\u2011Uni est en pleine mutation pour la prochaine d\u00e9cennie. Lanc\u00e9 sous&hellip;\n","protected":false},"author":2,"featured_media":648881,"comment_status":"","ping_status":"","sticky":false,"template":"","format":"standard","meta":{"footnotes":""},"categories":[1588],"tags":[11,1777,674,12,473,1853,1851,1850,1852],"class_list":{"0":"post-648880","1":"post","2":"type-post","3":"status-publish","4":"format-standard","5":"has-post-thumbnail","7":"category-royaume-uni","8":"tag-actualites","9":"tag-eu","10":"tag-europe","11":"tag-news","12":"tag-royaume-uni","13":"tag-royaume-uni-de-grande-bretagne-et-dirlande-du-nord","14":"tag-uk","15":"tag-united-kingdom","16":"tag-united-kingdom-of-great-britain-and-northern-ireland"},"share_on_mastodon":{"url":"https:\/\/pubeurope.com\/@fr\/115858322507376781","error":""},"_links":{"self":[{"href":"https:\/\/www.europesays.com\/fr\/wp-json\/wp\/v2\/posts\/648880","targetHints":{"allow":["GET"]}}],"collection":[{"href":"https:\/\/www.europesays.com\/fr\/wp-json\/wp\/v2\/posts"}],"about":[{"href":"https:\/\/www.europesays.com\/fr\/wp-json\/wp\/v2\/types\/post"}],"author":[{"embeddable":true,"href":"https:\/\/www.europesays.com\/fr\/wp-json\/wp\/v2\/users\/2"}],"replies":[{"embeddable":true,"href":"https:\/\/www.europesays.com\/fr\/wp-json\/wp\/v2\/comments?post=648880"}],"version-history":[{"count":0,"href":"https:\/\/www.europesays.com\/fr\/wp-json\/wp\/v2\/posts\/648880\/revisions"}],"wp:featuredmedia":[{"embeddable":true,"href":"https:\/\/www.europesays.com\/fr\/wp-json\/wp\/v2\/media\/648881"}],"wp:attachment":[{"href":"https:\/\/www.europesays.com\/fr\/wp-json\/wp\/v2\/media?parent=648880"}],"wp:term":[{"taxonomy":"category","embeddable":true,"href":"https:\/\/www.europesays.com\/fr\/wp-json\/wp\/v2\/categories?post=648880"},{"taxonomy":"post_tag","embeddable":true,"href":"https:\/\/www.europesays.com\/fr\/wp-json\/wp\/v2\/tags?post=648880"}],"curies":[{"name":"wp","href":"https:\/\/api.w.org\/{rel}","templated":true}]}}