{"id":648882,"date":"2026-01-08T07:34:24","date_gmt":"2026-01-08T07:34:24","guid":{"rendered":"https:\/\/www.europesays.com\/fr\/648882\/"},"modified":"2026-01-08T07:34:24","modified_gmt":"2026-01-08T07:34:24","slug":"exportations-record-de-50-000-tonnes-de-poivrons-doux-vers-lallemagne","status":"publish","type":"post","link":"https:\/\/www.europesays.com\/fr\/648882\/","title":{"rendered":"Exportations record de 50 000 tonnes de poivrons doux vers l&rsquo;Allemagne"},"content":{"rendered":"<p>Le Maroc a export\u00e9 plus de 50 000 tonnes de poivrons doux vers l&rsquo;Allemagne, selon les donn\u00e9es de <a href=\"https:\/\/east-fruit.com\/en\/news\/moroccan-sweet-pepper-exports-to-germany-surpass-50000-tons-for-the-first-time\/\" target=\"_blank\" rel=\"noopener\">EastFruit<\/a>. Au cours de la saison 2024\/25 (octobre-septembre), les importations allemandes de poivrons doux marocains ont atteint 52 400 tonnes, pour une valeur de pr\u00e8s de 120 millions d&rsquo;euros, ce qui repr\u00e9sente une augmentation de 20% par rapport \u00e0 la saison pr\u00e9c\u00e9dente.<\/p>\n<p>L&rsquo;Allemagne est devenue le troisi\u00e8me march\u00e9 d&rsquo;exportation du Maroc pour les poivrons doux, apr\u00e8s l&rsquo;Espagne et la France, repr\u00e9sentant 14,7% du total des exportations marocaines de ce produit. Ce jalon refl\u00e8te une augmentation constante des exp\u00e9ditions vers le march\u00e9 allemand au cours des six saisons cons\u00e9cutives pr\u00e9c\u00e9dentes, avec un taux de croissance annuel moyen de pr\u00e8s de 30%.<\/p>\n<p>Les exportations vers l&rsquo;Allemagne ont lieu tout au long de l&rsquo;ann\u00e9e, culminant entre janvier et mai, avec un volume mensuel record de 6 100 tonnes en mars 2025. Le Maroc a \u00e9galement \u00e9tabli un record saisonnier pour les exportations de mandarines vers l&rsquo;Allemagne, renfor\u00e7ant ainsi ses liens commerciaux agroalimentaires avec le march\u00e9 europ\u00e9en.<\/p>\n","protected":false},"excerpt":{"rendered":"Le Maroc a export\u00e9 plus de 50 000 tonnes de poivrons doux vers l&rsquo;Allemagne, selon les donn\u00e9es de&hellip;\n","protected":false},"author":2,"featured_media":648883,"comment_status":"","ping_status":"","sticky":false,"template":"","format":"standard","meta":{"footnotes":""},"categories":[1587],"tags":[11,672,1804,1805,1803,1777,674,1801,12,1802],"class_list":{"0":"post-648882","1":"post","2":"type-post","3":"status-publish","4":"format-standard","5":"has-post-thumbnail","7":"category-allemagne","8":"tag-actualites","9":"tag-allemagne","10":"tag-bundesrepublik-deutschland","11":"tag-de","12":"tag-deutschland","13":"tag-eu","14":"tag-europe","15":"tag-germany","16":"tag-news","17":"tag-republique-federale-dallemagne"},"share_on_mastodon":{"url":"https:\/\/pubeurope.com\/@fr\/115858326453856011","error":""},"_links":{"self":[{"href":"https:\/\/www.europesays.com\/fr\/wp-json\/wp\/v2\/posts\/648882","targetHints":{"allow":["GET"]}}],"collection":[{"href":"https:\/\/www.europesays.com\/fr\/wp-json\/wp\/v2\/posts"}],"about":[{"href":"https:\/\/www.europesays.com\/fr\/wp-json\/wp\/v2\/types\/post"}],"author":[{"embeddable":true,"href":"https:\/\/www.europesays.com\/fr\/wp-json\/wp\/v2\/users\/2"}],"replies":[{"embeddable":true,"href":"https:\/\/www.europesays.com\/fr\/wp-json\/wp\/v2\/comments?post=648882"}],"version-history":[{"count":0,"href":"https:\/\/www.europesays.com\/fr\/wp-json\/wp\/v2\/posts\/648882\/revisions"}],"wp:featuredmedia":[{"embeddable":true,"href":"https:\/\/www.europesays.com\/fr\/wp-json\/wp\/v2\/media\/648883"}],"wp:attachment":[{"href":"https:\/\/www.europesays.com\/fr\/wp-json\/wp\/v2\/media?parent=648882"}],"wp:term":[{"taxonomy":"category","embeddable":true,"href":"https:\/\/www.europesays.com\/fr\/wp-json\/wp\/v2\/categories?post=648882"},{"taxonomy":"post_tag","embeddable":true,"href":"https:\/\/www.europesays.com\/fr\/wp-json\/wp\/v2\/tags?post=648882"}],"curies":[{"name":"wp","href":"https:\/\/api.w.org\/{rel}","templated":true}]}}