{"id":648886,"date":"2026-01-08T07:36:14","date_gmt":"2026-01-08T07:36:14","guid":{"rendered":"https:\/\/www.europesays.com\/fr\/648886\/"},"modified":"2026-01-08T07:36:14","modified_gmt":"2026-01-08T07:36:14","slug":"des-mobilisations-dagriculteurs-ont-eu-lieu-ce-mercredi-en-alsace-et-en-moselle","status":"publish","type":"post","link":"https:\/\/www.europesays.com\/fr\/648886\/","title":{"rendered":"Des mobilisations d\u2019agriculteurs ont eu lieu ce mercredi en Alsace et en Moselle"},"content":{"rendered":"<p style=\"margin: 0;\">jeudi  8 janvier 2026 \u00e0 07:34<\/p>\n<p>\t<img decoding=\"async\" src=\"https:\/\/www.europesays.com\/fr\/wp-content\/uploads\/2026\/01\/16953-des-mobilisations-dagriculteurs-ont-eu-lieu-ce-mercredi-en-alsace-et-en-moselle_w1500.jpg\" class=\"blur\" alt=\"Des mobilisations d\u2019agriculteurs ont eu lieu ce mercredi en Alsace et en Moselle \"\/><br \/>\n\t<img decoding=\"async\" src=\"https:\/\/www.europesays.com\/fr\/wp-content\/uploads\/2026\/01\/16953-des-mobilisations-dagriculteurs-ont-eu-lieu-ce-mercredi-en-alsace-et-en-moselle_w1500.jpg\" class=\"main\" alt=\"Des mobilisations d\u2019agriculteurs ont eu lieu ce mercredi en Alsace et en Moselle \"\/><\/p>\n<p>A Strasbourg, une centaine d\u2019agriculteurs se sont rassembl\u00e9s \u00e0 l\u2019appel de la FDSEA et des Jeunes Agriculteurs sur la place de la R\u00e9publique.<\/p>\n<p>&#13;<\/p>\n<p>En Moselle, des feux de col\u00e8re ont \u00e9t\u00e9 allum\u00e9s sur le rond-point de Far\u00e9bersviller hier soir.<\/p>\n<p>&#13;<\/p>\n<p>Les manifestants d\u00e9noncent les accords de libre \u00e9change avec le Mercosur, le maintien du budget de la PAC ou encore la gestion par l\u2019Etat de la crise de la dermatose nodulaire.<\/p>\n<p>&#13;<\/p>\n<p>D\u2019autres mouvements devraient avoir lieu notamment ce soir \u00e0 Mittelbronn ou encore demain \u00e0 Strasbourg \u00e0 l\u2019appel de la Coordination Rurale.<\/p>\n","protected":false},"excerpt":{"rendered":"jeudi 8 janvier 2026 \u00e0 07:34 A Strasbourg, une centaine d\u2019agriculteurs se sont rassembl\u00e9s \u00e0 l\u2019appel de la&hellip;\n","protected":false},"author":2,"featured_media":648887,"comment_status":"","ping_status":"","sticky":false,"template":"","format":"standard","meta":{"footnotes":""},"categories":[1586],"tags":[11,1777,674,1779,1011,27,12,25,1778,364],"class_list":{"0":"post-648886","1":"post","2":"type-post","3":"status-publish","4":"format-standard","5":"has-post-thumbnail","7":"category-europe","8":"tag-actualites","9":"tag-eu","10":"tag-europe","11":"tag-european-union","12":"tag-fr","13":"tag-france","14":"tag-news","15":"tag-republique-francaise","16":"tag-ue","17":"tag-union-europeenne"},"share_on_mastodon":{"url":"https:\/\/pubeurope.com\/@fr\/115858334618078394","error":""},"_links":{"self":[{"href":"https:\/\/www.europesays.com\/fr\/wp-json\/wp\/v2\/posts\/648886","targetHints":{"allow":["GET"]}}],"collection":[{"href":"https:\/\/www.europesays.com\/fr\/wp-json\/wp\/v2\/posts"}],"about":[{"href":"https:\/\/www.europesays.com\/fr\/wp-json\/wp\/v2\/types\/post"}],"author":[{"embeddable":true,"href":"https:\/\/www.europesays.com\/fr\/wp-json\/wp\/v2\/users\/2"}],"replies":[{"embeddable":true,"href":"https:\/\/www.europesays.com\/fr\/wp-json\/wp\/v2\/comments?post=648886"}],"version-history":[{"count":0,"href":"https:\/\/www.europesays.com\/fr\/wp-json\/wp\/v2\/posts\/648886\/revisions"}],"wp:featuredmedia":[{"embeddable":true,"href":"https:\/\/www.europesays.com\/fr\/wp-json\/wp\/v2\/media\/648887"}],"wp:attachment":[{"href":"https:\/\/www.europesays.com\/fr\/wp-json\/wp\/v2\/media?parent=648886"}],"wp:term":[{"taxonomy":"category","embeddable":true,"href":"https:\/\/www.europesays.com\/fr\/wp-json\/wp\/v2\/categories?post=648886"},{"taxonomy":"post_tag","embeddable":true,"href":"https:\/\/www.europesays.com\/fr\/wp-json\/wp\/v2\/tags?post=648886"}],"curies":[{"name":"wp","href":"https:\/\/api.w.org\/{rel}","templated":true}]}}