{"id":648914,"date":"2026-01-08T07:58:10","date_gmt":"2026-01-08T07:58:10","guid":{"rendered":"https:\/\/www.europesays.com\/fr\/648914\/"},"modified":"2026-01-08T07:58:10","modified_gmt":"2026-01-08T07:58:10","slug":"cuisine-semi-ouverte-la-tendance-en-2026","status":"publish","type":"post","link":"https:\/\/www.europesays.com\/fr\/648914\/","title":{"rendered":"Cuisine semi-ouverte : la tendance en 2026"},"content":{"rendered":"<p>Habitu\u00e9e \u00e0 faire danser les lignes entre intimit\u00e9 et ouverture,<br \/>\nla cuisine n\u2019a jamais cess\u00e9 de se r\u00e9inventer. Apr\u00e8s l\u2019\u00e8re<br \/>\ntriomphante des cuisines ouvertes, c\u00e9l\u00e9br\u00e9es pour leur<br \/>\nconvivialit\u00e9, puis le retour en gr\u00e2ce des cuisines ferm\u00e9es,<br \/>\ngarantes de calme et de discr\u00e9tion, une nouvelle tendance s\u2019impose<br \/>\navec audace et \u00e9l\u00e9gance : la cuisine semi-ouverte. Elle redessine<br \/>\navec justesse les contours d\u2019un espace central, en qu\u00eate<br \/>\nd\u2019\u00e9quilibre entre circulation fluide et s\u00e9paration ma\u00eetris\u00e9e.<\/p>\n<p>Cuisines ouvertes et ferm\u00e9es : adieu dualit\u00e9, place \u00e0<br \/>\nl\u2019harmonie spatiale<\/p>\n<p data-start=\"771\" data-end=\"1095\">Longtemps \u00e9rig\u00e9es en mod\u00e8les<br \/>\noppos\u00e9s, <a href=\"https:\/\/www.lejournaldelamaison.fr\/le-journal-de-la-maison\/piece-par-piece\/cuisine-salle-a-manger-le-journal-de-la-maison\/cuisine\/cuisine-ouverte-integration-parfaite-sol-505023.html\" target=\"_blank\" rel=\"noopener\"><br \/>\nles cuisines ouvertes et ferm\u00e9es<\/a> semblent d\u00e9sormais rel\u00e9gu\u00e9es<br \/>\naux archives de l\u2019am\u00e9nagement. Si l\u2019une invitait aux \u00e9changes en<br \/>\ntoute transparence, elle laissait aussi s\u2019\u00e9chapper <strong>bruit,<br \/>\nodeurs et d\u00e9sordre.<\/strong> Si l\u2019autre pr\u00e9servait l\u2019intimit\u00e9, elle<br \/>\ntournait parfois le dos \u00e0 la convivialit\u00e9.<\/p>\n<p data-start=\"1097\" data-end=\"1403\">2026 marque la fin de ce<br \/>\nclivage. Port\u00e9e par un souffle nouveau, la <a href=\"https:\/\/www.lejournaldelamaison.fr\/le-journal-de-la-maison\/piece-par-piece\/cuisine-salle-a-manger-le-journal-de-la-maison\/cuisine\/cuisine-ouverte-couleur-meconnue-transformer-interieur-505846.html\" target=\"_blank\" rel=\"noopener\"><br \/>\n<strong>cuisine semi-ouverte<\/strong><\/a> vient r\u00e9concilier ces<br \/>\ndeux visions, en sculptant avec brio une pi\u00e8ce \u00e0 la fois<br \/>\nfonctionnelle, chaleureuse et structur\u00e9e. Elle ma\u00eetrise avec<br \/>\nfinesse l\u2019art de la transition, sans jamais rompre le lien entre<br \/>\nles espaces.<\/p>\n<p>Fin des cuisines ouvertes et ferm\u00e9es : l\u00a0\u00bbalternative tendance<br \/>\nen 2026<\/p>\n<p data-start=\"1453\" data-end=\"1860\">La <strong>cuisine<br \/>\nsemi-ouverte<\/strong> s\u00e9duit autant les amateurs de mix and match<br \/>\navis\u00e9 que les fervents d\u00e9fenseurs de l\u2019ergonomie. Elle joue la<br \/>\ncarte de la flexibilit\u00e9 avec <strong>des cloisons ajour\u00e9es,<br \/>\n<a href=\"https:\/\/www.lejournaldelamaison.fr\/le-journal-de-la-maison\/nouveautes\/produits\/adieu-verrieres-2025-ikea-arrive-solution-design-canon-separer-pieces-sans-travaux-502229.html\" target=\"_blank\" rel=\"noopener\"><br \/>\ndes verri\u00e8res atelier,<\/a> des murs \u00e0 mi-hauteur ou encore des<br \/>\nparois mobiles,<\/strong> qui offrent des possibilit\u00e9s infinies de<br \/>\npersonnalisation. Chaque d\u00e9tail devient pr\u00e9texte \u00e0 sublimer<br \/>\nl\u2019espace, \u00e0 lui insuffler caract\u00e8re et l\u00e9g\u00e8ret\u00e9.<\/p>\n<p data-start=\"1862\" data-end=\"2220\">Ici, les fantaisies<br \/>\nd\u00e9coratives rencontrent les exigences pratiques. <strong>L\u2019espace<br \/>\ns\u2019ouvre sans s\u2019exposer, se ferme sans s\u2019enfermer.<\/strong> Nimb\u00e9e<br \/>\nde transparence et d\u2019<a href=\"https:\/\/www.lejournaldelamaison.fr\/le-journal-de-la-maison\/petites-surfaces\/amenagement-petites-surfaces\/bibliotheque-coulissante-rail-optimisation-espace-508329.html\" target=\"_blank\" rel=\"noopener\">astuces<br \/>\nd\u2019architectes<\/a>, la cuisine semi-ouverte s\u2019impose comme une<br \/>\nr\u00e9ponse contemporaine aux d\u00e9fis des habitats d\u2019aujourd\u2019hui :<br \/>\noptimisation des m\u00e8tres carr\u00e9s, continuit\u00e9 visuelle, modularit\u00e9 des<br \/>\nusages.<\/p>\n<blockquote class=\"instagram-media\" style=\"background: #ffffff;border: 0;margin: 1px;width: 100%;padding: 0;max-width: 500px;\" data-instgrm-permalink=\"https:\/\/www.instagram.com\/p\/DCgjKfECiwM\/?img_index=1\" data-instgrm-version=\"14\"\/><p>\nCuisine semi-ouverte : comment adopter<br \/>\ncette tendance ?<\/p>\n<p>La <a href=\"https:\/\/www.lejournaldelamaison.fr\/le-journal-de-la-maison\/piece-par-piece\/cuisine-salle-a-manger-le-journal-de-la-maison\/cuisine\/tendance-cuisine-intemporelle-497802.html\" target=\"_blank\" rel=\"noopener\"><br \/>\ncuisine semi-ouverte<\/a> charme par sa capacit\u00e9 \u00e0 s\u2019int\u00e9grer \u00e0<br \/>\n<strong>n\u2019importe quel style de d\u00e9coration.<\/strong> Que vous soyez<br \/>\nadepte <strong>du minimalisme scandinave<\/strong> ou que vous<br \/>\npr\u00e9f\u00e9riez l\u2019exub\u00e9rance des int\u00e9rieurs boh\u00e8mes, cette configuration<br \/>\nse plie \u00e0 toutes les envies.<\/p>\n<p>Les <strong>mat\u00e9riaux<\/strong> utilis\u00e9s pour d\u00e9limiter les<br \/>\nespaces <strong>\u2013 <a href=\"https:\/\/www.lejournaldelamaison.fr\/le-journal-de-la-maison\/nouveautes\/tendances\/tendances-deco\/mobilier-jardin-2025-pierre-remplace-aluminium-508258.html\" target=\"_blank\" rel=\"noopener\"><br \/>\nbois<\/a>, verre, m\u00e9tal \u2013<\/strong> permettent d\u2019ajouter du caract\u00e8re<br \/>\ntout en conservant une atmosph\u00e8re l\u00e9g\u00e8re et a\u00e9r\u00e9e.<\/p>\n<p><script async src=\"\/\/www.instagram.com\/embed.js\"><\/script><\/p>\n","protected":false},"excerpt":{"rendered":"Habitu\u00e9e \u00e0 faire danser les lignes entre intimit\u00e9 et ouverture, la cuisine n\u2019a jamais cess\u00e9 de se r\u00e9inventer.&hellip;\n","protected":false},"author":2,"featured_media":648915,"comment_status":"","ping_status":"","sticky":false,"template":"","format":"standard","meta":{"footnotes":""},"categories":[7],"tags":[930,5734,2511,3477,3012,1805,154,3026,12219,4560,12009,5729,1011,27,7683,61952,4743,74,16285,18729,5912,5536,746,3583,43,40,41,39,42,44,8551,3585,29721,4568],"class_list":{"0":"post-648914","1":"post","2":"type-post","3":"status-publish","4":"format-standard","5":"has-post-thumbnail","7":"category-sciences-et-technologies","8":"tag-le","9":"tag-5734","10":"tag-cest","11":"tag-cette","12":"tag-cuisines","13":"tag-de","14":"tag-des","15":"tag-en","16":"tag-et","17":"tag-faire","18":"tag-fermees","19":"tag-fin","20":"tag-fr","21":"tag-france","22":"tag-gagner","23":"tag-jure","24":"tag-la","25":"tag-monde","26":"tag-ne","27":"tag-ouvertes","28":"tag-par","29":"tag-place","30":"tag-que","31":"tag-qui","32":"tag-science","33":"tag-science-and-technology","34":"tag-sciences","35":"tag-sciences-et-technologies","36":"tag-technologies","37":"tag-technology","38":"tag-tendance","39":"tag-tout","40":"tag-va","41":"tag-vous"},"share_on_mastodon":{"url":"https:\/\/pubeurope.com\/@fr\/115858420785697895","error":""},"_links":{"self":[{"href":"https:\/\/www.europesays.com\/fr\/wp-json\/wp\/v2\/posts\/648914","targetHints":{"allow":["GET"]}}],"collection":[{"href":"https:\/\/www.europesays.com\/fr\/wp-json\/wp\/v2\/posts"}],"about":[{"href":"https:\/\/www.europesays.com\/fr\/wp-json\/wp\/v2\/types\/post"}],"author":[{"embeddable":true,"href":"https:\/\/www.europesays.com\/fr\/wp-json\/wp\/v2\/users\/2"}],"replies":[{"embeddable":true,"href":"https:\/\/www.europesays.com\/fr\/wp-json\/wp\/v2\/comments?post=648914"}],"version-history":[{"count":0,"href":"https:\/\/www.europesays.com\/fr\/wp-json\/wp\/v2\/posts\/648914\/revisions"}],"wp:featuredmedia":[{"embeddable":true,"href":"https:\/\/www.europesays.com\/fr\/wp-json\/wp\/v2\/media\/648915"}],"wp:attachment":[{"href":"https:\/\/www.europesays.com\/fr\/wp-json\/wp\/v2\/media?parent=648914"}],"wp:term":[{"taxonomy":"category","embeddable":true,"href":"https:\/\/www.europesays.com\/fr\/wp-json\/wp\/v2\/categories?post=648914"},{"taxonomy":"post_tag","embeddable":true,"href":"https:\/\/www.europesays.com\/fr\/wp-json\/wp\/v2\/tags?post=648914"}],"curies":[{"name":"wp","href":"https:\/\/api.w.org\/{rel}","templated":true}]}}