{"id":648924,"date":"2026-01-08T08:03:56","date_gmt":"2026-01-08T08:03:56","guid":{"rendered":"https:\/\/www.europesays.com\/fr\/648924\/"},"modified":"2026-01-08T08:03:56","modified_gmt":"2026-01-08T08:03:56","slug":"region-nidec-asi-continue-de-recruter-le-parc-de-lbd-francais-dans-la-loire-lactu-en-bref","status":"publish","type":"post","link":"https:\/\/www.europesays.com\/fr\/648924\/","title":{"rendered":"R\u00e9gion. Nidec-ASI continue de recruter, le parc de LBD fran\u00e7ais dans la Loire ? : l&rsquo;actu en bref"},"content":{"rendered":"<p>  &#13;<br \/>\n      <a href=\"https:\/\/cdn-s-www.ledauphine.com\/images\/c7206cca-dac8-44c7-91f1-1d277c8294f5\/NW_raw\/les-autres-entreprises-ont-ralenti-sur-les-embauches-ce-qui-nous-permet-de-trouver-du-monde-plus-facilement-souligne-franck-girard-president-du-directoire-de-nidec-asi-photo-d-archives-charly-jurine-1767800570.jpg\" title=\"\u00ab\u00a0Les autres entreprises ont ralenti sur les embauches, ce qui nous permet de trouver du monde plus facilement\u00a0\u00bb souligne Franck Girard, pr\u00e9sident du directoire de Nidec-ASI.\u00a0 Photo d\u2019archives Charly Jurine\" class=\"chocolat-image GA-tracking\" data-ga_type=\"click\" data-ga_category=\"D\u00e9tail\" data-ga_action=\"zoomer\" data-ga_label=\"agrandir image\" target=\"_blank\" rel=\"noopener\">&#13;<br \/>\n          <img loading=\"lazy\" decoding=\"async\" src=\"https:\/\/www.europesays.com\/fr\/wp-content\/uploads\/2026\/01\/les-autres-entreprises-ont-ralenti-sur-les-embauches-ce-qui-nous-permet-de-trouver-du-monde-plus-fac.jpeg\" data-mobile=\"NW_listC_M|1767800570\" data-base=\"NW_listC|1767800570\" alt=\"\u00ab\u00a0Les autres entreprises ont ralenti sur les embauches, ce qui nous permet de trouver du monde plus facilement\u00a0\u00bb souligne Franck Girard, pr\u00e9sident du directoire de Nidec-ASI.\u00a0 Photo d\u2019archives Charly Jurine\"\/>&#13;<br \/>\n      <\/a>&#13;<\/p>\n<p>\u00ab\u00a0Les autres entreprises ont ralenti sur les embauches, ce qui nous permet de trouver du monde plus facilement\u00a0\u00bb souligne Franck Girard, pr\u00e9sident du directoire de Nidec-ASI.\u00a0 Photo d\u2019archives Charly Jurine<\/p>\n<p>&#13;<\/p>\n<p>  Loire :\u00a0Nidec-ASI continue de recruter<\/p>\n<p>L\u2019entreprise Nidec-ASI, bas\u00e9e \u00e0 Roche-la-Moli\u00e8re (Loire)\u00a0etsp\u00e9cialis\u00e9e dans le stockage de l\u2019\u00e9nergie, poursuit sa campagne de recrutement.<\/p>\n<p>\u00ab\u00a0Lors de l\u2019exercice actuel, qui va de d\u00e9but avril \u00e0 fin mars, nous avons fait la plupart des 53 embauches en CDI pr\u00e9vues pour porter nos effectifs \u00e0 335 personnes\u00a0\u00bb, explique Franck Girard, pr\u00e9sident du directoire de Nidec-ASI. \u00ab\u00a0En 2026, nous allons proc\u00e9der \u00e0 35 nouvelles embauches.\u00a0\u00bb<\/p>\n<p>\u00ab\u00a0Nous avons des projets encore plus importants avec le Canada, o\u00f9 nous sommes en concurrence avec Tesla, et le Moyen-Orient, la chasse gard\u00e9e des Chinois\u00a0\u00bb, indique\u00a0Franck Girard.<\/p>\n<p>Ing\u00e9nieurs \u00e9lectrotechniciens et automaticiens, techniciens, personnel d\u2019ateliers\u2026 \u00ab\u00a0Les autres entreprises ont ralenti sur les embauches, ce qui nous permet de trouver du monde plus facilement\u00a0\u00bb, ajoute le dirigeant.<\/p>\n<p>  Loire : Verney-Carron candidat pour renouveler le parc de LBD fran\u00e7ais<\/p>\n<p>L\u2019armurier st\u00e9phanois Verney-Carron vient de r\u00e9pondre \u00e0 un appel d\u2019offres du minist\u00e8re de l\u2019Int\u00e9rieur pour le renouvellement du parc de lanceurs de balle de d\u00e9fense (LBD) de l\u2019administration fran\u00e7aise.<\/p>\n<p>Il s&rsquo;agit d&rsquo;un march\u00e9 \u00e0 15 millions d\u2019euros qui repr\u00e9senterait une belle manne financi\u00e8re pour la PME de 55 salari\u00e9s, <a href=\"https:\/\/www.ledauphine.com\/economie\/2025\/06\/04\/fin-du-suspense-pour-verney-carron-le-ligerien-rivolier-reprend-l-entreprise\" target=\"_blank\" rel=\"noopener\">reprise en juin dernier par le groupe Rivolier<\/a>.\u00a0<\/p>\n<p>Ce qui \u00e9quivaudrait\u00a0\u00e0 trois ann\u00e9es du chiffre d\u2019affaires de 2025 de la manufacture d\u2019armes st\u00e9phanoise.<\/p>\n<p>  &#13;<br \/>\n      <a href=\"https:\/\/cdn-s-www.ledauphine.com\/images\/c05c3528-5bd8-488a-80b9-faf972d92c61\/NW_raw\/photo-le-dl-guillaume-drevet-1735203829.jpg\" title=\"Photo Le DL\/Guillaume Drevet\" class=\"chocolat-image GA-tracking\" data-ga_type=\"click\" data-ga_category=\"D\u00e9tail\" data-ga_action=\"zoomer\" data-ga_label=\"agrandir image\" target=\"_blank\" rel=\"noopener\">&#13;<br \/>\n          <img loading=\"lazy\" decoding=\"async\" src=\"https:\/\/www.europesays.com\/fr\/wp-content\/uploads\/2026\/01\/photo-le-dl-guillaume-drevet-1735203829.jpg\" data-mobile=\"NW_listC_M|1735203829\" data-base=\"NW_listC|1735203829\" alt=\"Photo Le DL\/Guillaume Drevet\"\/>&#13;<br \/>\n      <\/a>&#13;<\/p>\n<p>Photo Le DL\/Guillaume Drevet<\/p>\n<p>&#13;<\/p>\n<p>  Is\u00e8re\u00a0:\u00a0un appel \u00e0 projets pour acc\u00e9l\u00e9rer la transformation de l\u2019industrie sur le territoire<\/p>\n<p>Grenoble-Alpes M\u00e9tropole, le Gr\u00e9sivaudan, le Pays voironnais et leurs partenaires ont lanc\u00e9 un appel \u00e0 projets \u00a0\u00bbAcc\u00e9l\u00e9rer la transformation de l\u2019industrie\u00a0\u00bb qui est destin\u00e9 aux TPE et PME du territoire portant des projets d\u2019innovation \u00e0 fort impact environnemental, et int\u00e9grant une approche \u00ab\u00a0Industrie du Futur\u00a0\u00bb. <\/p>\n<p>Il permet de b\u00e9n\u00e9ficier d\u2019une subvention couvrant jusqu\u2019\u00e0 80 % de la phase de faisabilit\u00e9, avec un plafond fix\u00e9 \u00e0 10 000 \u20ac. Le d\u00e9p\u00f4t des candidatures s\u2019effectue\u00a0jusqu&rsquo;au 16 mars 2026.<\/p>\n<p>Plus d&rsquo;infos\u00a0:\u00a0<a href=\"https:\/\/www.cma-auvergnerhonealpes.fr\/actualites\/repondez-a-lappel-a-projets-territorial-grenoble-alpes-accelerer-la-transformation-de-lindustrie\" target=\"_blank\" rel=\"noopener\">https:\/\/www.cma-auvergnerhonealpes.fr\/actualites\/repondez-a-lappel-a-projets-territorial-grenoble-alpes-accelerer-la-transformation-de-lindustrie<\/a>\/\u00a0<\/p>\n<p>  Rh\u00f4ne\u00a0:\u00a0SNCF R\u00e9seau pr\u00e9voit une centaine de recrutements en 2026<\/p>\n<p class=\"chapo\">Selon les informations communiqu\u00e9es <a href=\"https:\/\/www.leprogres.fr\/economie\/2026\/01\/05\/sncf-reseau-prevoit-une-centaine-de-recrutements-dans-le-rhone-en-2026\" target=\"_blank\" rel=\"noopener\">au Progr\u00e8s<\/a> par SNCF R\u00e9seau, l\u2019entreprise publique pr\u00e9voit de renforcer ses effectifs dans le Rh\u00f4ne en 2026, avec une centaine de recrutements annonc\u00e9s.<\/p>\n<p class=\"chapo\">Deux familles de m\u00e9tiers, en tension au niveau national, sont particuli\u00e8rement cibl\u00e9es. La premi\u00e8re concerne les aiguilleurs du rail et responsables de poste d\u2019aiguillage, charg\u00e9 de g\u00e9rer la circulation et les itin\u00e9raires des trains en temps r\u00e9el. Environ quarante postes doivent \u00eatre pourvus.<\/p>\n<p>La seconde fili\u00e8re de recrutement vise les op\u00e9rateurs de maintenance de la voie ferr\u00e9e et \u00e9lectriciens basse tension, qui s\u2019occupent de l\u2019entretien des infrastructures. Plus de cinquante personnes doivent \u00eatre recrut\u00e9es en 2026. Des candidats avec ou sans exp\u00e9rience sont sollicit\u00e9s, y compris pour les postes d\u2019aiguilleur, o\u00f9 une formation interne est pr\u00e9vue avant la prise de fonction.<\/p>\n<p>Ces recrutements interviennent dans un contexte de modernisation du r\u00e9seau et de besoins croissants en maintenance ferroviaire, alors que SNCF R\u00e9seau rappelle que les m\u00e9tiers d\u2019exploitation et d\u2019infrastructure font partie des fili\u00e8res en tension au niveau national.<\/p>\n<p>  &#13;<br \/>\n      <a href=\"https:\/\/cdn-s-www.ledauphine.com\/images\/bc7ff129-2bda-4dd1-be24-89a9a8e3f86b\/NW_raw\/photo-archives-le-dl-1727119959.jpg\" title=\"Photo Archives Le DL\" class=\"chocolat-image GA-tracking\" data-ga_type=\"click\" data-ga_category=\"D\u00e9tail\" data-ga_action=\"zoomer\" data-ga_label=\"agrandir image\" target=\"_blank\" rel=\"noopener\">&#13;<br \/>\n          <img loading=\"lazy\" decoding=\"async\" src=\"https:\/\/www.europesays.com\/fr\/wp-content\/uploads\/2026\/01\/photo-archives-le-dl-1727119959.jpg\" data-mobile=\"NW_listC_M|1727119959\" data-base=\"NW_listC|1727119959\" alt=\"Photo Archives Le DL\"\/>&#13;<br \/>\n      <\/a>&#13;<\/p>\n<p>Photo Archives Le DL<\/p>\n<p>&#13;<\/p>\n<p>  Savoie : deux magasins Action ouvrent<\/p>\n<p>Action,\u00a0enseigne n\u00e9erlandaise\u00a0de discount non alimentaire, vient d&rsquo;ouvrir deux nouveaux magasins en Savoie\u00a0: \u00e0 Saint-Pierre d\u2019Albigny et Aime-la-Plagne.<\/p>\n<p>Situ\u00e9 entre Chamb\u00e9ry et Albertville, le premier, d\u2019une superficie de 1 117 m2, emploie 15 salari\u00e9s. Le second se d\u00e9ploie sur pr\u00e8s de 860 m2 \u00e0\u00a0proximit\u00e9 de la station de La Plagne pour 12 emplois salari\u00e9s.\u00a0<\/p>\n<p>Le discounter compte plus de 900 magasins en France et propose plus de deux tiers des r\u00e9f\u00e9rences affichant un prix inf\u00e9rieur \u00e0 2 euros.<\/p>\n<p>  Rh\u00f4ne : le groupe Apicil signataire de la charte pour la sant\u00e9 mentale au travail<\/p>\n<p>Le groupe Apicil, sp\u00e9cialiste de la protection sociale bas\u00e9 \u00e0 Lyon, a sign\u00e9\u00a0la Charte pour la sant\u00e9 mentale au travail.\u00a0\u00a0Le document propose quatre axes : sensibiliser, instaurer un cadre de dialogue, am\u00e9liorer les conditions de travail et accompagner les situations individuelles.<\/p>\n<p>En devenant signataire, le Groupe Apicil s\u2019est engag\u00e9 sur trois ans \u00e0 suivre et \u00e9valuer ses actions, avec transmission d\u2019indicateurs \u00e0 l\u2019Alliance pour la sant\u00e9 mentale. L\u2019objectif est d\u2019alimenter un r\u00e9seau d\u2019\u00e9changes de pratiques entre entreprises.<\/p>\n<p>  &#13;<br \/>\n      <a href=\"https:\/\/cdn-s-www.ledauphine.com\/images\/cb13f852-592d-46f8-823f-f2246623d7ce\/NW_raw\/illustration-de-semi-conducteurs-puces-electroniques-(pixabay-libre-de-droits)-1633441406.jpg\" title=\"Illustration de semi-conducteurs, puces \u00e9lectroniques (Pixabay, libre de droits).\" class=\"chocolat-image GA-tracking\" data-ga_type=\"click\" data-ga_category=\"D\u00e9tail\" data-ga_action=\"zoomer\" data-ga_label=\"agrandir image\" target=\"_blank\" rel=\"noopener\">&#13;<br \/>\n          <img loading=\"lazy\" decoding=\"async\" src=\"https:\/\/www.europesays.com\/fr\/wp-content\/uploads\/2026\/01\/illustration-de-semi-conducteurs-puces-electroniques-(pixabay-libre-de-droits)-1633441406.jpg\" data-mobile=\"NW_listC_M|1633441406\" data-base=\"NW_listC|1633441406\" alt=\"Illustration de semi-conducteurs, puces \u00e9lectroniques (Pixabay, libre de droits).\"\/>&#13;<br \/>\n      <\/a>&#13;<br \/>\n              Illustration de semi-conducteurs, puces \u00e9lectroniques (Pixabay, libre de droits).&#13;<\/p>\n<p>  Aura &#8211; France \/ Asteerics, le nouveau centre de comp\u00e9tences fran\u00e7ais en micro-\u00e9lectronique lanc\u00e9 fin janvier<\/p>\n<p>Start-up deeptech, PME industrielles, grands groupes, investisseurs, partenaires institutionnels\u00a0devraient \u00eatre int\u00e9ress\u00e9s par le\u00a0lancement d\u2019Asteerics, le nouveau centre de comp\u00e9tences fran\u00e7ais en micro-\u00e9lectronique, pilot\u00e9 par le p\u00f4le de comp\u00e9titivit\u00e9 Minalogic, bas\u00e9 dans la r\u00e9gion Auvergne Rh\u00f4ne Alpes. Le lancement officiel sera cependant un \u00e9v\u00e8nement parisien pr\u00e9vu pour le 28 janvier.\u00a0Cette initiative strat\u00e9gique pour la fili\u00e8re \u00e9lectronique fran\u00e7aise et europ\u00e9enne\u00a0est financ\u00e9e par l\u2019Union europ\u00e9enne dans le cadre de la\u00a0<a href=\"https:\/\/www.chips-ju.europa.eu\/\" target=\"_blank\" rel=\"noopener\">Chips JU<\/a>\u00a0et soutenu par l\u2019\u00c9tat dans le cadre de l\u2019AMI Comp\u00e9tences et M\u00e9tiers d\u2019Avenir du Programme\u00a0<a href=\"https:\/\/www.economie.gouv.fr\/france-2030\" target=\"_blank\" rel=\"noopener\">France 2030<\/a>.\u00a0<\/p>\n<p>  ActInSpace\u00a02026 : un hackathon international les 30 et 31 janvier<\/p>\n<p>ActInSpace\u00a02026 est un hackathon d&rsquo;envergure internationale organis\u00e9 par le centre national d&rsquo;\u00e9tudes spatial (Cnes) et l&rsquo;Agence spatiale europ\u00e9enne (Esa). Au niveau local, c&rsquo;est\u00a0le Centre Spatial Universitaire de Grenoble (CSUG)\u00a0qui organise l&rsquo;\u00e9v\u00e8nement les\u00a030 et 31 janvier.\u00a0<a href=\"https:\/\/actinspace.org\/register\" target=\"_blank\" rel=\"noopener\">Il faut s&rsquo;inscrire ici<\/a>.\u00a0Pendant\u00a024 heures, des \u00e9quipes de\u00a0deux \u00e0\u00a0cinq participants sont invit\u00e9s \u00e0 imaginer des solutions innovantes \u00e0 partir de\u00a0technologies spatiales, pour r\u00e9pondre \u00e0 des enjeux concrets (environnement, sant\u00e9, \u00e9nergie, mobilit\u00e9s, impact social, etc.).\u00a0L\u2019\u00e9quipe gagnante repr\u00e9sentera\u00a0Grenoble\u00a0lors de la\u00a0finale nationale &amp; internationale \u00e0 Bordeaux\u00a0en 2026 et pourra \u00eatre accompagn\u00e9e pour poursuivre le projet.<\/p>\n<p>  Journ\u00e9es d\u2019ind\u00e9pendance num\u00e9rique mensuelles, une initiative allemande<\/p>\n<p>En Allemagne, le collectif Chaos Computer Club (CCC) a appel\u00e9 au lancement des\u00a0Journ\u00e9es d\u2019ind\u00e9pendance num\u00e9rique mensuelles apprend-on <a href=\"https:\/\/www.numerama.com\/cyberguerre\/2151107-journee-de-lindependance-numerique-ces-hackers-europeens-veulent-sattaquer-aux-geants-de-la-tech-chaque-mois-en-2026.html\" target=\"_blank\" rel=\"noopener\">chez nos confr\u00e8res de Num\u00e9rama<\/a>. Chaque premier dimanche du mois, les participants sont guid\u00e9s concr\u00e8tement pour quitter un service d\u2019un g\u00e9ant du num\u00e9rique pour lui pr\u00e9f\u00e9rer une solution libre et europ\u00e9\u00e9enne. La premi\u00e8re \u00e9dition s&rsquo;est donc tenue ce dimanche 4 janvier 2026. Mais\u00a0l\u2019initiative ne s&rsquo;arr\u00eate pas vraiment aux fronti\u00e8res allemandes. Les entreprises\u00a0Mastodon, Ecosia ou\u00a0 Nextcloud ont annonc\u00e9 leur participation directe \u00e0 ces rendez-vous mensuels qui pourraient tr\u00e8s bien s&rsquo;exporter en France. A suivre.<\/p>\n","protected":false},"excerpt":{"rendered":"&#13; &#13; &#13; &#13; \u00ab\u00a0Les autres entreprises ont ralenti sur les embauches, ce qui nous permet de trouver&hellip;\n","protected":false},"author":2,"featured_media":648925,"comment_status":"","ping_status":"","sticky":false,"template":"","format":"standard","meta":{"footnotes":""},"categories":[9653],"tags":[1111,11,2738,4646,2430,9810,2730,33,1777,674,1011,27,2731,4638,108,12,25,4001,5508],"class_list":{"0":"post-648924","1":"post","2":"type-post","3":"status-publish","4":"format-standard","5":"has-post-thumbnail","7":"category-saint-etienne","8":"tag-actu","9":"tag-actualites","10":"tag-ain","11":"tag-ardeche","12":"tag-auvergne-rhone-alpes","13":"tag-direct-entreprises","14":"tag-drome","15":"tag-economie","16":"tag-eu","17":"tag-europe","18":"tag-fr","19":"tag-france","20":"tag-grenoble","21":"tag-haute-savoie","22":"tag-isere","23":"tag-news","24":"tag-republique-francaise","25":"tag-saint-etienne","26":"tag-savoie"},"share_on_mastodon":{"url":"https:\/\/pubeurope.com\/@fr\/115858444508178151","error":""},"_links":{"self":[{"href":"https:\/\/www.europesays.com\/fr\/wp-json\/wp\/v2\/posts\/648924","targetHints":{"allow":["GET"]}}],"collection":[{"href":"https:\/\/www.europesays.com\/fr\/wp-json\/wp\/v2\/posts"}],"about":[{"href":"https:\/\/www.europesays.com\/fr\/wp-json\/wp\/v2\/types\/post"}],"author":[{"embeddable":true,"href":"https:\/\/www.europesays.com\/fr\/wp-json\/wp\/v2\/users\/2"}],"replies":[{"embeddable":true,"href":"https:\/\/www.europesays.com\/fr\/wp-json\/wp\/v2\/comments?post=648924"}],"version-history":[{"count":0,"href":"https:\/\/www.europesays.com\/fr\/wp-json\/wp\/v2\/posts\/648924\/revisions"}],"wp:featuredmedia":[{"embeddable":true,"href":"https:\/\/www.europesays.com\/fr\/wp-json\/wp\/v2\/media\/648925"}],"wp:attachment":[{"href":"https:\/\/www.europesays.com\/fr\/wp-json\/wp\/v2\/media?parent=648924"}],"wp:term":[{"taxonomy":"category","embeddable":true,"href":"https:\/\/www.europesays.com\/fr\/wp-json\/wp\/v2\/categories?post=648924"},{"taxonomy":"post_tag","embeddable":true,"href":"https:\/\/www.europesays.com\/fr\/wp-json\/wp\/v2\/tags?post=648924"}],"curies":[{"name":"wp","href":"https:\/\/api.w.org\/{rel}","templated":true}]}}