{"id":648926,"date":"2026-01-08T08:05:12","date_gmt":"2026-01-08T08:05:12","guid":{"rendered":"https:\/\/www.europesays.com\/fr\/648926\/"},"modified":"2026-01-08T08:05:12","modified_gmt":"2026-01-08T08:05:12","slug":"saint-etienne-trois-gendarmes-dyssingeaux-supporters-de-lom-violentes-lors-dun-match-deux-stephanois-condamnes","status":"publish","type":"post","link":"https:\/\/www.europesays.com\/fr\/648926\/","title":{"rendered":"Saint-\u00c9tienne. Trois gendarmes d&rsquo;Yssingeaux, supporters de l\u2019OM, violent\u00e9s lors d\u2019un match\u00a0: deux St\u00e9phanois condamn\u00e9s"},"content":{"rendered":"<p>Jour de match \u00e0 Saint-\u00c9tienne. Devant le stade, trois Marseillais et une amie veulent immortaliser le moment apr\u00e8s une victoire de leur \u00e9quipe le 8\u00a0d\u00e9cembre 2024. Ils exhibent une \u00e9charpe le temps d\u2019une photo, ce qui n\u2019a pas \u00e9t\u00e9 du go\u00fbt des supporters locaux.<\/p>\n<p>Ces \u00ab\u00a0adversaires\u00a0\u00bb ont \u00e9t\u00e9 violemment pris \u00e0 partie par de nombreux St\u00e9phanois. Un an plus tard, deux d\u2019entre eux comparaissent pour violence sur des gendarmes, <a href=\"https:\/\/www.leprogres.fr\/faits-divers-justice\/2025\/02\/12\/pris-a-partie-un-gendarme-de-haute-loire-supporter-de-l-om-a-tire-en-l-air-a-geoffroy-guichard\" target=\"_blank\" rel=\"noopener\">les trois Marseillais \u00e9tant militaires \u00e0 Yssingeaux<\/a>. \u00ab\u00a0J\u2019ai invectiv\u00e9 et menac\u00e9 des supporters marseillais, mais je ne savais pas que c\u2019\u00e9taient des gendarmes. Je ne leur ai pas port\u00e9 de coup\u00a0\u00bb, assume Hugo (*) \u00e0 la barre.<\/p>\n<p>Menaces et coups<\/p>\n<p>Ce mardi 6\u00a0janvier, le tribunal correctionnel de Saint-\u00c9tienne a pr\u00e9f\u00e9r\u00e9 requalifier les&#8230;<\/p>\n","protected":false},"excerpt":{"rendered":"Jour de match \u00e0 Saint-\u00c9tienne. Devant le stade, trois Marseillais et une amie veulent immortaliser le moment apr\u00e8s&hellip;\n","protected":false},"author":2,"featured_media":648927,"comment_status":"","ping_status":"","sticky":false,"template":"","format":"standard","meta":{"footnotes":""},"categories":[9653],"tags":[1111,11,2430,271,272,7539,1777,674,274,107,63,1011,27,4002,3367,12,25,4001,7538],"class_list":{"0":"post-648926","1":"post","2":"type-post","3":"status-publish","4":"format-standard","5":"has-post-thumbnail","7":"category-saint-etienne","8":"tag-actu","9":"tag-actualites","10":"tag-auvergne-rhone-alpes","11":"tag-crime","12":"tag-delit-et-contravention","13":"tag-edition-loire-sud","14":"tag-eu","15":"tag-europe","16":"tag-faits-divers-justice","17":"tag-fil-info","18":"tag-football","19":"tag-fr","20":"tag-france","21":"tag-haute-loire","22":"tag-loire","23":"tag-news","24":"tag-republique-francaise","25":"tag-saint-etienne","26":"tag-saint-etienne-ville"},"share_on_mastodon":{"url":"https:\/\/pubeurope.com\/@fr\/115858448498772683","error":""},"_links":{"self":[{"href":"https:\/\/www.europesays.com\/fr\/wp-json\/wp\/v2\/posts\/648926","targetHints":{"allow":["GET"]}}],"collection":[{"href":"https:\/\/www.europesays.com\/fr\/wp-json\/wp\/v2\/posts"}],"about":[{"href":"https:\/\/www.europesays.com\/fr\/wp-json\/wp\/v2\/types\/post"}],"author":[{"embeddable":true,"href":"https:\/\/www.europesays.com\/fr\/wp-json\/wp\/v2\/users\/2"}],"replies":[{"embeddable":true,"href":"https:\/\/www.europesays.com\/fr\/wp-json\/wp\/v2\/comments?post=648926"}],"version-history":[{"count":0,"href":"https:\/\/www.europesays.com\/fr\/wp-json\/wp\/v2\/posts\/648926\/revisions"}],"wp:featuredmedia":[{"embeddable":true,"href":"https:\/\/www.europesays.com\/fr\/wp-json\/wp\/v2\/media\/648927"}],"wp:attachment":[{"href":"https:\/\/www.europesays.com\/fr\/wp-json\/wp\/v2\/media?parent=648926"}],"wp:term":[{"taxonomy":"category","embeddable":true,"href":"https:\/\/www.europesays.com\/fr\/wp-json\/wp\/v2\/categories?post=648926"},{"taxonomy":"post_tag","embeddable":true,"href":"https:\/\/www.europesays.com\/fr\/wp-json\/wp\/v2\/tags?post=648926"}],"curies":[{"name":"wp","href":"https:\/\/api.w.org\/{rel}","templated":true}]}}