{"id":648961,"date":"2026-01-08T08:30:08","date_gmt":"2026-01-08T08:30:08","guid":{"rendered":"https:\/\/www.europesays.com\/fr\/648961\/"},"modified":"2026-01-08T08:30:08","modified_gmt":"2026-01-08T08:30:08","slug":"le-square-du-manege-fait-peau-neuve-actualites","status":"publish","type":"post","link":"https:\/\/www.europesays.com\/fr\/648961\/","title":{"rendered":"Le square du Man\u00e8ge fait peau neuve \/ Actualit\u00e9s"},"content":{"rendered":"<p>Rendez-vous au printemps 2026 pour d\u00e9couvrir un square compl\u00e8tement r\u00e9am\u00e9nag\u00e9 avec de nouveaux jeux, des plantations et un cheminement refait.<\/p>\n<p>            <img loading=\"lazy\" decoding=\"async\" src=\"\/var\/www\/storage\/images\/mediatheque\/mairie-de-lille\/actualites\/images\/2026\/janvier-2026\/square-du-manege\/3917634-1-fre-FR\/Square-du-Manege_news_image_top.jpg\" width=\"779\" height=\"519\" alt=\"\"\/><br \/>\n    \tLe square du Man\u00e8ge se refait une beaut\u00e9 (photo novembre 2025)<\/p>\n<p>Seuls ses arbres seront conserv\u00e9s. C\u2019est une v\u00e9ritable m\u00e9tamorphose qui se pr\u00e9pare pour le square du Man\u00e8ge. Situ\u00e9 \u00e0 l\u2019angle des rues Jacquet et du Ch\u00e2teau, l\u2019espace \u00e9tait ferm\u00e9 depuis plusieurs mois pour des raisons de s\u00e9curit\u00e9. \u00ab\u00a0 L\u2019aire de jeux s\u2019\u00e9tait affaiss\u00e9e, commente Nicolas Raoult, chef de projet Nature en ville. En \u00e9tudiant le sol, nous nous sommes rendu compte qu\u2019il y avait des caves d\u2019anciens immeubles mal remblay\u00e9es lors de leur d\u00e9molition.\u00a0\u00bb<\/p>\n<p>La Ville a alors d\u00e9cid\u00e9 d\u2019engager la r\u00e9novation totale du square de proximit\u00e9 en consultant les enfants des \u00e9coles voisines sur leurs attentes. Ils ont souhait\u00e9 un endroit pour \u00ab\u00a0se balancer, grimper, se cacher, glisser, courir\u00a0\u00bb.<\/p>\n<p>Le chantier a commenc\u00e9 par l\u2019\u00e9vacuation de 200 tonnes de d\u00e9bris, remplac\u00e9s par de la caillasse destin\u00e9e \u00e0 stabiliser le sous-sol. La prochaine \u00e9tape est celle des plantations cet hiver 2025\/2026 de 150 m2 de massifs. <strong>Les jeux seront install\u00e9s au printemps 2026<\/strong> avec trois zones distinctes\u00a0: une zone toboggan, une autre avec une structure de grimpe et une zone de prairie bois\u00e9e. On trouvera dans cette derni\u00e8re des souches et des rochers \u00e0 escalader, des massifs autour desquels tourner et se cacher.<\/p>\n<p>Enfin, les cheminements vont \u00eatre refaits au printemps 2026. Le sol actuel en stabilis\u00e9 c\u00e9dera la place \u00e0 un sol en b\u00e9ton d\u00e9sactiv\u00e9 : plus dur, il permet l\u2019acc\u00e8s PMR. <strong>L&rsquo;ensemble du square a <\/strong>d&rsquo;ailleurs<strong>\u00a0\u00e9t\u00e9 pens\u00e9 pour l&rsquo;accessibilit\u00e9<\/strong>, notamment avec des jeux inclusifs adapt\u00e9s \u00e0 tous les enfants, y compris porteurs d&rsquo;un handicap.<\/p>\n<p>Si la m\u00e9t\u00e9o ne retarde pas le chantier, la r\u00e9ouverture aura lieu au printemps 2026.<\/p>\n","protected":false},"excerpt":{"rendered":"Rendez-vous au printemps 2026 pour d\u00e9couvrir un square compl\u00e8tement r\u00e9am\u00e9nag\u00e9 avec de nouveaux jeux, des plantations et un&hellip;\n","protected":false},"author":2,"featured_media":648962,"comment_status":"","ping_status":"","sticky":false,"template":"","format":"standard","meta":{"footnotes":""},"categories":[2815],"tags":[1111,11,4763,1777,674,1011,27,811,1307,5415,12,25],"class_list":{"0":"post-648961","1":"post","2":"type-post","3":"status-publish","4":"format-standard","5":"has-post-thumbnail","7":"category-lille","8":"tag-actu","9":"tag-actualites","10":"tag-agenda","11":"tag-eu","12":"tag-europe","13":"tag-fr","14":"tag-france","15":"tag-hauts-de-france","16":"tag-lille","17":"tag-mairie","18":"tag-news","19":"tag-republique-francaise"},"share_on_mastodon":{"url":"https:\/\/pubeurope.com\/@fr\/115858546661491293","error":""},"_links":{"self":[{"href":"https:\/\/www.europesays.com\/fr\/wp-json\/wp\/v2\/posts\/648961","targetHints":{"allow":["GET"]}}],"collection":[{"href":"https:\/\/www.europesays.com\/fr\/wp-json\/wp\/v2\/posts"}],"about":[{"href":"https:\/\/www.europesays.com\/fr\/wp-json\/wp\/v2\/types\/post"}],"author":[{"embeddable":true,"href":"https:\/\/www.europesays.com\/fr\/wp-json\/wp\/v2\/users\/2"}],"replies":[{"embeddable":true,"href":"https:\/\/www.europesays.com\/fr\/wp-json\/wp\/v2\/comments?post=648961"}],"version-history":[{"count":0,"href":"https:\/\/www.europesays.com\/fr\/wp-json\/wp\/v2\/posts\/648961\/revisions"}],"wp:featuredmedia":[{"embeddable":true,"href":"https:\/\/www.europesays.com\/fr\/wp-json\/wp\/v2\/media\/648962"}],"wp:attachment":[{"href":"https:\/\/www.europesays.com\/fr\/wp-json\/wp\/v2\/media?parent=648961"}],"wp:term":[{"taxonomy":"category","embeddable":true,"href":"https:\/\/www.europesays.com\/fr\/wp-json\/wp\/v2\/categories?post=648961"},{"taxonomy":"post_tag","embeddable":true,"href":"https:\/\/www.europesays.com\/fr\/wp-json\/wp\/v2\/tags?post=648961"}],"curies":[{"name":"wp","href":"https:\/\/api.w.org\/{rel}","templated":true}]}}